{"id":1217,"date":"2004-09-23T15:27:28","date_gmt":"2004-09-23T15:27:28","guid":{"rendered":"https:\/\/orientaeduc.com\/archivo\/2004\/09\/23\/respuesta-en-red-ante-el-maltrato-infantil\/"},"modified":"2020-04-07T18:34:56","modified_gmt":"2020-04-07T18:34:56","slug":"respuesta-en-red-ante-el-maltrato-infantil","status":"publish","type":"post","link":"https:\/\/orientaeduc.com\/archivo\/blog\/respuesta-en-red-ante-el-maltrato-infantil","title":{"rendered":"Respuesta en Red ante el maltrato infantil"},"content":{"rendered":"<p><img loading=\"lazy\" decoding=\"async\" src=\"https:\/\/orientaeduc.com\/archivo\/wp-content\/uploads\/sites\/2\/2004\/09\/Respuestaenred.gif\" alt=\"Respuesta en red\" width=\"167\" height=\"69\" hspace=\"6\" border=\"0\" align=\"left\"> Emilio Prieto Jim\u00e9nez, miembro del Equipo de Orientaci\u00f3n Educativa y Psicopedag\u00f3gica (E.O.E.P.) de Alcal\u00e1 de Henares, ha creado esta web en la que se exponen las conclusiones sobre su proyecto de investigaci\u00f3n acerca del ABUSO SEXUAL Y OTRAS FORMAS DE MALTRATO INFANTIL <br \/>  <a href=\"http:\/\/fresno.cnice.mecd.es\/respuestaenred\" target=\"_blank\" rel=\"noopener noreferrer\">http:\/\/fresno.cnice.mecd.es\/respuestaenred<\/a>   <!--more--> En el curso 2002-2003, desde el marco de las licencias por estudios de la Consejer\u00eda de Educaci\u00f3n de la Comunidad de Madrid, Emilio Prieto desarroll\u00f3 el Proyecto de investigaci\u00f3n \u00abRespuesta en red\u00bb con el asesoramiento de Jos\u00e9 Manuel Alonso Varea y Pepa Horno Goicoechea. <\/p>\n<p> El Proyecto pretende, entre otras cosas,  conocer los procedimientos de intervenci\u00f3n de los profesionales de los sectores: educativo, sanitario, servicios sociales, justicia y de cuerpos de seguridad en Alcal\u00e1 de Henares, ante situaciones de abuso sexual y otras formas de maltrato infantil, as\u00ed como la promoci\u00f3n de Programas preventivos comunitarios. <\/p>\n<p> M\u00e1s de 500 profesionales de dichos sectores en Alcal\u00e1 de Henares han colaborando en el Proyecto. Actualmente se han cerrado los resultados del estudio en el \u00e1mbito educativo a trav\u00e9s de la participaci\u00f3n de 420 profesores\/as de Escuelas  Infantiles, Colegios P\u00fablicos, Centros Concertados, Institutos de E. Secundaria y Centro de E. Especial de Alcal\u00e1 de Henares. <\/p>\n<p> En la p\u00e1gina web del Proyecto se incluye, entre otros, el cierre de resultados del \u00e1mbito educativo (conclusiones, propuestas,&#8230;.), (Formato PDF y zip).  <br \/>  As\u00ed mismo, a trav\u00e9s de algunos enlaces de dicha web: (\u00abJos\u00e9 Manuel Alonso Varea\u00bb y <a href=\"http:\/\/www.savethechildren.es\/\" target=\"_blank\" rel=\"noopener noreferrer\">\u00abSave the children\u00bb<\/a>  ) puede accederse gratuitamente a materiales de actuaci\u00f3n en el marco escolar como el Programa \u00abEh no te despistes\u00bb y a una gu\u00eda- manual de formaci\u00f3n para profesionales. <\/p>\n<p> Tambi\u00e9n se pueden hacer llegar opiniones, consideraciones, as\u00ed como cualquier propuesta, sugerencia  o colaboraci\u00f3n respecto del Proyecto. <\/p>\n","protected":false},"excerpt":{"rendered":"<p>Emilio Prieto Jim\u00e9nez, miembro del Equipo de Orientaci\u00f3n Educativa y Psicopedag\u00f3gica (E.O.E.P.) de Alcal\u00e1 de Henares, ha creado esta web en la que se exponen las conclusiones sobre su proyecto de investigaci\u00f3n acerca del ABUSO SEXUAL Y OTRAS FORMAS DE MALTRATO INFANTIL http:\/\/fresno.cnice.mecd.es\/respuestaenred<\/p>\n","protected":false},"author":4,"featured_media":1216,"comment_status":"open","ping_status":"open","sticky":false,"template":"","format":"standard","meta":{"_et_pb_use_builder":"","_et_pb_old_content":"","_et_gb_content_width":"","footnotes":""},"categories":[1],"tags":[],"class_list":["post-1217","post","type-post","status-publish","format-standard","has-post-thumbnail","hentry","category-blog","et-has-post-format-content","et_post_format-et-post-format-standard"],"yoast_head":"<!-- This site is optimized with the Yoast SEO plugin v27.4 - https:\/\/yoast.com\/product\/yoast-seo-wordpress\/ -->\n<title>Respuesta en Red ante el maltrato infantil - Orientaeduc<\/title>\n<meta name=\"robots\" content=\"index, follow, max-snippet:-1, max-image-preview:large, max-video-preview:-1\" \/>\n<link rel=\"canonical\" href=\"https:\/\/orientaeduc.com\/archivo\/blog\/respuesta-en-red-ante-el-maltrato-infantil\" \/>\n<meta property=\"og:locale\" content=\"es_ES\" \/>\n<meta property=\"og:type\" content=\"article\" \/>\n<meta property=\"og:title\" content=\"Respuesta en Red ante el maltrato infantil - Orientaeduc\" \/>\n<meta property=\"og:description\" content=\"Emilio Prieto Jim\u00e9nez, miembro del Equipo de Orientaci\u00f3n Educativa y Psicopedag\u00f3gica (E.O.E.P.) de Alcal\u00e1 de Henares, ha creado esta web en la que se exponen las conclusiones sobre su proyecto de investigaci\u00f3n acerca del ABUSO SEXUAL Y OTRAS FORMAS DE MALTRATO INFANTIL http:\/\/fresno.cnice.mecd.es\/respuestaenred\" \/>\n<meta property=\"og:url\" content=\"https:\/\/orientaeduc.com\/archivo\/blog\/respuesta-en-red-ante-el-maltrato-infantil\" \/>\n<meta property=\"og:site_name\" content=\"Orientaeduc\" \/>\n<meta property=\"article:author\" content=\"https:\/\/www.facebook.com\/lbarriocanal\" \/>\n<meta property=\"article:published_time\" content=\"2004-09-23T15:27:28+00:00\" \/>\n<meta property=\"article:modified_time\" content=\"2020-04-07T18:34:56+00:00\" \/>\n<meta property=\"og:image\" content=\"https:\/\/storage.googleapis.com\/orientaeduc\/2004\/09\/Respuestaenred.gif\" \/>\n\t<meta property=\"og:image:width\" content=\"1\" \/>\n\t<meta property=\"og:image:height\" content=\"1\" \/>\n\t<meta property=\"og:image:type\" content=\"image\/gif\" \/>\n<meta name=\"author\" content=\"lbarriocanal\" \/>\n<meta name=\"twitter:card\" content=\"summary_large_image\" \/>\n<meta name=\"twitter:label1\" content=\"Escrito por\" \/>\n\t<meta name=\"twitter:data1\" content=\"lbarriocanal\" \/>\n\t<meta name=\"twitter:label2\" content=\"Tiempo de lectura\" \/>\n\t<meta name=\"twitter:data2\" content=\"2 minutos\" \/>\n<script type=\"application\/ld+json\" class=\"yoast-schema-graph\">{\"@context\":\"https:\\\/\\\/schema.org\",\"@graph\":[{\"@type\":\"Article\",\"@id\":\"https:\\\/\\\/orientaeduc.com\\\/archivo\\\/blog\\\/respuesta-en-red-ante-el-maltrato-infantil#article\",\"isPartOf\":{\"@id\":\"https:\\\/\\\/orientaeduc.com\\\/archivo\\\/blog\\\/respuesta-en-red-ante-el-maltrato-infantil\"},\"author\":{\"name\":\"lbarriocanal\",\"@id\":\"https:\\\/\\\/orientaeduc.com\\\/archivo\\\/#\\\/schema\\\/person\\\/ca93077e3b8d4a14ff357012e2e9a41d\"},\"headline\":\"Respuesta en Red ante el maltrato infantil\",\"datePublished\":\"2004-09-23T15:27:28+00:00\",\"dateModified\":\"2020-04-07T18:34:56+00:00\",\"mainEntityOfPage\":{\"@id\":\"https:\\\/\\\/orientaeduc.com\\\/archivo\\\/blog\\\/respuesta-en-red-ante-el-maltrato-infantil\"},\"wordCount\":312,\"commentCount\":0,\"publisher\":{\"@id\":\"https:\\\/\\\/orientaeduc.com\\\/archivo\\\/#organization\"},\"image\":{\"@id\":\"https:\\\/\\\/orientaeduc.com\\\/archivo\\\/blog\\\/respuesta-en-red-ante-el-maltrato-infantil#primaryimage\"},\"thumbnailUrl\":\"https:\\\/\\\/storage.googleapis.com\\\/orientaeduc\\\/2004\\\/09\\\/Respuestaenred.gif\",\"articleSection\":[\"Blog\"],\"inLanguage\":\"es\",\"potentialAction\":[{\"@type\":\"CommentAction\",\"name\":\"Comment\",\"target\":[\"https:\\\/\\\/orientaeduc.com\\\/archivo\\\/blog\\\/respuesta-en-red-ante-el-maltrato-infantil#respond\"]}]},{\"@type\":\"WebPage\",\"@id\":\"https:\\\/\\\/orientaeduc.com\\\/archivo\\\/blog\\\/respuesta-en-red-ante-el-maltrato-infantil\",\"url\":\"https:\\\/\\\/orientaeduc.com\\\/archivo\\\/blog\\\/respuesta-en-red-ante-el-maltrato-infantil\",\"name\":\"Respuesta en Red ante el maltrato infantil - Orientaeduc\",\"isPartOf\":{\"@id\":\"https:\\\/\\\/orientaeduc.com\\\/archivo\\\/#website\"},\"primaryImageOfPage\":{\"@id\":\"https:\\\/\\\/orientaeduc.com\\\/archivo\\\/blog\\\/respuesta-en-red-ante-el-maltrato-infantil#primaryimage\"},\"image\":{\"@id\":\"https:\\\/\\\/orientaeduc.com\\\/archivo\\\/blog\\\/respuesta-en-red-ante-el-maltrato-infantil#primaryimage\"},\"thumbnailUrl\":\"https:\\\/\\\/storage.googleapis.com\\\/orientaeduc\\\/2004\\\/09\\\/Respuestaenred.gif\",\"datePublished\":\"2004-09-23T15:27:28+00:00\",\"dateModified\":\"2020-04-07T18:34:56+00:00\",\"breadcrumb\":{\"@id\":\"https:\\\/\\\/orientaeduc.com\\\/archivo\\\/blog\\\/respuesta-en-red-ante-el-maltrato-infantil#breadcrumb\"},\"inLanguage\":\"es\",\"potentialAction\":[{\"@type\":\"ReadAction\",\"target\":[\"https:\\\/\\\/orientaeduc.com\\\/archivo\\\/blog\\\/respuesta-en-red-ante-el-maltrato-infantil\"]}]},{\"@type\":\"ImageObject\",\"inLanguage\":\"es\",\"@id\":\"https:\\\/\\\/orientaeduc.com\\\/archivo\\\/blog\\\/respuesta-en-red-ante-el-maltrato-infantil#primaryimage\",\"url\":\"https:\\\/\\\/storage.googleapis.com\\\/orientaeduc\\\/2004\\\/09\\\/Respuestaenred.gif\",\"contentUrl\":\"https:\\\/\\\/storage.googleapis.com\\\/orientaeduc\\\/2004\\\/09\\\/Respuestaenred.gif\",\"caption\":\"Respuesta en red\"},{\"@type\":\"BreadcrumbList\",\"@id\":\"https:\\\/\\\/orientaeduc.com\\\/archivo\\\/blog\\\/respuesta-en-red-ante-el-maltrato-infantil#breadcrumb\",\"itemListElement\":[{\"@type\":\"ListItem\",\"position\":1,\"name\":\"Portada\",\"item\":\"https:\\\/\\\/orientaeduc.com\\\/archivo\"},{\"@type\":\"ListItem\",\"position\":2,\"name\":\"Respuesta en Red ante el maltrato infantil\"}]},{\"@type\":\"WebSite\",\"@id\":\"https:\\\/\\\/orientaeduc.com\\\/archivo\\\/#website\",\"url\":\"https:\\\/\\\/orientaeduc.com\\\/archivo\\\/\",\"name\":\"Orientaeduc\",\"description\":\"Recursos para la Orientaci\u00f3n Educativa\",\"publisher\":{\"@id\":\"https:\\\/\\\/orientaeduc.com\\\/archivo\\\/#organization\"},\"potentialAction\":[{\"@type\":\"SearchAction\",\"target\":{\"@type\":\"EntryPoint\",\"urlTemplate\":\"https:\\\/\\\/orientaeduc.com\\\/archivo\\\/?s={search_term_string}\"},\"query-input\":{\"@type\":\"PropertyValueSpecification\",\"valueRequired\":true,\"valueName\":\"search_term_string\"}}],\"inLanguage\":\"es\"},{\"@type\":\"Organization\",\"@id\":\"https:\\\/\\\/orientaeduc.com\\\/archivo\\\/#organization\",\"name\":\"Orientaeduc.com\",\"url\":\"https:\\\/\\\/orientaeduc.com\\\/archivo\\\/\",\"logo\":{\"@type\":\"ImageObject\",\"inLanguage\":\"es\",\"@id\":\"https:\\\/\\\/orientaeduc.com\\\/archivo\\\/#\\\/schema\\\/logo\\\/image\\\/\",\"url\":\"https:\\\/\\\/orientaeduc.com\\\/archivo\\\/wp-content\\\/uploads\\\/sites\\\/2\\\/2020\\\/04\\\/orientaeduc_logo.png\",\"contentUrl\":\"https:\\\/\\\/orientaeduc.com\\\/archivo\\\/wp-content\\\/uploads\\\/sites\\\/2\\\/2020\\\/04\\\/orientaeduc_logo.png\",\"width\":293,\"height\":76,\"caption\":\"Orientaeduc.com\"},\"image\":{\"@id\":\"https:\\\/\\\/orientaeduc.com\\\/archivo\\\/#\\\/schema\\\/logo\\\/image\\\/\"}},{\"@type\":\"Person\",\"@id\":\"https:\\\/\\\/orientaeduc.com\\\/archivo\\\/#\\\/schema\\\/person\\\/ca93077e3b8d4a14ff357012e2e9a41d\",\"name\":\"lbarriocanal\",\"image\":{\"@type\":\"ImageObject\",\"inLanguage\":\"es\",\"@id\":\"https:\\\/\\\/secure.gravatar.com\\\/avatar\\\/1f6884c182c7dd4f0f5329225cdf4f117f103647fc99811ff87bd059d99aae38?s=96&d=mm&r=g\",\"url\":\"https:\\\/\\\/secure.gravatar.com\\\/avatar\\\/1f6884c182c7dd4f0f5329225cdf4f117f103647fc99811ff87bd059d99aae38?s=96&d=mm&r=g\",\"contentUrl\":\"https:\\\/\\\/secure.gravatar.com\\\/avatar\\\/1f6884c182c7dd4f0f5329225cdf4f117f103647fc99811ff87bd059d99aae38?s=96&d=mm&r=g\",\"caption\":\"lbarriocanal\"},\"sameAs\":[\"https:\\\/\\\/www.facebook.com\\\/lbarriocanal\",\"https:\\\/\\\/www.youtube.com\\\/user\\\/lbarriocanal\\\/\"]}]}<\/script>\n<!-- \/ Yoast SEO plugin. -->","yoast_head_json":{"title":"Respuesta en Red ante el maltrato infantil - Orientaeduc","robots":{"index":"index","follow":"follow","max-snippet":"max-snippet:-1","max-image-preview":"max-image-preview:large","max-video-preview":"max-video-preview:-1"},"canonical":"https:\/\/orientaeduc.com\/archivo\/blog\/respuesta-en-red-ante-el-maltrato-infantil","og_locale":"es_ES","og_type":"article","og_title":"Respuesta en Red ante el maltrato infantil - Orientaeduc","og_description":"Emilio Prieto Jim\u00e9nez, miembro del Equipo de Orientaci\u00f3n Educativa y Psicopedag\u00f3gica (E.O.E.P.) de Alcal\u00e1 de Henares, ha creado esta web en la que se exponen las conclusiones sobre su proyecto de investigaci\u00f3n acerca del ABUSO SEXUAL Y OTRAS FORMAS DE MALTRATO INFANTIL http:\/\/fresno.cnice.mecd.es\/respuestaenred","og_url":"https:\/\/orientaeduc.com\/archivo\/blog\/respuesta-en-red-ante-el-maltrato-infantil","og_site_name":"Orientaeduc","article_author":"https:\/\/www.facebook.com\/lbarriocanal","article_published_time":"2004-09-23T15:27:28+00:00","article_modified_time":"2020-04-07T18:34:56+00:00","og_image":[{"url":"https:\/\/storage.googleapis.com\/orientaeduc\/2004\/09\/Respuestaenred.gif","width":1,"height":1,"type":"image\/gif"}],"author":"lbarriocanal","twitter_card":"summary_large_image","twitter_misc":{"Escrito por":"lbarriocanal","Tiempo de lectura":"2 minutos"},"schema":{"@context":"https:\/\/schema.org","@graph":[{"@type":"Article","@id":"https:\/\/orientaeduc.com\/archivo\/blog\/respuesta-en-red-ante-el-maltrato-infantil#article","isPartOf":{"@id":"https:\/\/orientaeduc.com\/archivo\/blog\/respuesta-en-red-ante-el-maltrato-infantil"},"author":{"name":"lbarriocanal","@id":"https:\/\/orientaeduc.com\/archivo\/#\/schema\/person\/ca93077e3b8d4a14ff357012e2e9a41d"},"headline":"Respuesta en Red ante el maltrato infantil","datePublished":"2004-09-23T15:27:28+00:00","dateModified":"2020-04-07T18:34:56+00:00","mainEntityOfPage":{"@id":"https:\/\/orientaeduc.com\/archivo\/blog\/respuesta-en-red-ante-el-maltrato-infantil"},"wordCount":312,"commentCount":0,"publisher":{"@id":"https:\/\/orientaeduc.com\/archivo\/#organization"},"image":{"@id":"https:\/\/orientaeduc.com\/archivo\/blog\/respuesta-en-red-ante-el-maltrato-infantil#primaryimage"},"thumbnailUrl":"https:\/\/storage.googleapis.com\/orientaeduc\/2004\/09\/Respuestaenred.gif","articleSection":["Blog"],"inLanguage":"es","potentialAction":[{"@type":"CommentAction","name":"Comment","target":["https:\/\/orientaeduc.com\/archivo\/blog\/respuesta-en-red-ante-el-maltrato-infantil#respond"]}]},{"@type":"WebPage","@id":"https:\/\/orientaeduc.com\/archivo\/blog\/respuesta-en-red-ante-el-maltrato-infantil","url":"https:\/\/orientaeduc.com\/archivo\/blog\/respuesta-en-red-ante-el-maltrato-infantil","name":"Respuesta en Red ante el maltrato infantil - Orientaeduc","isPartOf":{"@id":"https:\/\/orientaeduc.com\/archivo\/#website"},"primaryImageOfPage":{"@id":"https:\/\/orientaeduc.com\/archivo\/blog\/respuesta-en-red-ante-el-maltrato-infantil#primaryimage"},"image":{"@id":"https:\/\/orientaeduc.com\/archivo\/blog\/respuesta-en-red-ante-el-maltrato-infantil#primaryimage"},"thumbnailUrl":"https:\/\/storage.googleapis.com\/orientaeduc\/2004\/09\/Respuestaenred.gif","datePublished":"2004-09-23T15:27:28+00:00","dateModified":"2020-04-07T18:34:56+00:00","breadcrumb":{"@id":"https:\/\/orientaeduc.com\/archivo\/blog\/respuesta-en-red-ante-el-maltrato-infantil#breadcrumb"},"inLanguage":"es","potentialAction":[{"@type":"ReadAction","target":["https:\/\/orientaeduc.com\/archivo\/blog\/respuesta-en-red-ante-el-maltrato-infantil"]}]},{"@type":"ImageObject","inLanguage":"es","@id":"https:\/\/orientaeduc.com\/archivo\/blog\/respuesta-en-red-ante-el-maltrato-infantil#primaryimage","url":"https:\/\/storage.googleapis.com\/orientaeduc\/2004\/09\/Respuestaenred.gif","contentUrl":"https:\/\/storage.googleapis.com\/orientaeduc\/2004\/09\/Respuestaenred.gif","caption":"Respuesta en red"},{"@type":"BreadcrumbList","@id":"https:\/\/orientaeduc.com\/archivo\/blog\/respuesta-en-red-ante-el-maltrato-infantil#breadcrumb","itemListElement":[{"@type":"ListItem","position":1,"name":"Portada","item":"https:\/\/orientaeduc.com\/archivo"},{"@type":"ListItem","position":2,"name":"Respuesta en Red ante el maltrato infantil"}]},{"@type":"WebSite","@id":"https:\/\/orientaeduc.com\/archivo\/#website","url":"https:\/\/orientaeduc.com\/archivo\/","name":"Orientaeduc","description":"Recursos para la Orientaci\u00f3n Educativa","publisher":{"@id":"https:\/\/orientaeduc.com\/archivo\/#organization"},"potentialAction":[{"@type":"SearchAction","target":{"@type":"EntryPoint","urlTemplate":"https:\/\/orientaeduc.com\/archivo\/?s={search_term_string}"},"query-input":{"@type":"PropertyValueSpecification","valueRequired":true,"valueName":"search_term_string"}}],"inLanguage":"es"},{"@type":"Organization","@id":"https:\/\/orientaeduc.com\/archivo\/#organization","name":"Orientaeduc.com","url":"https:\/\/orientaeduc.com\/archivo\/","logo":{"@type":"ImageObject","inLanguage":"es","@id":"https:\/\/orientaeduc.com\/archivo\/#\/schema\/logo\/image\/","url":"https:\/\/orientaeduc.com\/archivo\/wp-content\/uploads\/sites\/2\/2020\/04\/orientaeduc_logo.png","contentUrl":"https:\/\/orientaeduc.com\/archivo\/wp-content\/uploads\/sites\/2\/2020\/04\/orientaeduc_logo.png","width":293,"height":76,"caption":"Orientaeduc.com"},"image":{"@id":"https:\/\/orientaeduc.com\/archivo\/#\/schema\/logo\/image\/"}},{"@type":"Person","@id":"https:\/\/orientaeduc.com\/archivo\/#\/schema\/person\/ca93077e3b8d4a14ff357012e2e9a41d","name":"lbarriocanal","image":{"@type":"ImageObject","inLanguage":"es","@id":"https:\/\/secure.gravatar.com\/avatar\/1f6884c182c7dd4f0f5329225cdf4f117f103647fc99811ff87bd059d99aae38?s=96&d=mm&r=g","url":"https:\/\/secure.gravatar.com\/avatar\/1f6884c182c7dd4f0f5329225cdf4f117f103647fc99811ff87bd059d99aae38?s=96&d=mm&r=g","contentUrl":"https:\/\/secure.gravatar.com\/avatar\/1f6884c182c7dd4f0f5329225cdf4f117f103647fc99811ff87bd059d99aae38?s=96&d=mm&r=g","caption":"lbarriocanal"},"sameAs":["https:\/\/www.facebook.com\/lbarriocanal","https:\/\/www.youtube.com\/user\/lbarriocanal\/"]}]}},"_links":{"self":[{"href":"https:\/\/orientaeduc.com\/archivo\/wp-json\/wp\/v2\/posts\/1217","targetHints":{"allow":["GET"]}}],"collection":[{"href":"https:\/\/orientaeduc.com\/archivo\/wp-json\/wp\/v2\/posts"}],"about":[{"href":"https:\/\/orientaeduc.com\/archivo\/wp-json\/wp\/v2\/types\/post"}],"author":[{"embeddable":true,"href":"https:\/\/orientaeduc.com\/archivo\/wp-json\/wp\/v2\/users\/4"}],"replies":[{"embeddable":true,"href":"https:\/\/orientaeduc.com\/archivo\/wp-json\/wp\/v2\/comments?post=1217"}],"version-history":[{"count":0,"href":"https:\/\/orientaeduc.com\/archivo\/wp-json\/wp\/v2\/posts\/1217\/revisions"}],"wp:featuredmedia":[{"embeddable":true,"href":"https:\/\/orientaeduc.com\/archivo\/wp-json\/wp\/v2\/media\/1216"}],"wp:attachment":[{"href":"https:\/\/orientaeduc.com\/archivo\/wp-json\/wp\/v2\/media?parent=1217"}],"wp:term":[{"taxonomy":"category","embeddable":true,"href":"https:\/\/orientaeduc.com\/archivo\/wp-json\/wp\/v2\/categories?post=1217"},{"taxonomy":"post_tag","embeddable":true,"href":"https:\/\/orientaeduc.com\/archivo\/wp-json\/wp\/v2\/tags?post=1217"}],"curies":[{"name":"wp","href":"https:\/\/api.w.org\/{rel}","templated":true}]}}