{"id":1221,"date":"2004-10-06T11:32:33","date_gmt":"2004-10-06T11:32:33","guid":{"rendered":"https:\/\/orientaeduc.com\/archivo\/2004\/10\/06\/materiales-para-la-prevencion-de-la-violencia-en-la-adolescencia\/"},"modified":"2020-04-07T18:34:56","modified_gmt":"2020-04-07T18:34:56","slug":"materiales-para-la-prevencion-de-la-violencia-en-la-adolescencia","status":"publish","type":"post","link":"https:\/\/orientaeduc.com\/archivo\/educacion\/convivencia\/materiales-para-la-prevencion-de-la-violencia-en-la-adolescencia","title":{"rendered":"Materiales para la prevenci\u00f3n de la violencia en la adolescencia"},"content":{"rendered":"<div align=\"justify\"><a target=\"_blank\" href=\"http:\/\/www.mtas.es\/injuve\/novedades\/prevencionviolencia.htm\" rel=\"noopener noreferrer\"><img loading=\"lazy\" decoding=\"async\" class=\" alignleft size-full wp-image-1220\" width=\"110\" vspace=\"8\" hspace=\"8\" height=\"131\" border=\"0\" align=\"left\" alt=\"prevencion\" src=\"https:\/\/orientaeduc.com\/archivo\/wp-content\/uploads\/sites\/2\/2004\/10\/prevencion1.jpg\" \/><\/a> <br \/>  Los materiales sobre <strong>&quot;Prevenci\u00f3n de la violencia y lucha contra la exclusi\u00f3n desde la adolescencia&quot;<\/strong> -tres vol\u00famenes y un v\u00eddeo- son el resultado de las investigaciones realizadas por el equipo de Psicolog\u00eda Preventiva de la Universidad Complutense, dirigido por la catedr\u00e1tica Mar\u00eda Jos\u00e9 D\u00edaz-Aguado, en el marco de un convenio con el Instituto de la Juventud.  <\/div>\n<p> <!--more--> Las investigaciones han permitido comprobar que es posible utilizar la educaci\u00f3n para prevenir la violencia, si se dota a los agentes educativos de los medios para conseguirlo. Los programas incrementan el protagonismo y participaci\u00f3n de los adolescentes en su educaci\u00f3n. Y desarrollan nuevos esquemas de colaboraci\u00f3n: entre adolescentes de distintos grupos, entre adolescentes y adultos (profesores, padres y madres), entre la escuela y la familia, entre ambas instituciones y los equipos municipales, y con el movimiento asociativo juvenil. <br \/>Estos materiales son la continuaci\u00f3n de los Programas de educaci\u00f3n para la tolerancia y prevenci\u00f3n iniciados en 1994, y publicados en cuatro vol\u00famenes y dos v\u00eddeos, muy solicitados y utilizados por equipos educativos, escuelas y ONGs.<\/p>\n<p> Las investigaciones realizadas sobre estos programas han reflejado una especial dificultad para tratar y prevenir las formas de violencia m\u00e1s cotidianas, como la violencia de g\u00e9nero y la violencia entre iguales. Superarlas ha sido el objetivo de las investigaciones ahora hechas publicas. <\/p>\n<p> Volumen 1. La violencia entre iguales en la escuela y en el ocio. Estudios comparativos e instrumentos de evaluaci\u00f3n. <br \/> Volumen 2. La violencia entre iguales en la escuela y en el ocio. Programa de intervenci\u00f3n y estudio experimental. <br \/> Volumen 3. Intervenci\u00f3n a trav\u00e9s de la familia.  <\/p>\n<p> M\u00e1s informaci\u00f3n en:<br \/>  <a target=\"_blank\" href=\"http:\/\/www.mtas.es\/injuve\/novedades\/prevencionviolencia.htm\" rel=\"noopener noreferrer\">Web del INJUVE<\/a><\/p>\n","protected":false},"excerpt":{"rendered":"<p>Los materiales sobre &quot;Prevenci\u00f3n de la violencia y lucha contra la exclusi\u00f3n desde la adolescencia&quot; -tres vol\u00famenes y un v\u00eddeo- son el resultado de las investigaciones realizadas por el equipo de Psicolog\u00eda Preventiva de la Universidad Complutense, dirigido por la catedr\u00e1tica Mar\u00eda Jos\u00e9 D\u00edaz-Aguado, en el marco de un convenio con el Instituto de la [&hellip;]<\/p>\n","protected":false},"author":4,"featured_media":1220,"comment_status":"open","ping_status":"open","sticky":false,"template":"","format":"standard","meta":{"_et_pb_use_builder":"","_et_pb_old_content":"","_et_gb_content_width":"","footnotes":""},"categories":[66],"tags":[],"class_list":["post-1221","post","type-post","status-publish","format-standard","has-post-thumbnail","hentry","category-convivencia","et-has-post-format-content","et_post_format-et-post-format-standard"],"yoast_head":"<!-- This site is optimized with the Yoast SEO plugin v27.4 - https:\/\/yoast.com\/product\/yoast-seo-wordpress\/ -->\n<title>Materiales para la prevenci\u00f3n de la violencia en la adolescencia - Orientaeduc<\/title>\n<meta name=\"robots\" content=\"index, follow, max-snippet:-1, max-image-preview:large, max-video-preview:-1\" \/>\n<link rel=\"canonical\" href=\"https:\/\/orientaeduc.com\/archivo\/educacion\/convivencia\/materiales-para-la-prevencion-de-la-violencia-en-la-adolescencia\" \/>\n<meta property=\"og:locale\" content=\"es_ES\" \/>\n<meta property=\"og:type\" content=\"article\" \/>\n<meta property=\"og:title\" content=\"Materiales para la prevenci\u00f3n de la violencia en la adolescencia - Orientaeduc\" \/>\n<meta property=\"og:description\" content=\"Los materiales sobre &quot;Prevenci\u00f3n de la violencia y lucha contra la exclusi\u00f3n desde la adolescencia&quot; -tres vol\u00famenes y un v\u00eddeo- son el resultado de las investigaciones realizadas por el equipo de Psicolog\u00eda Preventiva de la Universidad Complutense, dirigido por la catedr\u00e1tica Mar\u00eda Jos\u00e9 D\u00edaz-Aguado, en el marco de un convenio con el Instituto de la [&hellip;]\" \/>\n<meta property=\"og:url\" content=\"https:\/\/orientaeduc.com\/archivo\/educacion\/convivencia\/materiales-para-la-prevencion-de-la-violencia-en-la-adolescencia\" \/>\n<meta property=\"og:site_name\" content=\"Orientaeduc\" \/>\n<meta property=\"article:author\" content=\"https:\/\/www.facebook.com\/lbarriocanal\" \/>\n<meta property=\"article:published_time\" content=\"2004-10-06T11:32:33+00:00\" \/>\n<meta property=\"article:modified_time\" content=\"2020-04-07T18:34:56+00:00\" \/>\n<meta property=\"og:image\" content=\"https:\/\/storage.googleapis.com\/orientaeduc\/2004\/10\/prevencion1.jpg\" \/>\n\t<meta property=\"og:image:width\" content=\"1\" \/>\n\t<meta property=\"og:image:height\" content=\"1\" \/>\n\t<meta property=\"og:image:type\" content=\"image\/jpeg\" \/>\n<meta name=\"author\" content=\"lbarriocanal\" \/>\n<meta name=\"twitter:card\" content=\"summary_large_image\" \/>\n<meta name=\"twitter:label1\" content=\"Escrito por\" \/>\n\t<meta name=\"twitter:data1\" content=\"lbarriocanal\" \/>\n\t<meta name=\"twitter:label2\" content=\"Tiempo de lectura\" \/>\n\t<meta name=\"twitter:data2\" content=\"1 minuto\" \/>\n<script type=\"application\/ld+json\" class=\"yoast-schema-graph\">{\"@context\":\"https:\\\/\\\/schema.org\",\"@graph\":[{\"@type\":\"Article\",\"@id\":\"https:\\\/\\\/orientaeduc.com\\\/archivo\\\/educacion\\\/convivencia\\\/materiales-para-la-prevencion-de-la-violencia-en-la-adolescencia#article\",\"isPartOf\":{\"@id\":\"https:\\\/\\\/orientaeduc.com\\\/archivo\\\/educacion\\\/convivencia\\\/materiales-para-la-prevencion-de-la-violencia-en-la-adolescencia\"},\"author\":{\"name\":\"lbarriocanal\",\"@id\":\"https:\\\/\\\/orientaeduc.com\\\/archivo\\\/#\\\/schema\\\/person\\\/ca93077e3b8d4a14ff357012e2e9a41d\"},\"headline\":\"Materiales para la prevenci\u00f3n de la violencia en la adolescencia\",\"datePublished\":\"2004-10-06T11:32:33+00:00\",\"dateModified\":\"2020-04-07T18:34:56+00:00\",\"mainEntityOfPage\":{\"@id\":\"https:\\\/\\\/orientaeduc.com\\\/archivo\\\/educacion\\\/convivencia\\\/materiales-para-la-prevencion-de-la-violencia-en-la-adolescencia\"},\"wordCount\":298,\"commentCount\":0,\"publisher\":{\"@id\":\"https:\\\/\\\/orientaeduc.com\\\/archivo\\\/#organization\"},\"image\":{\"@id\":\"https:\\\/\\\/orientaeduc.com\\\/archivo\\\/educacion\\\/convivencia\\\/materiales-para-la-prevencion-de-la-violencia-en-la-adolescencia#primaryimage\"},\"thumbnailUrl\":\"https:\\\/\\\/storage.googleapis.com\\\/orientaeduc\\\/2004\\\/10\\\/prevencion1.jpg\",\"articleSection\":[\"Convivencia Escolar\"],\"inLanguage\":\"es\",\"potentialAction\":[{\"@type\":\"CommentAction\",\"name\":\"Comment\",\"target\":[\"https:\\\/\\\/orientaeduc.com\\\/archivo\\\/educacion\\\/convivencia\\\/materiales-para-la-prevencion-de-la-violencia-en-la-adolescencia#respond\"]}]},{\"@type\":\"WebPage\",\"@id\":\"https:\\\/\\\/orientaeduc.com\\\/archivo\\\/educacion\\\/convivencia\\\/materiales-para-la-prevencion-de-la-violencia-en-la-adolescencia\",\"url\":\"https:\\\/\\\/orientaeduc.com\\\/archivo\\\/educacion\\\/convivencia\\\/materiales-para-la-prevencion-de-la-violencia-en-la-adolescencia\",\"name\":\"Materiales para la prevenci\u00f3n de la violencia en la adolescencia - Orientaeduc\",\"isPartOf\":{\"@id\":\"https:\\\/\\\/orientaeduc.com\\\/archivo\\\/#website\"},\"primaryImageOfPage\":{\"@id\":\"https:\\\/\\\/orientaeduc.com\\\/archivo\\\/educacion\\\/convivencia\\\/materiales-para-la-prevencion-de-la-violencia-en-la-adolescencia#primaryimage\"},\"image\":{\"@id\":\"https:\\\/\\\/orientaeduc.com\\\/archivo\\\/educacion\\\/convivencia\\\/materiales-para-la-prevencion-de-la-violencia-en-la-adolescencia#primaryimage\"},\"thumbnailUrl\":\"https:\\\/\\\/storage.googleapis.com\\\/orientaeduc\\\/2004\\\/10\\\/prevencion1.jpg\",\"datePublished\":\"2004-10-06T11:32:33+00:00\",\"dateModified\":\"2020-04-07T18:34:56+00:00\",\"breadcrumb\":{\"@id\":\"https:\\\/\\\/orientaeduc.com\\\/archivo\\\/educacion\\\/convivencia\\\/materiales-para-la-prevencion-de-la-violencia-en-la-adolescencia#breadcrumb\"},\"inLanguage\":\"es\",\"potentialAction\":[{\"@type\":\"ReadAction\",\"target\":[\"https:\\\/\\\/orientaeduc.com\\\/archivo\\\/educacion\\\/convivencia\\\/materiales-para-la-prevencion-de-la-violencia-en-la-adolescencia\"]}]},{\"@type\":\"ImageObject\",\"inLanguage\":\"es\",\"@id\":\"https:\\\/\\\/orientaeduc.com\\\/archivo\\\/educacion\\\/convivencia\\\/materiales-para-la-prevencion-de-la-violencia-en-la-adolescencia#primaryimage\",\"url\":\"https:\\\/\\\/storage.googleapis.com\\\/orientaeduc\\\/2004\\\/10\\\/prevencion1.jpg\",\"contentUrl\":\"https:\\\/\\\/storage.googleapis.com\\\/orientaeduc\\\/2004\\\/10\\\/prevencion1.jpg\",\"caption\":\"prevencion\"},{\"@type\":\"BreadcrumbList\",\"@id\":\"https:\\\/\\\/orientaeduc.com\\\/archivo\\\/educacion\\\/convivencia\\\/materiales-para-la-prevencion-de-la-violencia-en-la-adolescencia#breadcrumb\",\"itemListElement\":[{\"@type\":\"ListItem\",\"position\":1,\"name\":\"Portada\",\"item\":\"https:\\\/\\\/orientaeduc.com\\\/archivo\"},{\"@type\":\"ListItem\",\"position\":2,\"name\":\"Materiales para la prevenci\u00f3n de la violencia en la adolescencia\"}]},{\"@type\":\"WebSite\",\"@id\":\"https:\\\/\\\/orientaeduc.com\\\/archivo\\\/#website\",\"url\":\"https:\\\/\\\/orientaeduc.com\\\/archivo\\\/\",\"name\":\"Orientaeduc\",\"description\":\"Recursos para la Orientaci\u00f3n Educativa\",\"publisher\":{\"@id\":\"https:\\\/\\\/orientaeduc.com\\\/archivo\\\/#organization\"},\"potentialAction\":[{\"@type\":\"SearchAction\",\"target\":{\"@type\":\"EntryPoint\",\"urlTemplate\":\"https:\\\/\\\/orientaeduc.com\\\/archivo\\\/?s={search_term_string}\"},\"query-input\":{\"@type\":\"PropertyValueSpecification\",\"valueRequired\":true,\"valueName\":\"search_term_string\"}}],\"inLanguage\":\"es\"},{\"@type\":\"Organization\",\"@id\":\"https:\\\/\\\/orientaeduc.com\\\/archivo\\\/#organization\",\"name\":\"Orientaeduc.com\",\"url\":\"https:\\\/\\\/orientaeduc.com\\\/archivo\\\/\",\"logo\":{\"@type\":\"ImageObject\",\"inLanguage\":\"es\",\"@id\":\"https:\\\/\\\/orientaeduc.com\\\/archivo\\\/#\\\/schema\\\/logo\\\/image\\\/\",\"url\":\"https:\\\/\\\/orientaeduc.com\\\/archivo\\\/wp-content\\\/uploads\\\/sites\\\/2\\\/2020\\\/04\\\/orientaeduc_logo.png\",\"contentUrl\":\"https:\\\/\\\/orientaeduc.com\\\/archivo\\\/wp-content\\\/uploads\\\/sites\\\/2\\\/2020\\\/04\\\/orientaeduc_logo.png\",\"width\":293,\"height\":76,\"caption\":\"Orientaeduc.com\"},\"image\":{\"@id\":\"https:\\\/\\\/orientaeduc.com\\\/archivo\\\/#\\\/schema\\\/logo\\\/image\\\/\"}},{\"@type\":\"Person\",\"@id\":\"https:\\\/\\\/orientaeduc.com\\\/archivo\\\/#\\\/schema\\\/person\\\/ca93077e3b8d4a14ff357012e2e9a41d\",\"name\":\"lbarriocanal\",\"image\":{\"@type\":\"ImageObject\",\"inLanguage\":\"es\",\"@id\":\"https:\\\/\\\/secure.gravatar.com\\\/avatar\\\/1f6884c182c7dd4f0f5329225cdf4f117f103647fc99811ff87bd059d99aae38?s=96&d=mm&r=g\",\"url\":\"https:\\\/\\\/secure.gravatar.com\\\/avatar\\\/1f6884c182c7dd4f0f5329225cdf4f117f103647fc99811ff87bd059d99aae38?s=96&d=mm&r=g\",\"contentUrl\":\"https:\\\/\\\/secure.gravatar.com\\\/avatar\\\/1f6884c182c7dd4f0f5329225cdf4f117f103647fc99811ff87bd059d99aae38?s=96&d=mm&r=g\",\"caption\":\"lbarriocanal\"},\"sameAs\":[\"https:\\\/\\\/www.facebook.com\\\/lbarriocanal\",\"https:\\\/\\\/www.youtube.com\\\/user\\\/lbarriocanal\\\/\"]}]}<\/script>\n<!-- \/ Yoast SEO plugin. -->","yoast_head_json":{"title":"Materiales para la prevenci\u00f3n de la violencia en la adolescencia - Orientaeduc","robots":{"index":"index","follow":"follow","max-snippet":"max-snippet:-1","max-image-preview":"max-image-preview:large","max-video-preview":"max-video-preview:-1"},"canonical":"https:\/\/orientaeduc.com\/archivo\/educacion\/convivencia\/materiales-para-la-prevencion-de-la-violencia-en-la-adolescencia","og_locale":"es_ES","og_type":"article","og_title":"Materiales para la prevenci\u00f3n de la violencia en la adolescencia - Orientaeduc","og_description":"Los materiales sobre &quot;Prevenci\u00f3n de la violencia y lucha contra la exclusi\u00f3n desde la adolescencia&quot; -tres vol\u00famenes y un v\u00eddeo- son el resultado de las investigaciones realizadas por el equipo de Psicolog\u00eda Preventiva de la Universidad Complutense, dirigido por la catedr\u00e1tica Mar\u00eda Jos\u00e9 D\u00edaz-Aguado, en el marco de un convenio con el Instituto de la [&hellip;]","og_url":"https:\/\/orientaeduc.com\/archivo\/educacion\/convivencia\/materiales-para-la-prevencion-de-la-violencia-en-la-adolescencia","og_site_name":"Orientaeduc","article_author":"https:\/\/www.facebook.com\/lbarriocanal","article_published_time":"2004-10-06T11:32:33+00:00","article_modified_time":"2020-04-07T18:34:56+00:00","og_image":[{"url":"https:\/\/storage.googleapis.com\/orientaeduc\/2004\/10\/prevencion1.jpg","width":1,"height":1,"type":"image\/jpeg"}],"author":"lbarriocanal","twitter_card":"summary_large_image","twitter_misc":{"Escrito por":"lbarriocanal","Tiempo de lectura":"1 minuto"},"schema":{"@context":"https:\/\/schema.org","@graph":[{"@type":"Article","@id":"https:\/\/orientaeduc.com\/archivo\/educacion\/convivencia\/materiales-para-la-prevencion-de-la-violencia-en-la-adolescencia#article","isPartOf":{"@id":"https:\/\/orientaeduc.com\/archivo\/educacion\/convivencia\/materiales-para-la-prevencion-de-la-violencia-en-la-adolescencia"},"author":{"name":"lbarriocanal","@id":"https:\/\/orientaeduc.com\/archivo\/#\/schema\/person\/ca93077e3b8d4a14ff357012e2e9a41d"},"headline":"Materiales para la prevenci\u00f3n de la violencia en la adolescencia","datePublished":"2004-10-06T11:32:33+00:00","dateModified":"2020-04-07T18:34:56+00:00","mainEntityOfPage":{"@id":"https:\/\/orientaeduc.com\/archivo\/educacion\/convivencia\/materiales-para-la-prevencion-de-la-violencia-en-la-adolescencia"},"wordCount":298,"commentCount":0,"publisher":{"@id":"https:\/\/orientaeduc.com\/archivo\/#organization"},"image":{"@id":"https:\/\/orientaeduc.com\/archivo\/educacion\/convivencia\/materiales-para-la-prevencion-de-la-violencia-en-la-adolescencia#primaryimage"},"thumbnailUrl":"https:\/\/storage.googleapis.com\/orientaeduc\/2004\/10\/prevencion1.jpg","articleSection":["Convivencia Escolar"],"inLanguage":"es","potentialAction":[{"@type":"CommentAction","name":"Comment","target":["https:\/\/orientaeduc.com\/archivo\/educacion\/convivencia\/materiales-para-la-prevencion-de-la-violencia-en-la-adolescencia#respond"]}]},{"@type":"WebPage","@id":"https:\/\/orientaeduc.com\/archivo\/educacion\/convivencia\/materiales-para-la-prevencion-de-la-violencia-en-la-adolescencia","url":"https:\/\/orientaeduc.com\/archivo\/educacion\/convivencia\/materiales-para-la-prevencion-de-la-violencia-en-la-adolescencia","name":"Materiales para la prevenci\u00f3n de la violencia en la adolescencia - Orientaeduc","isPartOf":{"@id":"https:\/\/orientaeduc.com\/archivo\/#website"},"primaryImageOfPage":{"@id":"https:\/\/orientaeduc.com\/archivo\/educacion\/convivencia\/materiales-para-la-prevencion-de-la-violencia-en-la-adolescencia#primaryimage"},"image":{"@id":"https:\/\/orientaeduc.com\/archivo\/educacion\/convivencia\/materiales-para-la-prevencion-de-la-violencia-en-la-adolescencia#primaryimage"},"thumbnailUrl":"https:\/\/storage.googleapis.com\/orientaeduc\/2004\/10\/prevencion1.jpg","datePublished":"2004-10-06T11:32:33+00:00","dateModified":"2020-04-07T18:34:56+00:00","breadcrumb":{"@id":"https:\/\/orientaeduc.com\/archivo\/educacion\/convivencia\/materiales-para-la-prevencion-de-la-violencia-en-la-adolescencia#breadcrumb"},"inLanguage":"es","potentialAction":[{"@type":"ReadAction","target":["https:\/\/orientaeduc.com\/archivo\/educacion\/convivencia\/materiales-para-la-prevencion-de-la-violencia-en-la-adolescencia"]}]},{"@type":"ImageObject","inLanguage":"es","@id":"https:\/\/orientaeduc.com\/archivo\/educacion\/convivencia\/materiales-para-la-prevencion-de-la-violencia-en-la-adolescencia#primaryimage","url":"https:\/\/storage.googleapis.com\/orientaeduc\/2004\/10\/prevencion1.jpg","contentUrl":"https:\/\/storage.googleapis.com\/orientaeduc\/2004\/10\/prevencion1.jpg","caption":"prevencion"},{"@type":"BreadcrumbList","@id":"https:\/\/orientaeduc.com\/archivo\/educacion\/convivencia\/materiales-para-la-prevencion-de-la-violencia-en-la-adolescencia#breadcrumb","itemListElement":[{"@type":"ListItem","position":1,"name":"Portada","item":"https:\/\/orientaeduc.com\/archivo"},{"@type":"ListItem","position":2,"name":"Materiales para la prevenci\u00f3n de la violencia en la adolescencia"}]},{"@type":"WebSite","@id":"https:\/\/orientaeduc.com\/archivo\/#website","url":"https:\/\/orientaeduc.com\/archivo\/","name":"Orientaeduc","description":"Recursos para la Orientaci\u00f3n Educativa","publisher":{"@id":"https:\/\/orientaeduc.com\/archivo\/#organization"},"potentialAction":[{"@type":"SearchAction","target":{"@type":"EntryPoint","urlTemplate":"https:\/\/orientaeduc.com\/archivo\/?s={search_term_string}"},"query-input":{"@type":"PropertyValueSpecification","valueRequired":true,"valueName":"search_term_string"}}],"inLanguage":"es"},{"@type":"Organization","@id":"https:\/\/orientaeduc.com\/archivo\/#organization","name":"Orientaeduc.com","url":"https:\/\/orientaeduc.com\/archivo\/","logo":{"@type":"ImageObject","inLanguage":"es","@id":"https:\/\/orientaeduc.com\/archivo\/#\/schema\/logo\/image\/","url":"https:\/\/orientaeduc.com\/archivo\/wp-content\/uploads\/sites\/2\/2020\/04\/orientaeduc_logo.png","contentUrl":"https:\/\/orientaeduc.com\/archivo\/wp-content\/uploads\/sites\/2\/2020\/04\/orientaeduc_logo.png","width":293,"height":76,"caption":"Orientaeduc.com"},"image":{"@id":"https:\/\/orientaeduc.com\/archivo\/#\/schema\/logo\/image\/"}},{"@type":"Person","@id":"https:\/\/orientaeduc.com\/archivo\/#\/schema\/person\/ca93077e3b8d4a14ff357012e2e9a41d","name":"lbarriocanal","image":{"@type":"ImageObject","inLanguage":"es","@id":"https:\/\/secure.gravatar.com\/avatar\/1f6884c182c7dd4f0f5329225cdf4f117f103647fc99811ff87bd059d99aae38?s=96&d=mm&r=g","url":"https:\/\/secure.gravatar.com\/avatar\/1f6884c182c7dd4f0f5329225cdf4f117f103647fc99811ff87bd059d99aae38?s=96&d=mm&r=g","contentUrl":"https:\/\/secure.gravatar.com\/avatar\/1f6884c182c7dd4f0f5329225cdf4f117f103647fc99811ff87bd059d99aae38?s=96&d=mm&r=g","caption":"lbarriocanal"},"sameAs":["https:\/\/www.facebook.com\/lbarriocanal","https:\/\/www.youtube.com\/user\/lbarriocanal\/"]}]}},"_links":{"self":[{"href":"https:\/\/orientaeduc.com\/archivo\/wp-json\/wp\/v2\/posts\/1221","targetHints":{"allow":["GET"]}}],"collection":[{"href":"https:\/\/orientaeduc.com\/archivo\/wp-json\/wp\/v2\/posts"}],"about":[{"href":"https:\/\/orientaeduc.com\/archivo\/wp-json\/wp\/v2\/types\/post"}],"author":[{"embeddable":true,"href":"https:\/\/orientaeduc.com\/archivo\/wp-json\/wp\/v2\/users\/4"}],"replies":[{"embeddable":true,"href":"https:\/\/orientaeduc.com\/archivo\/wp-json\/wp\/v2\/comments?post=1221"}],"version-history":[{"count":0,"href":"https:\/\/orientaeduc.com\/archivo\/wp-json\/wp\/v2\/posts\/1221\/revisions"}],"wp:featuredmedia":[{"embeddable":true,"href":"https:\/\/orientaeduc.com\/archivo\/wp-json\/wp\/v2\/media\/1220"}],"wp:attachment":[{"href":"https:\/\/orientaeduc.com\/archivo\/wp-json\/wp\/v2\/media?parent=1221"}],"wp:term":[{"taxonomy":"category","embeddable":true,"href":"https:\/\/orientaeduc.com\/archivo\/wp-json\/wp\/v2\/categories?post=1221"},{"taxonomy":"post_tag","embeddable":true,"href":"https:\/\/orientaeduc.com\/archivo\/wp-json\/wp\/v2\/tags?post=1221"}],"curies":[{"name":"wp","href":"https:\/\/api.w.org\/{rel}","templated":true}]}}