{"id":1225,"date":"2004-12-14T17:03:02","date_gmt":"2004-12-14T17:03:02","guid":{"rendered":"https:\/\/orientaeduc.com\/archivo\/2004\/12\/14\/estado-mundial-de-la-infancia-2005\/"},"modified":"2020-04-07T21:58:18","modified_gmt":"2020-04-07T21:58:18","slug":"estado-mundial-de-la-infancia-2005","status":"publish","type":"post","link":"https:\/\/orientaeduc.com\/archivo\/educacion\/estado-mundial-de-la-infancia-2005","title":{"rendered":"Estado Mundial de la Infancia 2005"},"content":{"rendered":"<p><a href=\"http:\/\/www.plataformadeinfancia.org\" target=\"_blank\" rel=\"noopener noreferrer\"> <img decoding=\"async\" src=\"http:\/\/www.plataformadeinfancia.org\/logo.jpg\" border=\"0\" align=\"left\" width=\"130\"><\/a> <strong><font size=\"3\" face=\"Arial, Helvetica, sans-serif\">La Infancia Amenazada<\/font><\/strong> <\/p>\n<p>A pesar de que casi todos los pa\u00edses del mundo han adoptado una serie de normas para la protecci\u00f3n de la infancia, m\u00e1s la mitad de los ni\u00f1os y las ni\u00f1as del mundo sufren graves privaciones debido a la pobreza, la guerra y el VIH\/SIDA, tres problemas que ponen en peligro su infancia y retrasan el desarrollo de las naciones.  <\/p>\n<p><font size=\"2\" face=\"Arial, Helvetica, sans-serif\" color=\"#336660\">Edita:        Unicef<\/font> <br \/><a href=\"http:\/\/www.unicef.es\/contenidos\/250\/sowc05_sp.pdf\"><font size=\"2\" face=\"Arial, Helvetica, sans-serif\" color=\"#336666\">M\u00e1s        informaci\u00f3n<\/font><\/a><\/p>\n","protected":false},"excerpt":{"rendered":"<p>La Infancia Amenazada A pesar de que casi todos los pa\u00edses del mundo han adoptado una serie de normas para la protecci\u00f3n de la infancia, m\u00e1s la mitad de los ni\u00f1os y las ni\u00f1as del mundo sufren graves privaciones debido a la pobreza, la guerra y el VIH\/SIDA, tres problemas que ponen en peligro su [&hellip;]<\/p>\n","protected":false},"author":4,"featured_media":0,"comment_status":"open","ping_status":"open","sticky":false,"template":"","format":"standard","meta":{"_et_pb_use_builder":"","_et_pb_old_content":"","_et_gb_content_width":"","footnotes":""},"categories":[50],"tags":[],"class_list":["post-1225","post","type-post","status-publish","format-standard","hentry","category-educacion","et-doesnt-have-format-content","et_post_format-et-post-format-standard"],"yoast_head":"<!-- This site is optimized with the Yoast SEO plugin v27.4 - https:\/\/yoast.com\/product\/yoast-seo-wordpress\/ -->\n<title>Estado Mundial de la Infancia 2005 - Orientaeduc<\/title>\n<meta name=\"robots\" content=\"index, follow, max-snippet:-1, max-image-preview:large, max-video-preview:-1\" \/>\n<link rel=\"canonical\" href=\"https:\/\/orientaeduc.com\/archivo\/educacion\/estado-mundial-de-la-infancia-2005\" \/>\n<meta property=\"og:locale\" content=\"es_ES\" \/>\n<meta property=\"og:type\" content=\"article\" \/>\n<meta property=\"og:title\" content=\"Estado Mundial de la Infancia 2005 - Orientaeduc\" \/>\n<meta property=\"og:description\" content=\"La Infancia Amenazada A pesar de que casi todos los pa\u00edses del mundo han adoptado una serie de normas para la protecci\u00f3n de la infancia, m\u00e1s la mitad de los ni\u00f1os y las ni\u00f1as del mundo sufren graves privaciones debido a la pobreza, la guerra y el VIH\/SIDA, tres problemas que ponen en peligro su [&hellip;]\" \/>\n<meta property=\"og:url\" content=\"https:\/\/orientaeduc.com\/archivo\/educacion\/estado-mundial-de-la-infancia-2005\" \/>\n<meta property=\"og:site_name\" content=\"Orientaeduc\" \/>\n<meta property=\"article:author\" content=\"https:\/\/www.facebook.com\/lbarriocanal\" \/>\n<meta property=\"article:published_time\" content=\"2004-12-14T17:03:02+00:00\" \/>\n<meta property=\"article:modified_time\" content=\"2020-04-07T21:58:18+00:00\" \/>\n<meta property=\"og:image\" content=\"http:\/\/www.plataformadeinfancia.org\/logo.jpg\" \/>\n<meta name=\"author\" content=\"lbarriocanal\" \/>\n<meta name=\"twitter:card\" content=\"summary_large_image\" \/>\n<meta name=\"twitter:label1\" content=\"Escrito por\" \/>\n\t<meta name=\"twitter:data1\" content=\"lbarriocanal\" \/>\n<script type=\"application\/ld+json\" class=\"yoast-schema-graph\">{\"@context\":\"https:\\\/\\\/schema.org\",\"@graph\":[{\"@type\":\"Article\",\"@id\":\"https:\\\/\\\/orientaeduc.com\\\/archivo\\\/educacion\\\/estado-mundial-de-la-infancia-2005#article\",\"isPartOf\":{\"@id\":\"https:\\\/\\\/orientaeduc.com\\\/archivo\\\/educacion\\\/estado-mundial-de-la-infancia-2005\"},\"author\":{\"name\":\"lbarriocanal\",\"@id\":\"https:\\\/\\\/orientaeduc.com\\\/archivo\\\/#\\\/schema\\\/person\\\/ca93077e3b8d4a14ff357012e2e9a41d\"},\"headline\":\"Estado Mundial de la Infancia 2005\",\"datePublished\":\"2004-12-14T17:03:02+00:00\",\"dateModified\":\"2020-04-07T21:58:18+00:00\",\"mainEntityOfPage\":{\"@id\":\"https:\\\/\\\/orientaeduc.com\\\/archivo\\\/educacion\\\/estado-mundial-de-la-infancia-2005\"},\"wordCount\":80,\"commentCount\":0,\"publisher\":{\"@id\":\"https:\\\/\\\/orientaeduc.com\\\/archivo\\\/#organization\"},\"image\":{\"@id\":\"https:\\\/\\\/orientaeduc.com\\\/archivo\\\/educacion\\\/estado-mundial-de-la-infancia-2005#primaryimage\"},\"thumbnailUrl\":\"http:\\\/\\\/www.plataformadeinfancia.org\\\/logo.jpg\",\"articleSection\":[\"Educaci\u00f3n\"],\"inLanguage\":\"es\",\"potentialAction\":[{\"@type\":\"CommentAction\",\"name\":\"Comment\",\"target\":[\"https:\\\/\\\/orientaeduc.com\\\/archivo\\\/educacion\\\/estado-mundial-de-la-infancia-2005#respond\"]}]},{\"@type\":\"WebPage\",\"@id\":\"https:\\\/\\\/orientaeduc.com\\\/archivo\\\/educacion\\\/estado-mundial-de-la-infancia-2005\",\"url\":\"https:\\\/\\\/orientaeduc.com\\\/archivo\\\/educacion\\\/estado-mundial-de-la-infancia-2005\",\"name\":\"Estado Mundial de la Infancia 2005 - Orientaeduc\",\"isPartOf\":{\"@id\":\"https:\\\/\\\/orientaeduc.com\\\/archivo\\\/#website\"},\"primaryImageOfPage\":{\"@id\":\"https:\\\/\\\/orientaeduc.com\\\/archivo\\\/educacion\\\/estado-mundial-de-la-infancia-2005#primaryimage\"},\"image\":{\"@id\":\"https:\\\/\\\/orientaeduc.com\\\/archivo\\\/educacion\\\/estado-mundial-de-la-infancia-2005#primaryimage\"},\"thumbnailUrl\":\"http:\\\/\\\/www.plataformadeinfancia.org\\\/logo.jpg\",\"datePublished\":\"2004-12-14T17:03:02+00:00\",\"dateModified\":\"2020-04-07T21:58:18+00:00\",\"breadcrumb\":{\"@id\":\"https:\\\/\\\/orientaeduc.com\\\/archivo\\\/educacion\\\/estado-mundial-de-la-infancia-2005#breadcrumb\"},\"inLanguage\":\"es\",\"potentialAction\":[{\"@type\":\"ReadAction\",\"target\":[\"https:\\\/\\\/orientaeduc.com\\\/archivo\\\/educacion\\\/estado-mundial-de-la-infancia-2005\"]}]},{\"@type\":\"ImageObject\",\"inLanguage\":\"es\",\"@id\":\"https:\\\/\\\/orientaeduc.com\\\/archivo\\\/educacion\\\/estado-mundial-de-la-infancia-2005#primaryimage\",\"url\":\"http:\\\/\\\/www.plataformadeinfancia.org\\\/logo.jpg\",\"contentUrl\":\"http:\\\/\\\/www.plataformadeinfancia.org\\\/logo.jpg\"},{\"@type\":\"BreadcrumbList\",\"@id\":\"https:\\\/\\\/orientaeduc.com\\\/archivo\\\/educacion\\\/estado-mundial-de-la-infancia-2005#breadcrumb\",\"itemListElement\":[{\"@type\":\"ListItem\",\"position\":1,\"name\":\"Portada\",\"item\":\"https:\\\/\\\/orientaeduc.com\\\/archivo\"},{\"@type\":\"ListItem\",\"position\":2,\"name\":\"Estado Mundial de la Infancia 2005\"}]},{\"@type\":\"WebSite\",\"@id\":\"https:\\\/\\\/orientaeduc.com\\\/archivo\\\/#website\",\"url\":\"https:\\\/\\\/orientaeduc.com\\\/archivo\\\/\",\"name\":\"Orientaeduc\",\"description\":\"Recursos para la Orientaci\u00f3n Educativa\",\"publisher\":{\"@id\":\"https:\\\/\\\/orientaeduc.com\\\/archivo\\\/#organization\"},\"potentialAction\":[{\"@type\":\"SearchAction\",\"target\":{\"@type\":\"EntryPoint\",\"urlTemplate\":\"https:\\\/\\\/orientaeduc.com\\\/archivo\\\/?s={search_term_string}\"},\"query-input\":{\"@type\":\"PropertyValueSpecification\",\"valueRequired\":true,\"valueName\":\"search_term_string\"}}],\"inLanguage\":\"es\"},{\"@type\":\"Organization\",\"@id\":\"https:\\\/\\\/orientaeduc.com\\\/archivo\\\/#organization\",\"name\":\"Orientaeduc.com\",\"url\":\"https:\\\/\\\/orientaeduc.com\\\/archivo\\\/\",\"logo\":{\"@type\":\"ImageObject\",\"inLanguage\":\"es\",\"@id\":\"https:\\\/\\\/orientaeduc.com\\\/archivo\\\/#\\\/schema\\\/logo\\\/image\\\/\",\"url\":\"https:\\\/\\\/orientaeduc.com\\\/archivo\\\/wp-content\\\/uploads\\\/sites\\\/2\\\/2020\\\/04\\\/orientaeduc_logo.png\",\"contentUrl\":\"https:\\\/\\\/orientaeduc.com\\\/archivo\\\/wp-content\\\/uploads\\\/sites\\\/2\\\/2020\\\/04\\\/orientaeduc_logo.png\",\"width\":293,\"height\":76,\"caption\":\"Orientaeduc.com\"},\"image\":{\"@id\":\"https:\\\/\\\/orientaeduc.com\\\/archivo\\\/#\\\/schema\\\/logo\\\/image\\\/\"}},{\"@type\":\"Person\",\"@id\":\"https:\\\/\\\/orientaeduc.com\\\/archivo\\\/#\\\/schema\\\/person\\\/ca93077e3b8d4a14ff357012e2e9a41d\",\"name\":\"lbarriocanal\",\"image\":{\"@type\":\"ImageObject\",\"inLanguage\":\"es\",\"@id\":\"https:\\\/\\\/secure.gravatar.com\\\/avatar\\\/1f6884c182c7dd4f0f5329225cdf4f117f103647fc99811ff87bd059d99aae38?s=96&d=mm&r=g\",\"url\":\"https:\\\/\\\/secure.gravatar.com\\\/avatar\\\/1f6884c182c7dd4f0f5329225cdf4f117f103647fc99811ff87bd059d99aae38?s=96&d=mm&r=g\",\"contentUrl\":\"https:\\\/\\\/secure.gravatar.com\\\/avatar\\\/1f6884c182c7dd4f0f5329225cdf4f117f103647fc99811ff87bd059d99aae38?s=96&d=mm&r=g\",\"caption\":\"lbarriocanal\"},\"sameAs\":[\"https:\\\/\\\/www.facebook.com\\\/lbarriocanal\",\"https:\\\/\\\/www.youtube.com\\\/user\\\/lbarriocanal\\\/\"]}]}<\/script>\n<!-- \/ Yoast SEO plugin. -->","yoast_head_json":{"title":"Estado Mundial de la Infancia 2005 - Orientaeduc","robots":{"index":"index","follow":"follow","max-snippet":"max-snippet:-1","max-image-preview":"max-image-preview:large","max-video-preview":"max-video-preview:-1"},"canonical":"https:\/\/orientaeduc.com\/archivo\/educacion\/estado-mundial-de-la-infancia-2005","og_locale":"es_ES","og_type":"article","og_title":"Estado Mundial de la Infancia 2005 - Orientaeduc","og_description":"La Infancia Amenazada A pesar de que casi todos los pa\u00edses del mundo han adoptado una serie de normas para la protecci\u00f3n de la infancia, m\u00e1s la mitad de los ni\u00f1os y las ni\u00f1as del mundo sufren graves privaciones debido a la pobreza, la guerra y el VIH\/SIDA, tres problemas que ponen en peligro su [&hellip;]","og_url":"https:\/\/orientaeduc.com\/archivo\/educacion\/estado-mundial-de-la-infancia-2005","og_site_name":"Orientaeduc","article_author":"https:\/\/www.facebook.com\/lbarriocanal","article_published_time":"2004-12-14T17:03:02+00:00","article_modified_time":"2020-04-07T21:58:18+00:00","og_image":[{"url":"http:\/\/www.plataformadeinfancia.org\/logo.jpg","type":"","width":"","height":""}],"author":"lbarriocanal","twitter_card":"summary_large_image","twitter_misc":{"Escrito por":"lbarriocanal"},"schema":{"@context":"https:\/\/schema.org","@graph":[{"@type":"Article","@id":"https:\/\/orientaeduc.com\/archivo\/educacion\/estado-mundial-de-la-infancia-2005#article","isPartOf":{"@id":"https:\/\/orientaeduc.com\/archivo\/educacion\/estado-mundial-de-la-infancia-2005"},"author":{"name":"lbarriocanal","@id":"https:\/\/orientaeduc.com\/archivo\/#\/schema\/person\/ca93077e3b8d4a14ff357012e2e9a41d"},"headline":"Estado Mundial de la Infancia 2005","datePublished":"2004-12-14T17:03:02+00:00","dateModified":"2020-04-07T21:58:18+00:00","mainEntityOfPage":{"@id":"https:\/\/orientaeduc.com\/archivo\/educacion\/estado-mundial-de-la-infancia-2005"},"wordCount":80,"commentCount":0,"publisher":{"@id":"https:\/\/orientaeduc.com\/archivo\/#organization"},"image":{"@id":"https:\/\/orientaeduc.com\/archivo\/educacion\/estado-mundial-de-la-infancia-2005#primaryimage"},"thumbnailUrl":"http:\/\/www.plataformadeinfancia.org\/logo.jpg","articleSection":["Educaci\u00f3n"],"inLanguage":"es","potentialAction":[{"@type":"CommentAction","name":"Comment","target":["https:\/\/orientaeduc.com\/archivo\/educacion\/estado-mundial-de-la-infancia-2005#respond"]}]},{"@type":"WebPage","@id":"https:\/\/orientaeduc.com\/archivo\/educacion\/estado-mundial-de-la-infancia-2005","url":"https:\/\/orientaeduc.com\/archivo\/educacion\/estado-mundial-de-la-infancia-2005","name":"Estado Mundial de la Infancia 2005 - Orientaeduc","isPartOf":{"@id":"https:\/\/orientaeduc.com\/archivo\/#website"},"primaryImageOfPage":{"@id":"https:\/\/orientaeduc.com\/archivo\/educacion\/estado-mundial-de-la-infancia-2005#primaryimage"},"image":{"@id":"https:\/\/orientaeduc.com\/archivo\/educacion\/estado-mundial-de-la-infancia-2005#primaryimage"},"thumbnailUrl":"http:\/\/www.plataformadeinfancia.org\/logo.jpg","datePublished":"2004-12-14T17:03:02+00:00","dateModified":"2020-04-07T21:58:18+00:00","breadcrumb":{"@id":"https:\/\/orientaeduc.com\/archivo\/educacion\/estado-mundial-de-la-infancia-2005#breadcrumb"},"inLanguage":"es","potentialAction":[{"@type":"ReadAction","target":["https:\/\/orientaeduc.com\/archivo\/educacion\/estado-mundial-de-la-infancia-2005"]}]},{"@type":"ImageObject","inLanguage":"es","@id":"https:\/\/orientaeduc.com\/archivo\/educacion\/estado-mundial-de-la-infancia-2005#primaryimage","url":"http:\/\/www.plataformadeinfancia.org\/logo.jpg","contentUrl":"http:\/\/www.plataformadeinfancia.org\/logo.jpg"},{"@type":"BreadcrumbList","@id":"https:\/\/orientaeduc.com\/archivo\/educacion\/estado-mundial-de-la-infancia-2005#breadcrumb","itemListElement":[{"@type":"ListItem","position":1,"name":"Portada","item":"https:\/\/orientaeduc.com\/archivo"},{"@type":"ListItem","position":2,"name":"Estado Mundial de la Infancia 2005"}]},{"@type":"WebSite","@id":"https:\/\/orientaeduc.com\/archivo\/#website","url":"https:\/\/orientaeduc.com\/archivo\/","name":"Orientaeduc","description":"Recursos para la Orientaci\u00f3n Educativa","publisher":{"@id":"https:\/\/orientaeduc.com\/archivo\/#organization"},"potentialAction":[{"@type":"SearchAction","target":{"@type":"EntryPoint","urlTemplate":"https:\/\/orientaeduc.com\/archivo\/?s={search_term_string}"},"query-input":{"@type":"PropertyValueSpecification","valueRequired":true,"valueName":"search_term_string"}}],"inLanguage":"es"},{"@type":"Organization","@id":"https:\/\/orientaeduc.com\/archivo\/#organization","name":"Orientaeduc.com","url":"https:\/\/orientaeduc.com\/archivo\/","logo":{"@type":"ImageObject","inLanguage":"es","@id":"https:\/\/orientaeduc.com\/archivo\/#\/schema\/logo\/image\/","url":"https:\/\/orientaeduc.com\/archivo\/wp-content\/uploads\/sites\/2\/2020\/04\/orientaeduc_logo.png","contentUrl":"https:\/\/orientaeduc.com\/archivo\/wp-content\/uploads\/sites\/2\/2020\/04\/orientaeduc_logo.png","width":293,"height":76,"caption":"Orientaeduc.com"},"image":{"@id":"https:\/\/orientaeduc.com\/archivo\/#\/schema\/logo\/image\/"}},{"@type":"Person","@id":"https:\/\/orientaeduc.com\/archivo\/#\/schema\/person\/ca93077e3b8d4a14ff357012e2e9a41d","name":"lbarriocanal","image":{"@type":"ImageObject","inLanguage":"es","@id":"https:\/\/secure.gravatar.com\/avatar\/1f6884c182c7dd4f0f5329225cdf4f117f103647fc99811ff87bd059d99aae38?s=96&d=mm&r=g","url":"https:\/\/secure.gravatar.com\/avatar\/1f6884c182c7dd4f0f5329225cdf4f117f103647fc99811ff87bd059d99aae38?s=96&d=mm&r=g","contentUrl":"https:\/\/secure.gravatar.com\/avatar\/1f6884c182c7dd4f0f5329225cdf4f117f103647fc99811ff87bd059d99aae38?s=96&d=mm&r=g","caption":"lbarriocanal"},"sameAs":["https:\/\/www.facebook.com\/lbarriocanal","https:\/\/www.youtube.com\/user\/lbarriocanal\/"]}]}},"_links":{"self":[{"href":"https:\/\/orientaeduc.com\/archivo\/wp-json\/wp\/v2\/posts\/1225","targetHints":{"allow":["GET"]}}],"collection":[{"href":"https:\/\/orientaeduc.com\/archivo\/wp-json\/wp\/v2\/posts"}],"about":[{"href":"https:\/\/orientaeduc.com\/archivo\/wp-json\/wp\/v2\/types\/post"}],"author":[{"embeddable":true,"href":"https:\/\/orientaeduc.com\/archivo\/wp-json\/wp\/v2\/users\/4"}],"replies":[{"embeddable":true,"href":"https:\/\/orientaeduc.com\/archivo\/wp-json\/wp\/v2\/comments?post=1225"}],"version-history":[{"count":0,"href":"https:\/\/orientaeduc.com\/archivo\/wp-json\/wp\/v2\/posts\/1225\/revisions"}],"wp:attachment":[{"href":"https:\/\/orientaeduc.com\/archivo\/wp-json\/wp\/v2\/media?parent=1225"}],"wp:term":[{"taxonomy":"category","embeddable":true,"href":"https:\/\/orientaeduc.com\/archivo\/wp-json\/wp\/v2\/categories?post=1225"},{"taxonomy":"post_tag","embeddable":true,"href":"https:\/\/orientaeduc.com\/archivo\/wp-json\/wp\/v2\/tags?post=1225"}],"curies":[{"name":"wp","href":"https:\/\/api.w.org\/{rel}","templated":true}]}}