{"id":1234,"date":"2005-01-19T14:15:45","date_gmt":"2005-01-19T14:15:45","guid":{"rendered":"https:\/\/orientaeduc.com\/archivo\/2005\/01\/19\/cuando-son-las-autoridades-educativas-las-que-maltratan\/"},"modified":"2020-04-07T21:58:18","modified_gmt":"2020-04-07T21:58:18","slug":"cuando-son-las-autoridades-educativas-las-que-maltratan","status":"publish","type":"post","link":"https:\/\/orientaeduc.com\/archivo\/educacion\/cuando-son-las-autoridades-educativas-las-que-maltratan","title":{"rendered":"Cuando son las autoridades educativas las que maltratan"},"content":{"rendered":"<p>Hoy, por primera vez en todo el curso, Alba no ha venido a mi clase. A esta alumna de cuarto curso de ESO le comunicaron ayer que a partir de hoy tendr\u00eda que ir a una clase de tercero y que ya no podr\u00eda seguir escolarizada en el mismo grupo en el que se encontraba desde el comienzo de este curso. <\/p>\n<p>La Consejer\u00eda de Educaci\u00f3n le degrada a estas alturas del a\u00f1o escolar porque unos se\u00f1ores que no la conocen de nada dicen que en su d\u00eda la Direcci\u00f3n Provincial la escolariz\u00f3 en un curso que no le correspond\u00eda. Y lo dicen ahora. <!--more--> <br \/>El caso es que Alba no ha asistido a ning\u00fan centro educativo ordinario en los \u00faltimos tres a\u00f1os, aunque en este tiempo haya recibido la formaci\u00f3n suficiente como para que en el primer trimestre del curso no le haya ido peor que a una buena parte de sus compa\u00f1eros y compa\u00f1eras de clase. De hecho, yo al menos, no he observado que tenga mayores dificultades que ellos. <\/p>\n<p>Pero si era en un curso inferior donde le correspond\u00eda estar por motivos legales era en septiembre cuando se tendr\u00eda que haber dicho y no ahora. Lo que no puede ser es que las deficiencias y la falta de criterios de la administraci\u00f3n acaben perjudicando a quienes menos culpa tienen. <\/p>\n<p>Hace pocos d\u00edas ha cumplido 16 a\u00f1os y por eso dice que si no le permiten seguir con sus compa\u00f1eros no volver\u00e1 m\u00e1s al instituto. Seguramente, quienes le han inducido a tomar esta decisi\u00f3n no la entiendan. Quiz\u00e1 si el presidente de la Junta de Castilla y Le\u00f3n les comunicara que a partir de ma\u00f1ana deber\u00e1n dejar sus c\u00f3modos despachos de altos funcionarios y convertirse en conserjes (con todos mis respetos) entendieran como se puede sentir una joven de16 a\u00f1os a quien se le humilla de esta manera. <\/p>\n<p> Y es que en estos tiempos en los que tanto nos quejamos los profesores de la falta de inter\u00e9s y motivaci\u00f3n de muchos estudiantes, nuestro sistema educativo no puede permitirse perder a alumnas como \u00e9sta. Lo que no puede ser es que las deficiencias y la falta de criterios de la administraci\u00f3n acaben perjudicando a quienes menos culpa tienen. <\/p>\n<p>Quejas ante la Junta de Castilla y Le\u00f3n <br \/><a href=\"http:\/\/www.jcyl.es\/jcyl-client\/jcyl\/cpat\/dgacma\/tkContent?idContent=22541\" target=\"_blank\" rel=\"noopener noreferrer\">http:\/\/www.jcyl.es\/jcyl-client\/jcyl\/cpat\/dgacma\/tkContent?idContent=22541<\/a><\/p>\n","protected":false},"excerpt":{"rendered":"<p>Hoy, por primera vez en todo el curso, Alba no ha venido a mi clase. A esta alumna de cuarto curso de ESO le comunicaron ayer que a partir de hoy tendr\u00eda que ir a una clase de tercero y que ya no podr\u00eda seguir escolarizada en el mismo grupo en el que se encontraba [&hellip;]<\/p>\n","protected":false},"author":4,"featured_media":0,"comment_status":"open","ping_status":"open","sticky":false,"template":"","format":"standard","meta":{"_et_pb_use_builder":"","_et_pb_old_content":"","_et_gb_content_width":"","footnotes":""},"categories":[50],"tags":[],"class_list":["post-1234","post","type-post","status-publish","format-standard","hentry","category-educacion","et-doesnt-have-format-content","et_post_format-et-post-format-standard"],"yoast_head":"<!-- This site is optimized with the Yoast SEO plugin v27.4 - https:\/\/yoast.com\/product\/yoast-seo-wordpress\/ -->\n<title>Cuando son las autoridades educativas las que maltratan - Orientaeduc<\/title>\n<meta name=\"robots\" content=\"index, follow, max-snippet:-1, max-image-preview:large, max-video-preview:-1\" \/>\n<link rel=\"canonical\" href=\"https:\/\/orientaeduc.com\/archivo\/educacion\/cuando-son-las-autoridades-educativas-las-que-maltratan\" \/>\n<meta property=\"og:locale\" content=\"es_ES\" \/>\n<meta property=\"og:type\" content=\"article\" \/>\n<meta property=\"og:title\" content=\"Cuando son las autoridades educativas las que maltratan - Orientaeduc\" \/>\n<meta property=\"og:description\" content=\"Hoy, por primera vez en todo el curso, Alba no ha venido a mi clase. A esta alumna de cuarto curso de ESO le comunicaron ayer que a partir de hoy tendr\u00eda que ir a una clase de tercero y que ya no podr\u00eda seguir escolarizada en el mismo grupo en el que se encontraba [&hellip;]\" \/>\n<meta property=\"og:url\" content=\"https:\/\/orientaeduc.com\/archivo\/educacion\/cuando-son-las-autoridades-educativas-las-que-maltratan\" \/>\n<meta property=\"og:site_name\" content=\"Orientaeduc\" \/>\n<meta property=\"article:author\" content=\"https:\/\/www.facebook.com\/lbarriocanal\" \/>\n<meta property=\"article:published_time\" content=\"2005-01-19T14:15:45+00:00\" \/>\n<meta property=\"article:modified_time\" content=\"2020-04-07T21:58:18+00:00\" \/>\n<meta property=\"og:image\" content=\"https:\/\/storage.googleapis.com\/orientaeduc\/2020\/09\/orientaeduc-orienta-image.jpg\" \/>\n\t<meta property=\"og:image:width\" content=\"978\" \/>\n\t<meta property=\"og:image:height\" content=\"684\" \/>\n\t<meta property=\"og:image:type\" content=\"image\/jpeg\" \/>\n<meta name=\"author\" content=\"lbarriocanal\" \/>\n<meta name=\"twitter:card\" content=\"summary_large_image\" \/>\n<meta name=\"twitter:label1\" content=\"Escrito por\" \/>\n\t<meta name=\"twitter:data1\" content=\"lbarriocanal\" \/>\n\t<meta name=\"twitter:label2\" content=\"Tiempo de lectura\" \/>\n\t<meta name=\"twitter:data2\" content=\"2 minutos\" \/>\n<script type=\"application\/ld+json\" class=\"yoast-schema-graph\">{\"@context\":\"https:\\\/\\\/schema.org\",\"@graph\":[{\"@type\":\"Article\",\"@id\":\"https:\\\/\\\/orientaeduc.com\\\/archivo\\\/educacion\\\/cuando-son-las-autoridades-educativas-las-que-maltratan#article\",\"isPartOf\":{\"@id\":\"https:\\\/\\\/orientaeduc.com\\\/archivo\\\/educacion\\\/cuando-son-las-autoridades-educativas-las-que-maltratan\"},\"author\":{\"name\":\"lbarriocanal\",\"@id\":\"https:\\\/\\\/orientaeduc.com\\\/archivo\\\/#\\\/schema\\\/person\\\/ca93077e3b8d4a14ff357012e2e9a41d\"},\"headline\":\"Cuando son las autoridades educativas las que maltratan\",\"datePublished\":\"2005-01-19T14:15:45+00:00\",\"dateModified\":\"2020-04-07T21:58:18+00:00\",\"mainEntityOfPage\":{\"@id\":\"https:\\\/\\\/orientaeduc.com\\\/archivo\\\/educacion\\\/cuando-son-las-autoridades-educativas-las-que-maltratan\"},\"wordCount\":423,\"commentCount\":0,\"publisher\":{\"@id\":\"https:\\\/\\\/orientaeduc.com\\\/archivo\\\/#organization\"},\"articleSection\":[\"Educaci\u00f3n\"],\"inLanguage\":\"es\",\"potentialAction\":[{\"@type\":\"CommentAction\",\"name\":\"Comment\",\"target\":[\"https:\\\/\\\/orientaeduc.com\\\/archivo\\\/educacion\\\/cuando-son-las-autoridades-educativas-las-que-maltratan#respond\"]}]},{\"@type\":\"WebPage\",\"@id\":\"https:\\\/\\\/orientaeduc.com\\\/archivo\\\/educacion\\\/cuando-son-las-autoridades-educativas-las-que-maltratan\",\"url\":\"https:\\\/\\\/orientaeduc.com\\\/archivo\\\/educacion\\\/cuando-son-las-autoridades-educativas-las-que-maltratan\",\"name\":\"Cuando son las autoridades educativas las que maltratan - Orientaeduc\",\"isPartOf\":{\"@id\":\"https:\\\/\\\/orientaeduc.com\\\/archivo\\\/#website\"},\"datePublished\":\"2005-01-19T14:15:45+00:00\",\"dateModified\":\"2020-04-07T21:58:18+00:00\",\"breadcrumb\":{\"@id\":\"https:\\\/\\\/orientaeduc.com\\\/archivo\\\/educacion\\\/cuando-son-las-autoridades-educativas-las-que-maltratan#breadcrumb\"},\"inLanguage\":\"es\",\"potentialAction\":[{\"@type\":\"ReadAction\",\"target\":[\"https:\\\/\\\/orientaeduc.com\\\/archivo\\\/educacion\\\/cuando-son-las-autoridades-educativas-las-que-maltratan\"]}]},{\"@type\":\"BreadcrumbList\",\"@id\":\"https:\\\/\\\/orientaeduc.com\\\/archivo\\\/educacion\\\/cuando-son-las-autoridades-educativas-las-que-maltratan#breadcrumb\",\"itemListElement\":[{\"@type\":\"ListItem\",\"position\":1,\"name\":\"Portada\",\"item\":\"https:\\\/\\\/orientaeduc.com\\\/archivo\"},{\"@type\":\"ListItem\",\"position\":2,\"name\":\"Cuando son las autoridades educativas las que maltratan\"}]},{\"@type\":\"WebSite\",\"@id\":\"https:\\\/\\\/orientaeduc.com\\\/archivo\\\/#website\",\"url\":\"https:\\\/\\\/orientaeduc.com\\\/archivo\\\/\",\"name\":\"Orientaeduc\",\"description\":\"Recursos para la Orientaci\u00f3n Educativa\",\"publisher\":{\"@id\":\"https:\\\/\\\/orientaeduc.com\\\/archivo\\\/#organization\"},\"potentialAction\":[{\"@type\":\"SearchAction\",\"target\":{\"@type\":\"EntryPoint\",\"urlTemplate\":\"https:\\\/\\\/orientaeduc.com\\\/archivo\\\/?s={search_term_string}\"},\"query-input\":{\"@type\":\"PropertyValueSpecification\",\"valueRequired\":true,\"valueName\":\"search_term_string\"}}],\"inLanguage\":\"es\"},{\"@type\":\"Organization\",\"@id\":\"https:\\\/\\\/orientaeduc.com\\\/archivo\\\/#organization\",\"name\":\"Orientaeduc.com\",\"url\":\"https:\\\/\\\/orientaeduc.com\\\/archivo\\\/\",\"logo\":{\"@type\":\"ImageObject\",\"inLanguage\":\"es\",\"@id\":\"https:\\\/\\\/orientaeduc.com\\\/archivo\\\/#\\\/schema\\\/logo\\\/image\\\/\",\"url\":\"https:\\\/\\\/orientaeduc.com\\\/archivo\\\/wp-content\\\/uploads\\\/sites\\\/2\\\/2020\\\/04\\\/orientaeduc_logo.png\",\"contentUrl\":\"https:\\\/\\\/orientaeduc.com\\\/archivo\\\/wp-content\\\/uploads\\\/sites\\\/2\\\/2020\\\/04\\\/orientaeduc_logo.png\",\"width\":293,\"height\":76,\"caption\":\"Orientaeduc.com\"},\"image\":{\"@id\":\"https:\\\/\\\/orientaeduc.com\\\/archivo\\\/#\\\/schema\\\/logo\\\/image\\\/\"}},{\"@type\":\"Person\",\"@id\":\"https:\\\/\\\/orientaeduc.com\\\/archivo\\\/#\\\/schema\\\/person\\\/ca93077e3b8d4a14ff357012e2e9a41d\",\"name\":\"lbarriocanal\",\"image\":{\"@type\":\"ImageObject\",\"inLanguage\":\"es\",\"@id\":\"https:\\\/\\\/secure.gravatar.com\\\/avatar\\\/1f6884c182c7dd4f0f5329225cdf4f117f103647fc99811ff87bd059d99aae38?s=96&d=mm&r=g\",\"url\":\"https:\\\/\\\/secure.gravatar.com\\\/avatar\\\/1f6884c182c7dd4f0f5329225cdf4f117f103647fc99811ff87bd059d99aae38?s=96&d=mm&r=g\",\"contentUrl\":\"https:\\\/\\\/secure.gravatar.com\\\/avatar\\\/1f6884c182c7dd4f0f5329225cdf4f117f103647fc99811ff87bd059d99aae38?s=96&d=mm&r=g\",\"caption\":\"lbarriocanal\"},\"sameAs\":[\"https:\\\/\\\/www.facebook.com\\\/lbarriocanal\",\"https:\\\/\\\/www.youtube.com\\\/user\\\/lbarriocanal\\\/\"]}]}<\/script>\n<!-- \/ Yoast SEO plugin. -->","yoast_head_json":{"title":"Cuando son las autoridades educativas las que maltratan - Orientaeduc","robots":{"index":"index","follow":"follow","max-snippet":"max-snippet:-1","max-image-preview":"max-image-preview:large","max-video-preview":"max-video-preview:-1"},"canonical":"https:\/\/orientaeduc.com\/archivo\/educacion\/cuando-son-las-autoridades-educativas-las-que-maltratan","og_locale":"es_ES","og_type":"article","og_title":"Cuando son las autoridades educativas las que maltratan - Orientaeduc","og_description":"Hoy, por primera vez en todo el curso, Alba no ha venido a mi clase. A esta alumna de cuarto curso de ESO le comunicaron ayer que a partir de hoy tendr\u00eda que ir a una clase de tercero y que ya no podr\u00eda seguir escolarizada en el mismo grupo en el que se encontraba [&hellip;]","og_url":"https:\/\/orientaeduc.com\/archivo\/educacion\/cuando-son-las-autoridades-educativas-las-que-maltratan","og_site_name":"Orientaeduc","article_author":"https:\/\/www.facebook.com\/lbarriocanal","article_published_time":"2005-01-19T14:15:45+00:00","article_modified_time":"2020-04-07T21:58:18+00:00","og_image":[{"width":978,"height":684,"url":"https:\/\/storage.googleapis.com\/orientaeduc\/2020\/09\/orientaeduc-orienta-image.jpg","type":"image\/jpeg"}],"author":"lbarriocanal","twitter_card":"summary_large_image","twitter_misc":{"Escrito por":"lbarriocanal","Tiempo de lectura":"2 minutos"},"schema":{"@context":"https:\/\/schema.org","@graph":[{"@type":"Article","@id":"https:\/\/orientaeduc.com\/archivo\/educacion\/cuando-son-las-autoridades-educativas-las-que-maltratan#article","isPartOf":{"@id":"https:\/\/orientaeduc.com\/archivo\/educacion\/cuando-son-las-autoridades-educativas-las-que-maltratan"},"author":{"name":"lbarriocanal","@id":"https:\/\/orientaeduc.com\/archivo\/#\/schema\/person\/ca93077e3b8d4a14ff357012e2e9a41d"},"headline":"Cuando son las autoridades educativas las que maltratan","datePublished":"2005-01-19T14:15:45+00:00","dateModified":"2020-04-07T21:58:18+00:00","mainEntityOfPage":{"@id":"https:\/\/orientaeduc.com\/archivo\/educacion\/cuando-son-las-autoridades-educativas-las-que-maltratan"},"wordCount":423,"commentCount":0,"publisher":{"@id":"https:\/\/orientaeduc.com\/archivo\/#organization"},"articleSection":["Educaci\u00f3n"],"inLanguage":"es","potentialAction":[{"@type":"CommentAction","name":"Comment","target":["https:\/\/orientaeduc.com\/archivo\/educacion\/cuando-son-las-autoridades-educativas-las-que-maltratan#respond"]}]},{"@type":"WebPage","@id":"https:\/\/orientaeduc.com\/archivo\/educacion\/cuando-son-las-autoridades-educativas-las-que-maltratan","url":"https:\/\/orientaeduc.com\/archivo\/educacion\/cuando-son-las-autoridades-educativas-las-que-maltratan","name":"Cuando son las autoridades educativas las que maltratan - Orientaeduc","isPartOf":{"@id":"https:\/\/orientaeduc.com\/archivo\/#website"},"datePublished":"2005-01-19T14:15:45+00:00","dateModified":"2020-04-07T21:58:18+00:00","breadcrumb":{"@id":"https:\/\/orientaeduc.com\/archivo\/educacion\/cuando-son-las-autoridades-educativas-las-que-maltratan#breadcrumb"},"inLanguage":"es","potentialAction":[{"@type":"ReadAction","target":["https:\/\/orientaeduc.com\/archivo\/educacion\/cuando-son-las-autoridades-educativas-las-que-maltratan"]}]},{"@type":"BreadcrumbList","@id":"https:\/\/orientaeduc.com\/archivo\/educacion\/cuando-son-las-autoridades-educativas-las-que-maltratan#breadcrumb","itemListElement":[{"@type":"ListItem","position":1,"name":"Portada","item":"https:\/\/orientaeduc.com\/archivo"},{"@type":"ListItem","position":2,"name":"Cuando son las autoridades educativas las que maltratan"}]},{"@type":"WebSite","@id":"https:\/\/orientaeduc.com\/archivo\/#website","url":"https:\/\/orientaeduc.com\/archivo\/","name":"Orientaeduc","description":"Recursos para la Orientaci\u00f3n Educativa","publisher":{"@id":"https:\/\/orientaeduc.com\/archivo\/#organization"},"potentialAction":[{"@type":"SearchAction","target":{"@type":"EntryPoint","urlTemplate":"https:\/\/orientaeduc.com\/archivo\/?s={search_term_string}"},"query-input":{"@type":"PropertyValueSpecification","valueRequired":true,"valueName":"search_term_string"}}],"inLanguage":"es"},{"@type":"Organization","@id":"https:\/\/orientaeduc.com\/archivo\/#organization","name":"Orientaeduc.com","url":"https:\/\/orientaeduc.com\/archivo\/","logo":{"@type":"ImageObject","inLanguage":"es","@id":"https:\/\/orientaeduc.com\/archivo\/#\/schema\/logo\/image\/","url":"https:\/\/orientaeduc.com\/archivo\/wp-content\/uploads\/sites\/2\/2020\/04\/orientaeduc_logo.png","contentUrl":"https:\/\/orientaeduc.com\/archivo\/wp-content\/uploads\/sites\/2\/2020\/04\/orientaeduc_logo.png","width":293,"height":76,"caption":"Orientaeduc.com"},"image":{"@id":"https:\/\/orientaeduc.com\/archivo\/#\/schema\/logo\/image\/"}},{"@type":"Person","@id":"https:\/\/orientaeduc.com\/archivo\/#\/schema\/person\/ca93077e3b8d4a14ff357012e2e9a41d","name":"lbarriocanal","image":{"@type":"ImageObject","inLanguage":"es","@id":"https:\/\/secure.gravatar.com\/avatar\/1f6884c182c7dd4f0f5329225cdf4f117f103647fc99811ff87bd059d99aae38?s=96&d=mm&r=g","url":"https:\/\/secure.gravatar.com\/avatar\/1f6884c182c7dd4f0f5329225cdf4f117f103647fc99811ff87bd059d99aae38?s=96&d=mm&r=g","contentUrl":"https:\/\/secure.gravatar.com\/avatar\/1f6884c182c7dd4f0f5329225cdf4f117f103647fc99811ff87bd059d99aae38?s=96&d=mm&r=g","caption":"lbarriocanal"},"sameAs":["https:\/\/www.facebook.com\/lbarriocanal","https:\/\/www.youtube.com\/user\/lbarriocanal\/"]}]}},"_links":{"self":[{"href":"https:\/\/orientaeduc.com\/archivo\/wp-json\/wp\/v2\/posts\/1234","targetHints":{"allow":["GET"]}}],"collection":[{"href":"https:\/\/orientaeduc.com\/archivo\/wp-json\/wp\/v2\/posts"}],"about":[{"href":"https:\/\/orientaeduc.com\/archivo\/wp-json\/wp\/v2\/types\/post"}],"author":[{"embeddable":true,"href":"https:\/\/orientaeduc.com\/archivo\/wp-json\/wp\/v2\/users\/4"}],"replies":[{"embeddable":true,"href":"https:\/\/orientaeduc.com\/archivo\/wp-json\/wp\/v2\/comments?post=1234"}],"version-history":[{"count":0,"href":"https:\/\/orientaeduc.com\/archivo\/wp-json\/wp\/v2\/posts\/1234\/revisions"}],"wp:attachment":[{"href":"https:\/\/orientaeduc.com\/archivo\/wp-json\/wp\/v2\/media?parent=1234"}],"wp:term":[{"taxonomy":"category","embeddable":true,"href":"https:\/\/orientaeduc.com\/archivo\/wp-json\/wp\/v2\/categories?post=1234"},{"taxonomy":"post_tag","embeddable":true,"href":"https:\/\/orientaeduc.com\/archivo\/wp-json\/wp\/v2\/tags?post=1234"}],"curies":[{"name":"wp","href":"https:\/\/api.w.org\/{rel}","templated":true}]}}