{"id":1236,"date":"2005-02-02T16:26:30","date_gmt":"2005-02-02T16:26:30","guid":{"rendered":"https:\/\/orientaeduc.com\/archivo\/2005\/02\/02\/orden-para-el-fomento-de-la-convivencia-en-centros-docentes-de-castilla-y-leon-2\/"},"modified":"2020-04-07T18:34:56","modified_gmt":"2020-04-07T18:34:56","slug":"orden-para-el-fomento-de-la-convivencia-en-centros-docentes-de-castilla-y-leon-2","status":"publish","type":"post","link":"https:\/\/orientaeduc.com\/archivo\/educacion\/convivencia\/orden-para-el-fomento-de-la-convivencia-en-centros-docentes-de-castilla-y-leon-2","title":{"rendered":"Orden para el fomento de la convivencia en centros docentes de Castilla y Le\u00f3n"},"content":{"rendered":"<p> <\/p>\n<div align=\"justify\"><strong>Una <a target=\"_blank\" href=\"http:\/\/bocyl.jcyl.es\/servlet\/servletpdf?cntr=1&#038;fdr=1150&#038;file=1673&#038;ext=PDF&#038;num=6\" rel=\"noopener noreferrer\">orden de la Consejer\u00eda de Educaci\u00f3n<\/a> regula los instrumentos para fomentar la convivencia en los centros educativos.<\/strong><\/p>\n<p>  Contiene entre otras cosas un protocolo de actuaci\u00f3n para casos de acoso entre escolares.  <br \/>  La Junta pretende fomentar una cultura de convivencia en la que se impliquen direcci\u00f3n, docentes, alumnos y padres.  <\/p><\/div>\n<p> <!--more--> <br \/>La orden, de aplicaci\u00f3n en los centros docentes sostenidos con fondos p\u00fablicos en la Comunidad, persigue el fomento de la convivencia con el desarrollo adecuado de las relaciones entre todos los integrantes de la comunidad educativa, con una especial atenci\u00f3n a &quot;los alumnos que presenten alteraciones en el comportamiento&quot;. <\/p>\n<p>Como actuaciones m\u00e1s significativas, el Equipo Directivo de cada centro deber\u00e1 elaborar un Plan de Convivencia anual, que tendr\u00e1 en cuenta las medidas e iniciativas propuestas por el Consejo Escolar y Claustro de Profesores. La Comisi\u00f3n de Convivencia del Consejo Escolar, que deber\u00eda venir funcionando desde el a&ntilde;o 96 en todos los centros, deber\u00e1 elaborar trimestralmente un informe sobre las incidencias en ese periodo. Lo mismo que deber\u00e1n hacer las direcciones provinciales y la Consejer\u00eda de Educaci\u00f3n en los \u00e1mbitos provincial y regional, respectivamente. <\/p>\n<p>Los centros deber\u00e1n poner en marcha actuaciones para prevenir y solventar las alteraciones de comportamiento y ante situaciones de posible intimidaci\u00f3n y acoso entre alumnos, que deber\u00e1n incorporarse al Plan de Convivencia, para lo que la Consejer\u00eda propone sendos protocolos de actuaci\u00f3n. <\/p>\n<p>Otra de la claves de este plan ser\u00e1 el aspecto formativo. De ah\u00ed que Educaci\u00f3n tenga previsto organizar, &laquo;con car\u00e1cter urgente&raquo;, cursos destinados a los responsables educativos, a directores de centros, profesorado y personal no docente y a los padres. <\/p>\n<p>M\u00e1s Informaci\u00f3n <br \/><a target=\"_blank\" href=\"http:\/\/www.estrelladigital.es\/articulo.asp?sec=esp&#038;fech=01\/02\/2005&#038;name=acoso\" rel=\"noopener noreferrer\">http:\/\/www.estrelladigital.es\/articulo.asp?sec=esp&amp;fech=01\/02\/2005&amp;name=acoso<\/a>  <br \/><a target=\"_blank\" href=\"http:\/\/servicios.nortecastilla.es\/pg050201\/prensa\/noticias\/Palencia\/200502\/01\/VAL-PAL-030.html\" rel=\"noopener noreferrer\">http:\/\/servicios.nortecastilla.es\/pg050201\/prensa\/noticias\/Palencia\/200502\/01\/VAL-PAL-030.html<\/a> <\/p>\n<p> Descarga del texto de la Orden<br \/> <a target=\"_blank\" href=\"http:\/\/bocyl.jcyl.es\/servlet\/servletpdf?cntr=1&#038;fdr=1150&#038;file=1673&#038;ext=PDF&#038;num=6\" rel=\"noopener noreferrer\">Orden de la Consejer\u00eda de Educaci\u00f3n<\/a><\/p>\n","protected":false},"excerpt":{"rendered":"<p>Una orden de la Consejer\u00eda de Educaci\u00f3n regula los instrumentos para fomentar la convivencia en los centros educativos. Contiene entre otras cosas un protocolo de actuaci\u00f3n para casos de acoso entre escolares. La Junta pretende fomentar una cultura de convivencia en la que se impliquen direcci\u00f3n, docentes, alumnos y padres.<\/p>\n","protected":false},"author":4,"featured_media":0,"comment_status":"open","ping_status":"open","sticky":false,"template":"","format":"standard","meta":{"_et_pb_use_builder":"","_et_pb_old_content":"","_et_gb_content_width":"","footnotes":""},"categories":[66],"tags":[],"class_list":["post-1236","post","type-post","status-publish","format-standard","hentry","category-convivencia","et-doesnt-have-format-content","et_post_format-et-post-format-standard"],"yoast_head":"<!-- This site is optimized with the Yoast SEO plugin v27.4 - https:\/\/yoast.com\/product\/yoast-seo-wordpress\/ -->\n<title>Orden para el fomento de la convivencia en centros docentes de Castilla y Le\u00f3n - Orientaeduc<\/title>\n<meta name=\"robots\" content=\"index, follow, max-snippet:-1, max-image-preview:large, max-video-preview:-1\" \/>\n<link rel=\"canonical\" href=\"https:\/\/orientaeduc.com\/archivo\/educacion\/convivencia\/orden-para-el-fomento-de-la-convivencia-en-centros-docentes-de-castilla-y-leon-2\" \/>\n<meta property=\"og:locale\" content=\"es_ES\" \/>\n<meta property=\"og:type\" content=\"article\" \/>\n<meta property=\"og:title\" content=\"Orden para el fomento de la convivencia en centros docentes de Castilla y Le\u00f3n - Orientaeduc\" \/>\n<meta property=\"og:description\" content=\"Una orden de la Consejer\u00eda de Educaci\u00f3n regula los instrumentos para fomentar la convivencia en los centros educativos. Contiene entre otras cosas un protocolo de actuaci\u00f3n para casos de acoso entre escolares. La Junta pretende fomentar una cultura de convivencia en la que se impliquen direcci\u00f3n, docentes, alumnos y padres.\" \/>\n<meta property=\"og:url\" content=\"https:\/\/orientaeduc.com\/archivo\/educacion\/convivencia\/orden-para-el-fomento-de-la-convivencia-en-centros-docentes-de-castilla-y-leon-2\" \/>\n<meta property=\"og:site_name\" content=\"Orientaeduc\" \/>\n<meta property=\"article:author\" content=\"https:\/\/www.facebook.com\/lbarriocanal\" \/>\n<meta property=\"article:published_time\" content=\"2005-02-02T16:26:30+00:00\" \/>\n<meta property=\"article:modified_time\" content=\"2020-04-07T18:34:56+00:00\" \/>\n<meta property=\"og:image\" content=\"https:\/\/storage.googleapis.com\/orientaeduc\/2020\/09\/orientaeduc-orienta-image.jpg\" \/>\n\t<meta property=\"og:image:width\" content=\"978\" \/>\n\t<meta property=\"og:image:height\" content=\"684\" \/>\n\t<meta property=\"og:image:type\" content=\"image\/jpeg\" \/>\n<meta name=\"author\" content=\"lbarriocanal\" \/>\n<meta name=\"twitter:card\" content=\"summary_large_image\" \/>\n<meta name=\"twitter:label1\" content=\"Escrito por\" \/>\n\t<meta name=\"twitter:data1\" content=\"lbarriocanal\" \/>\n\t<meta name=\"twitter:label2\" content=\"Tiempo de lectura\" \/>\n\t<meta name=\"twitter:data2\" content=\"2 minutos\" \/>\n<script type=\"application\/ld+json\" class=\"yoast-schema-graph\">{\"@context\":\"https:\\\/\\\/schema.org\",\"@graph\":[{\"@type\":\"Article\",\"@id\":\"https:\\\/\\\/orientaeduc.com\\\/archivo\\\/educacion\\\/convivencia\\\/orden-para-el-fomento-de-la-convivencia-en-centros-docentes-de-castilla-y-leon-2#article\",\"isPartOf\":{\"@id\":\"https:\\\/\\\/orientaeduc.com\\\/archivo\\\/educacion\\\/convivencia\\\/orden-para-el-fomento-de-la-convivencia-en-centros-docentes-de-castilla-y-leon-2\"},\"author\":{\"name\":\"lbarriocanal\",\"@id\":\"https:\\\/\\\/orientaeduc.com\\\/archivo\\\/#\\\/schema\\\/person\\\/ca93077e3b8d4a14ff357012e2e9a41d\"},\"headline\":\"Orden para el fomento de la convivencia en centros docentes de Castilla y Le\u00f3n\",\"datePublished\":\"2005-02-02T16:26:30+00:00\",\"dateModified\":\"2020-04-07T18:34:56+00:00\",\"mainEntityOfPage\":{\"@id\":\"https:\\\/\\\/orientaeduc.com\\\/archivo\\\/educacion\\\/convivencia\\\/orden-para-el-fomento-de-la-convivencia-en-centros-docentes-de-castilla-y-leon-2\"},\"wordCount\":346,\"commentCount\":0,\"publisher\":{\"@id\":\"https:\\\/\\\/orientaeduc.com\\\/archivo\\\/#organization\"},\"articleSection\":[\"Convivencia Escolar\"],\"inLanguage\":\"es\",\"potentialAction\":[{\"@type\":\"CommentAction\",\"name\":\"Comment\",\"target\":[\"https:\\\/\\\/orientaeduc.com\\\/archivo\\\/educacion\\\/convivencia\\\/orden-para-el-fomento-de-la-convivencia-en-centros-docentes-de-castilla-y-leon-2#respond\"]}]},{\"@type\":\"WebPage\",\"@id\":\"https:\\\/\\\/orientaeduc.com\\\/archivo\\\/educacion\\\/convivencia\\\/orden-para-el-fomento-de-la-convivencia-en-centros-docentes-de-castilla-y-leon-2\",\"url\":\"https:\\\/\\\/orientaeduc.com\\\/archivo\\\/educacion\\\/convivencia\\\/orden-para-el-fomento-de-la-convivencia-en-centros-docentes-de-castilla-y-leon-2\",\"name\":\"Orden para el fomento de la convivencia en centros docentes de Castilla y Le\u00f3n - Orientaeduc\",\"isPartOf\":{\"@id\":\"https:\\\/\\\/orientaeduc.com\\\/archivo\\\/#website\"},\"datePublished\":\"2005-02-02T16:26:30+00:00\",\"dateModified\":\"2020-04-07T18:34:56+00:00\",\"breadcrumb\":{\"@id\":\"https:\\\/\\\/orientaeduc.com\\\/archivo\\\/educacion\\\/convivencia\\\/orden-para-el-fomento-de-la-convivencia-en-centros-docentes-de-castilla-y-leon-2#breadcrumb\"},\"inLanguage\":\"es\",\"potentialAction\":[{\"@type\":\"ReadAction\",\"target\":[\"https:\\\/\\\/orientaeduc.com\\\/archivo\\\/educacion\\\/convivencia\\\/orden-para-el-fomento-de-la-convivencia-en-centros-docentes-de-castilla-y-leon-2\"]}]},{\"@type\":\"BreadcrumbList\",\"@id\":\"https:\\\/\\\/orientaeduc.com\\\/archivo\\\/educacion\\\/convivencia\\\/orden-para-el-fomento-de-la-convivencia-en-centros-docentes-de-castilla-y-leon-2#breadcrumb\",\"itemListElement\":[{\"@type\":\"ListItem\",\"position\":1,\"name\":\"Portada\",\"item\":\"https:\\\/\\\/orientaeduc.com\\\/archivo\"},{\"@type\":\"ListItem\",\"position\":2,\"name\":\"Orden para el fomento de la convivencia en centros docentes de Castilla y Le\u00f3n\"}]},{\"@type\":\"WebSite\",\"@id\":\"https:\\\/\\\/orientaeduc.com\\\/archivo\\\/#website\",\"url\":\"https:\\\/\\\/orientaeduc.com\\\/archivo\\\/\",\"name\":\"Orientaeduc\",\"description\":\"Recursos para la Orientaci\u00f3n Educativa\",\"publisher\":{\"@id\":\"https:\\\/\\\/orientaeduc.com\\\/archivo\\\/#organization\"},\"potentialAction\":[{\"@type\":\"SearchAction\",\"target\":{\"@type\":\"EntryPoint\",\"urlTemplate\":\"https:\\\/\\\/orientaeduc.com\\\/archivo\\\/?s={search_term_string}\"},\"query-input\":{\"@type\":\"PropertyValueSpecification\",\"valueRequired\":true,\"valueName\":\"search_term_string\"}}],\"inLanguage\":\"es\"},{\"@type\":\"Organization\",\"@id\":\"https:\\\/\\\/orientaeduc.com\\\/archivo\\\/#organization\",\"name\":\"Orientaeduc.com\",\"url\":\"https:\\\/\\\/orientaeduc.com\\\/archivo\\\/\",\"logo\":{\"@type\":\"ImageObject\",\"inLanguage\":\"es\",\"@id\":\"https:\\\/\\\/orientaeduc.com\\\/archivo\\\/#\\\/schema\\\/logo\\\/image\\\/\",\"url\":\"https:\\\/\\\/orientaeduc.com\\\/archivo\\\/wp-content\\\/uploads\\\/sites\\\/2\\\/2020\\\/04\\\/orientaeduc_logo.png\",\"contentUrl\":\"https:\\\/\\\/orientaeduc.com\\\/archivo\\\/wp-content\\\/uploads\\\/sites\\\/2\\\/2020\\\/04\\\/orientaeduc_logo.png\",\"width\":293,\"height\":76,\"caption\":\"Orientaeduc.com\"},\"image\":{\"@id\":\"https:\\\/\\\/orientaeduc.com\\\/archivo\\\/#\\\/schema\\\/logo\\\/image\\\/\"}},{\"@type\":\"Person\",\"@id\":\"https:\\\/\\\/orientaeduc.com\\\/archivo\\\/#\\\/schema\\\/person\\\/ca93077e3b8d4a14ff357012e2e9a41d\",\"name\":\"lbarriocanal\",\"image\":{\"@type\":\"ImageObject\",\"inLanguage\":\"es\",\"@id\":\"https:\\\/\\\/secure.gravatar.com\\\/avatar\\\/1f6884c182c7dd4f0f5329225cdf4f117f103647fc99811ff87bd059d99aae38?s=96&d=mm&r=g\",\"url\":\"https:\\\/\\\/secure.gravatar.com\\\/avatar\\\/1f6884c182c7dd4f0f5329225cdf4f117f103647fc99811ff87bd059d99aae38?s=96&d=mm&r=g\",\"contentUrl\":\"https:\\\/\\\/secure.gravatar.com\\\/avatar\\\/1f6884c182c7dd4f0f5329225cdf4f117f103647fc99811ff87bd059d99aae38?s=96&d=mm&r=g\",\"caption\":\"lbarriocanal\"},\"sameAs\":[\"https:\\\/\\\/www.facebook.com\\\/lbarriocanal\",\"https:\\\/\\\/www.youtube.com\\\/user\\\/lbarriocanal\\\/\"]}]}<\/script>\n<!-- \/ Yoast SEO plugin. -->","yoast_head_json":{"title":"Orden para el fomento de la convivencia en centros docentes de Castilla y Le\u00f3n - Orientaeduc","robots":{"index":"index","follow":"follow","max-snippet":"max-snippet:-1","max-image-preview":"max-image-preview:large","max-video-preview":"max-video-preview:-1"},"canonical":"https:\/\/orientaeduc.com\/archivo\/educacion\/convivencia\/orden-para-el-fomento-de-la-convivencia-en-centros-docentes-de-castilla-y-leon-2","og_locale":"es_ES","og_type":"article","og_title":"Orden para el fomento de la convivencia en centros docentes de Castilla y Le\u00f3n - Orientaeduc","og_description":"Una orden de la Consejer\u00eda de Educaci\u00f3n regula los instrumentos para fomentar la convivencia en los centros educativos. Contiene entre otras cosas un protocolo de actuaci\u00f3n para casos de acoso entre escolares. La Junta pretende fomentar una cultura de convivencia en la que se impliquen direcci\u00f3n, docentes, alumnos y padres.","og_url":"https:\/\/orientaeduc.com\/archivo\/educacion\/convivencia\/orden-para-el-fomento-de-la-convivencia-en-centros-docentes-de-castilla-y-leon-2","og_site_name":"Orientaeduc","article_author":"https:\/\/www.facebook.com\/lbarriocanal","article_published_time":"2005-02-02T16:26:30+00:00","article_modified_time":"2020-04-07T18:34:56+00:00","og_image":[{"width":978,"height":684,"url":"https:\/\/storage.googleapis.com\/orientaeduc\/2020\/09\/orientaeduc-orienta-image.jpg","type":"image\/jpeg"}],"author":"lbarriocanal","twitter_card":"summary_large_image","twitter_misc":{"Escrito por":"lbarriocanal","Tiempo de lectura":"2 minutos"},"schema":{"@context":"https:\/\/schema.org","@graph":[{"@type":"Article","@id":"https:\/\/orientaeduc.com\/archivo\/educacion\/convivencia\/orden-para-el-fomento-de-la-convivencia-en-centros-docentes-de-castilla-y-leon-2#article","isPartOf":{"@id":"https:\/\/orientaeduc.com\/archivo\/educacion\/convivencia\/orden-para-el-fomento-de-la-convivencia-en-centros-docentes-de-castilla-y-leon-2"},"author":{"name":"lbarriocanal","@id":"https:\/\/orientaeduc.com\/archivo\/#\/schema\/person\/ca93077e3b8d4a14ff357012e2e9a41d"},"headline":"Orden para el fomento de la convivencia en centros docentes de Castilla y Le\u00f3n","datePublished":"2005-02-02T16:26:30+00:00","dateModified":"2020-04-07T18:34:56+00:00","mainEntityOfPage":{"@id":"https:\/\/orientaeduc.com\/archivo\/educacion\/convivencia\/orden-para-el-fomento-de-la-convivencia-en-centros-docentes-de-castilla-y-leon-2"},"wordCount":346,"commentCount":0,"publisher":{"@id":"https:\/\/orientaeduc.com\/archivo\/#organization"},"articleSection":["Convivencia Escolar"],"inLanguage":"es","potentialAction":[{"@type":"CommentAction","name":"Comment","target":["https:\/\/orientaeduc.com\/archivo\/educacion\/convivencia\/orden-para-el-fomento-de-la-convivencia-en-centros-docentes-de-castilla-y-leon-2#respond"]}]},{"@type":"WebPage","@id":"https:\/\/orientaeduc.com\/archivo\/educacion\/convivencia\/orden-para-el-fomento-de-la-convivencia-en-centros-docentes-de-castilla-y-leon-2","url":"https:\/\/orientaeduc.com\/archivo\/educacion\/convivencia\/orden-para-el-fomento-de-la-convivencia-en-centros-docentes-de-castilla-y-leon-2","name":"Orden para el fomento de la convivencia en centros docentes de Castilla y Le\u00f3n - Orientaeduc","isPartOf":{"@id":"https:\/\/orientaeduc.com\/archivo\/#website"},"datePublished":"2005-02-02T16:26:30+00:00","dateModified":"2020-04-07T18:34:56+00:00","breadcrumb":{"@id":"https:\/\/orientaeduc.com\/archivo\/educacion\/convivencia\/orden-para-el-fomento-de-la-convivencia-en-centros-docentes-de-castilla-y-leon-2#breadcrumb"},"inLanguage":"es","potentialAction":[{"@type":"ReadAction","target":["https:\/\/orientaeduc.com\/archivo\/educacion\/convivencia\/orden-para-el-fomento-de-la-convivencia-en-centros-docentes-de-castilla-y-leon-2"]}]},{"@type":"BreadcrumbList","@id":"https:\/\/orientaeduc.com\/archivo\/educacion\/convivencia\/orden-para-el-fomento-de-la-convivencia-en-centros-docentes-de-castilla-y-leon-2#breadcrumb","itemListElement":[{"@type":"ListItem","position":1,"name":"Portada","item":"https:\/\/orientaeduc.com\/archivo"},{"@type":"ListItem","position":2,"name":"Orden para el fomento de la convivencia en centros docentes de Castilla y Le\u00f3n"}]},{"@type":"WebSite","@id":"https:\/\/orientaeduc.com\/archivo\/#website","url":"https:\/\/orientaeduc.com\/archivo\/","name":"Orientaeduc","description":"Recursos para la Orientaci\u00f3n Educativa","publisher":{"@id":"https:\/\/orientaeduc.com\/archivo\/#organization"},"potentialAction":[{"@type":"SearchAction","target":{"@type":"EntryPoint","urlTemplate":"https:\/\/orientaeduc.com\/archivo\/?s={search_term_string}"},"query-input":{"@type":"PropertyValueSpecification","valueRequired":true,"valueName":"search_term_string"}}],"inLanguage":"es"},{"@type":"Organization","@id":"https:\/\/orientaeduc.com\/archivo\/#organization","name":"Orientaeduc.com","url":"https:\/\/orientaeduc.com\/archivo\/","logo":{"@type":"ImageObject","inLanguage":"es","@id":"https:\/\/orientaeduc.com\/archivo\/#\/schema\/logo\/image\/","url":"https:\/\/orientaeduc.com\/archivo\/wp-content\/uploads\/sites\/2\/2020\/04\/orientaeduc_logo.png","contentUrl":"https:\/\/orientaeduc.com\/archivo\/wp-content\/uploads\/sites\/2\/2020\/04\/orientaeduc_logo.png","width":293,"height":76,"caption":"Orientaeduc.com"},"image":{"@id":"https:\/\/orientaeduc.com\/archivo\/#\/schema\/logo\/image\/"}},{"@type":"Person","@id":"https:\/\/orientaeduc.com\/archivo\/#\/schema\/person\/ca93077e3b8d4a14ff357012e2e9a41d","name":"lbarriocanal","image":{"@type":"ImageObject","inLanguage":"es","@id":"https:\/\/secure.gravatar.com\/avatar\/1f6884c182c7dd4f0f5329225cdf4f117f103647fc99811ff87bd059d99aae38?s=96&d=mm&r=g","url":"https:\/\/secure.gravatar.com\/avatar\/1f6884c182c7dd4f0f5329225cdf4f117f103647fc99811ff87bd059d99aae38?s=96&d=mm&r=g","contentUrl":"https:\/\/secure.gravatar.com\/avatar\/1f6884c182c7dd4f0f5329225cdf4f117f103647fc99811ff87bd059d99aae38?s=96&d=mm&r=g","caption":"lbarriocanal"},"sameAs":["https:\/\/www.facebook.com\/lbarriocanal","https:\/\/www.youtube.com\/user\/lbarriocanal\/"]}]}},"_links":{"self":[{"href":"https:\/\/orientaeduc.com\/archivo\/wp-json\/wp\/v2\/posts\/1236","targetHints":{"allow":["GET"]}}],"collection":[{"href":"https:\/\/orientaeduc.com\/archivo\/wp-json\/wp\/v2\/posts"}],"about":[{"href":"https:\/\/orientaeduc.com\/archivo\/wp-json\/wp\/v2\/types\/post"}],"author":[{"embeddable":true,"href":"https:\/\/orientaeduc.com\/archivo\/wp-json\/wp\/v2\/users\/4"}],"replies":[{"embeddable":true,"href":"https:\/\/orientaeduc.com\/archivo\/wp-json\/wp\/v2\/comments?post=1236"}],"version-history":[{"count":0,"href":"https:\/\/orientaeduc.com\/archivo\/wp-json\/wp\/v2\/posts\/1236\/revisions"}],"wp:attachment":[{"href":"https:\/\/orientaeduc.com\/archivo\/wp-json\/wp\/v2\/media?parent=1236"}],"wp:term":[{"taxonomy":"category","embeddable":true,"href":"https:\/\/orientaeduc.com\/archivo\/wp-json\/wp\/v2\/categories?post=1236"},{"taxonomy":"post_tag","embeddable":true,"href":"https:\/\/orientaeduc.com\/archivo\/wp-json\/wp\/v2\/tags?post=1236"}],"curies":[{"name":"wp","href":"https:\/\/api.w.org\/{rel}","templated":true}]}}