{"id":1263,"date":"2005-06-10T02:28:06","date_gmt":"2005-06-10T02:28:06","guid":{"rendered":"https:\/\/orientaeduc.com\/archivo\/2005\/06\/10\/blogs-contra-el-bullying-y-por-la-convivencia-escolar\/"},"modified":"2020-04-07T18:34:34","modified_gmt":"2020-04-07T18:34:34","slug":"blogs-contra-el-bullying-y-por-la-convivencia-escolar","status":"publish","type":"post","link":"https:\/\/orientaeduc.com\/archivo\/educacion\/convivencia\/blogs-contra-el-bullying-y-por-la-convivencia-escolar","title":{"rendered":"Blogs contra el Bullying y por la convivencia escolar"},"content":{"rendered":"<p><\/p>\n<div align=\"justify\"><img loading=\"lazy\" decoding=\"async\" width=\"120\" vspace=\"6\" hspace=\"6\" height=\"98\" border=\"0\" align=\"left\" title=\"convivir.jpg\" alt=\"convivir.jpg\" src=\"http:\/\/www.aulablog.com\/images\/stories\/actualidad\/convivir.jpg\" \/>Los blogs se han convertido tambi\u00e9n en una excelente v\u00eda para promover la toma de conciencia social sobre los problemas que afectan al mundo educativo.<\/p>\n<p> Presentamos dos blogs o bit\u00e1coras que son buen ejemplo de ello.<\/p>\n<p><\/div>\n<p> <!--more--> <\/p>\n<div align=\"justify\"> <a href=\"http:\/\/argijokin.blogcindario.com\/\" target=\"_blank\" rel=\"noopener noreferrer\">La Mirada de Jokin<\/a> pretende ser un referente permanente contra el maltrato en el \u00e1mbito escolar. Su autor recoge diariamente todo lo que se publica en los medios escritos en relaci\u00f3n al fen\u00f3meno del Bullying, que a la vista de la frecuencia con la que se actualiza este blog es bastante. De hecho es la bit\u00e1cora que dentro de la <a href=\"http:\/\/www.blogcindario.com\/index.php?a=cat&#038;c=8\" target=\"_blank\" rel=\"noopener noreferrer\">categor\u00eda de educaci\u00f3n de Miarroba.com<\/a> m\u00e1s art\u00edculos lleva insertados.<\/p>\n<p>   M\u00e1s centrado en la prevenci\u00f3n y en la b\u00fasqueda de soluciones, el blog de la <a href=\"http:\/\/www.concejoeducativo.org\/sp\/\" target=\"_blank\" rel=\"noopener noreferrer\">Red Educativa de Castilla y Le\u00f3n<\/a> promovido por el MRP <a href=\"http:\/\/www.concejoeducativo.org\/\" target=\"_blank\" rel=\"noopener noreferrer\">Concejo Educativo<\/a> propone unas cuantas herramientas educativas para el fomento de la convivencia en los centros escolares y muestra algunas interesantes experiencias llevadas a cabo en este \u00e1mbito.<\/p><\/div>\n<blockquote><\/blockquote>\n<div align=\"justify\">      <strong> M\u00e1s:<\/p>\n<p> <\/strong> <\/p>\n<ul>\n<li><a href=\"https:\/\/orientaeduc.com\/archivo\/2005\/02\/20\/especial-sobre-convivencia-escolar-2\/\" target=\"_self\" rel=\"noopener noreferrer\">Especial sobre convivencia escolar en Orientaeduc.com<\/a><\/li>\n<li> <a href=\"http:\/\/www.aulablog.com\/crea-tu-blog\/ayudas\/que-es-un-blog-\" target=\"_blank\" rel=\"noopener noreferrer\">&iquest;Qu\u00e9 es un blog o bit\u00e1cora?<\/a><\/li>\n<\/ul>\n<p> <\/p>\n<ul>     <\/ul>\n<\/p><\/div>\n<div align=\"justify\">\n<ul> <\/ul>\n<\/div>\n<blockquote><\/blockquote>\n<blockquote><\/blockquote>\n","protected":false},"excerpt":{"rendered":"<p>Los blogs se han convertido tambi\u00e9n en una excelente v\u00eda para promover la toma de conciencia social sobre los problemas que afectan al mundo educativo. Presentamos dos blogs o bit\u00e1coras que son buen ejemplo de ello.<\/p>\n","protected":false},"author":4,"featured_media":0,"comment_status":"open","ping_status":"open","sticky":false,"template":"","format":"standard","meta":{"_et_pb_use_builder":"","_et_pb_old_content":"","_et_gb_content_width":"","footnotes":""},"categories":[66],"tags":[],"class_list":["post-1263","post","type-post","status-publish","format-standard","hentry","category-convivencia","et-doesnt-have-format-content","et_post_format-et-post-format-standard"],"yoast_head":"<!-- This site is optimized with the Yoast SEO plugin v27.4 - https:\/\/yoast.com\/product\/yoast-seo-wordpress\/ -->\n<title>Blogs contra el Bullying y por la convivencia escolar - Orientaeduc<\/title>\n<meta name=\"robots\" content=\"index, follow, max-snippet:-1, max-image-preview:large, max-video-preview:-1\" \/>\n<link rel=\"canonical\" href=\"https:\/\/orientaeduc.com\/archivo\/educacion\/convivencia\/blogs-contra-el-bullying-y-por-la-convivencia-escolar\" \/>\n<meta property=\"og:locale\" content=\"es_ES\" \/>\n<meta property=\"og:type\" content=\"article\" \/>\n<meta property=\"og:title\" content=\"Blogs contra el Bullying y por la convivencia escolar - Orientaeduc\" \/>\n<meta property=\"og:description\" content=\"Los blogs se han convertido tambi\u00e9n en una excelente v\u00eda para promover la toma de conciencia social sobre los problemas que afectan al mundo educativo. Presentamos dos blogs o bit\u00e1coras que son buen ejemplo de ello.\" \/>\n<meta property=\"og:url\" content=\"https:\/\/orientaeduc.com\/archivo\/educacion\/convivencia\/blogs-contra-el-bullying-y-por-la-convivencia-escolar\" \/>\n<meta property=\"og:site_name\" content=\"Orientaeduc\" \/>\n<meta property=\"article:author\" content=\"https:\/\/www.facebook.com\/lbarriocanal\" \/>\n<meta property=\"article:published_time\" content=\"2005-06-10T02:28:06+00:00\" \/>\n<meta property=\"article:modified_time\" content=\"2020-04-07T18:34:34+00:00\" \/>\n<meta property=\"og:image\" content=\"http:\/\/www.aulablog.com\/images\/stories\/actualidad\/convivir.jpg\" \/>\n<meta name=\"author\" content=\"lbarriocanal\" \/>\n<meta name=\"twitter:card\" content=\"summary_large_image\" \/>\n<meta name=\"twitter:label1\" content=\"Escrito por\" \/>\n\t<meta name=\"twitter:data1\" content=\"lbarriocanal\" \/>\n\t<meta name=\"twitter:label2\" content=\"Tiempo de lectura\" \/>\n\t<meta name=\"twitter:data2\" content=\"1 minuto\" \/>\n<script type=\"application\/ld+json\" class=\"yoast-schema-graph\">{\"@context\":\"https:\\\/\\\/schema.org\",\"@graph\":[{\"@type\":\"Article\",\"@id\":\"https:\\\/\\\/orientaeduc.com\\\/archivo\\\/educacion\\\/convivencia\\\/blogs-contra-el-bullying-y-por-la-convivencia-escolar#article\",\"isPartOf\":{\"@id\":\"https:\\\/\\\/orientaeduc.com\\\/archivo\\\/educacion\\\/convivencia\\\/blogs-contra-el-bullying-y-por-la-convivencia-escolar\"},\"author\":{\"name\":\"lbarriocanal\",\"@id\":\"https:\\\/\\\/orientaeduc.com\\\/archivo\\\/#\\\/schema\\\/person\\\/ca93077e3b8d4a14ff357012e2e9a41d\"},\"headline\":\"Blogs contra el Bullying y por la convivencia escolar\",\"datePublished\":\"2005-06-10T02:28:06+00:00\",\"dateModified\":\"2020-04-07T18:34:34+00:00\",\"mainEntityOfPage\":{\"@id\":\"https:\\\/\\\/orientaeduc.com\\\/archivo\\\/educacion\\\/convivencia\\\/blogs-contra-el-bullying-y-por-la-convivencia-escolar\"},\"wordCount\":199,\"commentCount\":0,\"publisher\":{\"@id\":\"https:\\\/\\\/orientaeduc.com\\\/archivo\\\/#organization\"},\"image\":{\"@id\":\"https:\\\/\\\/orientaeduc.com\\\/archivo\\\/educacion\\\/convivencia\\\/blogs-contra-el-bullying-y-por-la-convivencia-escolar#primaryimage\"},\"thumbnailUrl\":\"http:\\\/\\\/www.aulablog.com\\\/images\\\/stories\\\/actualidad\\\/convivir.jpg\",\"articleSection\":[\"Convivencia Escolar\"],\"inLanguage\":\"es\",\"potentialAction\":[{\"@type\":\"CommentAction\",\"name\":\"Comment\",\"target\":[\"https:\\\/\\\/orientaeduc.com\\\/archivo\\\/educacion\\\/convivencia\\\/blogs-contra-el-bullying-y-por-la-convivencia-escolar#respond\"]}]},{\"@type\":\"WebPage\",\"@id\":\"https:\\\/\\\/orientaeduc.com\\\/archivo\\\/educacion\\\/convivencia\\\/blogs-contra-el-bullying-y-por-la-convivencia-escolar\",\"url\":\"https:\\\/\\\/orientaeduc.com\\\/archivo\\\/educacion\\\/convivencia\\\/blogs-contra-el-bullying-y-por-la-convivencia-escolar\",\"name\":\"Blogs contra el Bullying y por la convivencia escolar - Orientaeduc\",\"isPartOf\":{\"@id\":\"https:\\\/\\\/orientaeduc.com\\\/archivo\\\/#website\"},\"primaryImageOfPage\":{\"@id\":\"https:\\\/\\\/orientaeduc.com\\\/archivo\\\/educacion\\\/convivencia\\\/blogs-contra-el-bullying-y-por-la-convivencia-escolar#primaryimage\"},\"image\":{\"@id\":\"https:\\\/\\\/orientaeduc.com\\\/archivo\\\/educacion\\\/convivencia\\\/blogs-contra-el-bullying-y-por-la-convivencia-escolar#primaryimage\"},\"thumbnailUrl\":\"http:\\\/\\\/www.aulablog.com\\\/images\\\/stories\\\/actualidad\\\/convivir.jpg\",\"datePublished\":\"2005-06-10T02:28:06+00:00\",\"dateModified\":\"2020-04-07T18:34:34+00:00\",\"breadcrumb\":{\"@id\":\"https:\\\/\\\/orientaeduc.com\\\/archivo\\\/educacion\\\/convivencia\\\/blogs-contra-el-bullying-y-por-la-convivencia-escolar#breadcrumb\"},\"inLanguage\":\"es\",\"potentialAction\":[{\"@type\":\"ReadAction\",\"target\":[\"https:\\\/\\\/orientaeduc.com\\\/archivo\\\/educacion\\\/convivencia\\\/blogs-contra-el-bullying-y-por-la-convivencia-escolar\"]}]},{\"@type\":\"ImageObject\",\"inLanguage\":\"es\",\"@id\":\"https:\\\/\\\/orientaeduc.com\\\/archivo\\\/educacion\\\/convivencia\\\/blogs-contra-el-bullying-y-por-la-convivencia-escolar#primaryimage\",\"url\":\"http:\\\/\\\/www.aulablog.com\\\/images\\\/stories\\\/actualidad\\\/convivir.jpg\",\"contentUrl\":\"http:\\\/\\\/www.aulablog.com\\\/images\\\/stories\\\/actualidad\\\/convivir.jpg\"},{\"@type\":\"BreadcrumbList\",\"@id\":\"https:\\\/\\\/orientaeduc.com\\\/archivo\\\/educacion\\\/convivencia\\\/blogs-contra-el-bullying-y-por-la-convivencia-escolar#breadcrumb\",\"itemListElement\":[{\"@type\":\"ListItem\",\"position\":1,\"name\":\"Portada\",\"item\":\"https:\\\/\\\/orientaeduc.com\\\/archivo\"},{\"@type\":\"ListItem\",\"position\":2,\"name\":\"Blogs contra el Bullying y por la convivencia escolar\"}]},{\"@type\":\"WebSite\",\"@id\":\"https:\\\/\\\/orientaeduc.com\\\/archivo\\\/#website\",\"url\":\"https:\\\/\\\/orientaeduc.com\\\/archivo\\\/\",\"name\":\"Orientaeduc\",\"description\":\"Recursos para la Orientaci\u00f3n Educativa\",\"publisher\":{\"@id\":\"https:\\\/\\\/orientaeduc.com\\\/archivo\\\/#organization\"},\"potentialAction\":[{\"@type\":\"SearchAction\",\"target\":{\"@type\":\"EntryPoint\",\"urlTemplate\":\"https:\\\/\\\/orientaeduc.com\\\/archivo\\\/?s={search_term_string}\"},\"query-input\":{\"@type\":\"PropertyValueSpecification\",\"valueRequired\":true,\"valueName\":\"search_term_string\"}}],\"inLanguage\":\"es\"},{\"@type\":\"Organization\",\"@id\":\"https:\\\/\\\/orientaeduc.com\\\/archivo\\\/#organization\",\"name\":\"Orientaeduc.com\",\"url\":\"https:\\\/\\\/orientaeduc.com\\\/archivo\\\/\",\"logo\":{\"@type\":\"ImageObject\",\"inLanguage\":\"es\",\"@id\":\"https:\\\/\\\/orientaeduc.com\\\/archivo\\\/#\\\/schema\\\/logo\\\/image\\\/\",\"url\":\"https:\\\/\\\/orientaeduc.com\\\/archivo\\\/wp-content\\\/uploads\\\/sites\\\/2\\\/2020\\\/04\\\/orientaeduc_logo.png\",\"contentUrl\":\"https:\\\/\\\/orientaeduc.com\\\/archivo\\\/wp-content\\\/uploads\\\/sites\\\/2\\\/2020\\\/04\\\/orientaeduc_logo.png\",\"width\":293,\"height\":76,\"caption\":\"Orientaeduc.com\"},\"image\":{\"@id\":\"https:\\\/\\\/orientaeduc.com\\\/archivo\\\/#\\\/schema\\\/logo\\\/image\\\/\"}},{\"@type\":\"Person\",\"@id\":\"https:\\\/\\\/orientaeduc.com\\\/archivo\\\/#\\\/schema\\\/person\\\/ca93077e3b8d4a14ff357012e2e9a41d\",\"name\":\"lbarriocanal\",\"image\":{\"@type\":\"ImageObject\",\"inLanguage\":\"es\",\"@id\":\"https:\\\/\\\/secure.gravatar.com\\\/avatar\\\/1f6884c182c7dd4f0f5329225cdf4f117f103647fc99811ff87bd059d99aae38?s=96&d=mm&r=g\",\"url\":\"https:\\\/\\\/secure.gravatar.com\\\/avatar\\\/1f6884c182c7dd4f0f5329225cdf4f117f103647fc99811ff87bd059d99aae38?s=96&d=mm&r=g\",\"contentUrl\":\"https:\\\/\\\/secure.gravatar.com\\\/avatar\\\/1f6884c182c7dd4f0f5329225cdf4f117f103647fc99811ff87bd059d99aae38?s=96&d=mm&r=g\",\"caption\":\"lbarriocanal\"},\"sameAs\":[\"https:\\\/\\\/www.facebook.com\\\/lbarriocanal\",\"https:\\\/\\\/www.youtube.com\\\/user\\\/lbarriocanal\\\/\"]}]}<\/script>\n<!-- \/ Yoast SEO plugin. -->","yoast_head_json":{"title":"Blogs contra el Bullying y por la convivencia escolar - Orientaeduc","robots":{"index":"index","follow":"follow","max-snippet":"max-snippet:-1","max-image-preview":"max-image-preview:large","max-video-preview":"max-video-preview:-1"},"canonical":"https:\/\/orientaeduc.com\/archivo\/educacion\/convivencia\/blogs-contra-el-bullying-y-por-la-convivencia-escolar","og_locale":"es_ES","og_type":"article","og_title":"Blogs contra el Bullying y por la convivencia escolar - Orientaeduc","og_description":"Los blogs se han convertido tambi\u00e9n en una excelente v\u00eda para promover la toma de conciencia social sobre los problemas que afectan al mundo educativo. Presentamos dos blogs o bit\u00e1coras que son buen ejemplo de ello.","og_url":"https:\/\/orientaeduc.com\/archivo\/educacion\/convivencia\/blogs-contra-el-bullying-y-por-la-convivencia-escolar","og_site_name":"Orientaeduc","article_author":"https:\/\/www.facebook.com\/lbarriocanal","article_published_time":"2005-06-10T02:28:06+00:00","article_modified_time":"2020-04-07T18:34:34+00:00","og_image":[{"url":"http:\/\/www.aulablog.com\/images\/stories\/actualidad\/convivir.jpg","type":"","width":"","height":""}],"author":"lbarriocanal","twitter_card":"summary_large_image","twitter_misc":{"Escrito por":"lbarriocanal","Tiempo de lectura":"1 minuto"},"schema":{"@context":"https:\/\/schema.org","@graph":[{"@type":"Article","@id":"https:\/\/orientaeduc.com\/archivo\/educacion\/convivencia\/blogs-contra-el-bullying-y-por-la-convivencia-escolar#article","isPartOf":{"@id":"https:\/\/orientaeduc.com\/archivo\/educacion\/convivencia\/blogs-contra-el-bullying-y-por-la-convivencia-escolar"},"author":{"name":"lbarriocanal","@id":"https:\/\/orientaeduc.com\/archivo\/#\/schema\/person\/ca93077e3b8d4a14ff357012e2e9a41d"},"headline":"Blogs contra el Bullying y por la convivencia escolar","datePublished":"2005-06-10T02:28:06+00:00","dateModified":"2020-04-07T18:34:34+00:00","mainEntityOfPage":{"@id":"https:\/\/orientaeduc.com\/archivo\/educacion\/convivencia\/blogs-contra-el-bullying-y-por-la-convivencia-escolar"},"wordCount":199,"commentCount":0,"publisher":{"@id":"https:\/\/orientaeduc.com\/archivo\/#organization"},"image":{"@id":"https:\/\/orientaeduc.com\/archivo\/educacion\/convivencia\/blogs-contra-el-bullying-y-por-la-convivencia-escolar#primaryimage"},"thumbnailUrl":"http:\/\/www.aulablog.com\/images\/stories\/actualidad\/convivir.jpg","articleSection":["Convivencia Escolar"],"inLanguage":"es","potentialAction":[{"@type":"CommentAction","name":"Comment","target":["https:\/\/orientaeduc.com\/archivo\/educacion\/convivencia\/blogs-contra-el-bullying-y-por-la-convivencia-escolar#respond"]}]},{"@type":"WebPage","@id":"https:\/\/orientaeduc.com\/archivo\/educacion\/convivencia\/blogs-contra-el-bullying-y-por-la-convivencia-escolar","url":"https:\/\/orientaeduc.com\/archivo\/educacion\/convivencia\/blogs-contra-el-bullying-y-por-la-convivencia-escolar","name":"Blogs contra el Bullying y por la convivencia escolar - Orientaeduc","isPartOf":{"@id":"https:\/\/orientaeduc.com\/archivo\/#website"},"primaryImageOfPage":{"@id":"https:\/\/orientaeduc.com\/archivo\/educacion\/convivencia\/blogs-contra-el-bullying-y-por-la-convivencia-escolar#primaryimage"},"image":{"@id":"https:\/\/orientaeduc.com\/archivo\/educacion\/convivencia\/blogs-contra-el-bullying-y-por-la-convivencia-escolar#primaryimage"},"thumbnailUrl":"http:\/\/www.aulablog.com\/images\/stories\/actualidad\/convivir.jpg","datePublished":"2005-06-10T02:28:06+00:00","dateModified":"2020-04-07T18:34:34+00:00","breadcrumb":{"@id":"https:\/\/orientaeduc.com\/archivo\/educacion\/convivencia\/blogs-contra-el-bullying-y-por-la-convivencia-escolar#breadcrumb"},"inLanguage":"es","potentialAction":[{"@type":"ReadAction","target":["https:\/\/orientaeduc.com\/archivo\/educacion\/convivencia\/blogs-contra-el-bullying-y-por-la-convivencia-escolar"]}]},{"@type":"ImageObject","inLanguage":"es","@id":"https:\/\/orientaeduc.com\/archivo\/educacion\/convivencia\/blogs-contra-el-bullying-y-por-la-convivencia-escolar#primaryimage","url":"http:\/\/www.aulablog.com\/images\/stories\/actualidad\/convivir.jpg","contentUrl":"http:\/\/www.aulablog.com\/images\/stories\/actualidad\/convivir.jpg"},{"@type":"BreadcrumbList","@id":"https:\/\/orientaeduc.com\/archivo\/educacion\/convivencia\/blogs-contra-el-bullying-y-por-la-convivencia-escolar#breadcrumb","itemListElement":[{"@type":"ListItem","position":1,"name":"Portada","item":"https:\/\/orientaeduc.com\/archivo"},{"@type":"ListItem","position":2,"name":"Blogs contra el Bullying y por la convivencia escolar"}]},{"@type":"WebSite","@id":"https:\/\/orientaeduc.com\/archivo\/#website","url":"https:\/\/orientaeduc.com\/archivo\/","name":"Orientaeduc","description":"Recursos para la Orientaci\u00f3n Educativa","publisher":{"@id":"https:\/\/orientaeduc.com\/archivo\/#organization"},"potentialAction":[{"@type":"SearchAction","target":{"@type":"EntryPoint","urlTemplate":"https:\/\/orientaeduc.com\/archivo\/?s={search_term_string}"},"query-input":{"@type":"PropertyValueSpecification","valueRequired":true,"valueName":"search_term_string"}}],"inLanguage":"es"},{"@type":"Organization","@id":"https:\/\/orientaeduc.com\/archivo\/#organization","name":"Orientaeduc.com","url":"https:\/\/orientaeduc.com\/archivo\/","logo":{"@type":"ImageObject","inLanguage":"es","@id":"https:\/\/orientaeduc.com\/archivo\/#\/schema\/logo\/image\/","url":"https:\/\/orientaeduc.com\/archivo\/wp-content\/uploads\/sites\/2\/2020\/04\/orientaeduc_logo.png","contentUrl":"https:\/\/orientaeduc.com\/archivo\/wp-content\/uploads\/sites\/2\/2020\/04\/orientaeduc_logo.png","width":293,"height":76,"caption":"Orientaeduc.com"},"image":{"@id":"https:\/\/orientaeduc.com\/archivo\/#\/schema\/logo\/image\/"}},{"@type":"Person","@id":"https:\/\/orientaeduc.com\/archivo\/#\/schema\/person\/ca93077e3b8d4a14ff357012e2e9a41d","name":"lbarriocanal","image":{"@type":"ImageObject","inLanguage":"es","@id":"https:\/\/secure.gravatar.com\/avatar\/1f6884c182c7dd4f0f5329225cdf4f117f103647fc99811ff87bd059d99aae38?s=96&d=mm&r=g","url":"https:\/\/secure.gravatar.com\/avatar\/1f6884c182c7dd4f0f5329225cdf4f117f103647fc99811ff87bd059d99aae38?s=96&d=mm&r=g","contentUrl":"https:\/\/secure.gravatar.com\/avatar\/1f6884c182c7dd4f0f5329225cdf4f117f103647fc99811ff87bd059d99aae38?s=96&d=mm&r=g","caption":"lbarriocanal"},"sameAs":["https:\/\/www.facebook.com\/lbarriocanal","https:\/\/www.youtube.com\/user\/lbarriocanal\/"]}]}},"_links":{"self":[{"href":"https:\/\/orientaeduc.com\/archivo\/wp-json\/wp\/v2\/posts\/1263","targetHints":{"allow":["GET"]}}],"collection":[{"href":"https:\/\/orientaeduc.com\/archivo\/wp-json\/wp\/v2\/posts"}],"about":[{"href":"https:\/\/orientaeduc.com\/archivo\/wp-json\/wp\/v2\/types\/post"}],"author":[{"embeddable":true,"href":"https:\/\/orientaeduc.com\/archivo\/wp-json\/wp\/v2\/users\/4"}],"replies":[{"embeddable":true,"href":"https:\/\/orientaeduc.com\/archivo\/wp-json\/wp\/v2\/comments?post=1263"}],"version-history":[{"count":0,"href":"https:\/\/orientaeduc.com\/archivo\/wp-json\/wp\/v2\/posts\/1263\/revisions"}],"wp:attachment":[{"href":"https:\/\/orientaeduc.com\/archivo\/wp-json\/wp\/v2\/media?parent=1263"}],"wp:term":[{"taxonomy":"category","embeddable":true,"href":"https:\/\/orientaeduc.com\/archivo\/wp-json\/wp\/v2\/categories?post=1263"},{"taxonomy":"post_tag","embeddable":true,"href":"https:\/\/orientaeduc.com\/archivo\/wp-json\/wp\/v2\/tags?post=1263"}],"curies":[{"name":"wp","href":"https:\/\/api.w.org\/{rel}","templated":true}]}}