{"id":1264,"date":"2005-06-12T15:52:21","date_gmt":"2005-06-12T15:52:21","guid":{"rendered":"https:\/\/orientaeduc.com\/archivo\/2005\/06\/12\/ante-el-trabajo-infantil-2\/"},"modified":"2020-04-07T21:58:18","modified_gmt":"2020-04-07T21:58:18","slug":"ante-el-trabajo-infantil-2","status":"publish","type":"post","link":"https:\/\/orientaeduc.com\/archivo\/educacion\/ante-el-trabajo-infantil-2","title":{"rendered":"Ante el trabajo infantil"},"content":{"rendered":"<div align=\"center\"><img loading=\"lazy\" decoding=\"async\" width=\"293\" vspace=\"5\" hspace=\"6\" height=\"83\" border=\"0\" align=\"middle\" title=\"alto.jpg\" alt=\"alto.jpg\" src=\"http:\/\/www.orientasiloe.com\/images\/stories\/contenido\/alto.jpg\" \/> <\/div>\n<div align=\"left\">La <a href=\"http:\/\/www.ilo.org\/public\/spanish\/bureau\/inf\/event\/cl2005\/index.htm\" target=\"_blank\" rel=\"noopener noreferrer\">OIT<\/a> ha venido a recordarnos hoy que cerca de 250 millones de ni&ntilde;os de entre 5 y 17 a&ntilde;os trabajan en el mundo, de los cuales 180 millones lo hacen en las peores condiciones imaginables: esclavitud, servidumbre por deudas, prostituci\u00f3n, o ni&ntilde;os soldado, privados de educaci\u00f3n y en perjuicio de su desarrollo psicol\u00f3gico, f\u00edsico y emocional.<\/p>\n<p> La mayor\u00eda de estos ni&ntilde;os se encuentra en Am\u00e9rica Latina, Africa y Asia y 73 millones tienen menos de 10 a&ntilde;os. (contin\u00faa&#8230;.)<\/p><\/div>\n<p> <!--more-->  <\/p>\n<div align=\"justify\"> Pero tambi\u00e9n en Espa&ntilde;a hay ni&ntilde;os que trabajan sin tener edad para ello. Ni&ntilde;os que se ven privados de su derecho universal a la educaci\u00f3n ante la indiferencia de quienes deber\u00edan (o deber\u00edamos) evitarlo. Y es que el Bullying no es la \u00fanica forma de maltrato contra la infancia<\/p>\n<p> A veces acurre ante nuestras propias narices. En el instituto en el que trabajo 10 ni&ntilde;os y ni&ntilde;as de un total de 350 alumnos en edad de escolarizaci\u00f3n obligatoria han abandonado sus estudios antes de cumplir los 16 a&ntilde;os, algunos de ellos para empezar a trabajar. &iquest;Qu\u00e9 podemos hacer si conocemos alg\u00fan caso de alg\u00fan ni&ntilde;o de nuestra escuela? &iquest;Cu\u00e1l debe ser nuestro papel como asesores psicopedag\u00f3gicos ante situaciones como \u00e9stas?<\/p>\n<p> El debate queda planteado en el <a href=\"\/modules.php?name=Forums&#038;file=viewtopic&#038;p=40#40\">FORO<\/a> <\/p>\n<ul>\n<li><a href=\"http:\/\/www.ilo.org\/public\/spanish\/standards\/ipec\/ratification\/whatyoucando.htm\" target=\"_blank\" rel=\"noopener noreferrer\">10 maneras para ayudar a combatir el trabajo infantil<\/a><\/li>\n<\/ul>\n<p> <\/div>\n","protected":false},"excerpt":{"rendered":"<p>La OIT ha venido a recordarnos hoy que cerca de 250 millones de ni&ntilde;os de entre 5 y 17 a&ntilde;os trabajan en el mundo, de los cuales 180 millones lo hacen en las peores condiciones imaginables: esclavitud, servidumbre por deudas, prostituci\u00f3n, o ni&ntilde;os soldado, privados de educaci\u00f3n y en perjuicio de su desarrollo psicol\u00f3gico, f\u00edsico [&hellip;]<\/p>\n","protected":false},"author":4,"featured_media":0,"comment_status":"open","ping_status":"open","sticky":false,"template":"","format":"standard","meta":{"_et_pb_use_builder":"","_et_pb_old_content":"","_et_gb_content_width":"","footnotes":""},"categories":[50],"tags":[],"class_list":["post-1264","post","type-post","status-publish","format-standard","hentry","category-educacion","et-doesnt-have-format-content","et_post_format-et-post-format-standard"],"yoast_head":"<!-- This site is optimized with the Yoast SEO plugin v27.4 - https:\/\/yoast.com\/product\/yoast-seo-wordpress\/ -->\n<title>Ante el trabajo infantil - Orientaeduc<\/title>\n<meta name=\"robots\" content=\"index, follow, max-snippet:-1, max-image-preview:large, max-video-preview:-1\" \/>\n<link rel=\"canonical\" href=\"https:\/\/orientaeduc.com\/archivo\/educacion\/ante-el-trabajo-infantil-2\" \/>\n<meta property=\"og:locale\" content=\"es_ES\" \/>\n<meta property=\"og:type\" content=\"article\" \/>\n<meta property=\"og:title\" content=\"Ante el trabajo infantil - Orientaeduc\" \/>\n<meta property=\"og:description\" content=\"La OIT ha venido a recordarnos hoy que cerca de 250 millones de ni&ntilde;os de entre 5 y 17 a&ntilde;os trabajan en el mundo, de los cuales 180 millones lo hacen en las peores condiciones imaginables: esclavitud, servidumbre por deudas, prostituci\u00f3n, o ni&ntilde;os soldado, privados de educaci\u00f3n y en perjuicio de su desarrollo psicol\u00f3gico, f\u00edsico [&hellip;]\" \/>\n<meta property=\"og:url\" content=\"https:\/\/orientaeduc.com\/archivo\/educacion\/ante-el-trabajo-infantil-2\" \/>\n<meta property=\"og:site_name\" content=\"Orientaeduc\" \/>\n<meta property=\"article:author\" content=\"https:\/\/www.facebook.com\/lbarriocanal\" \/>\n<meta property=\"article:published_time\" content=\"2005-06-12T15:52:21+00:00\" \/>\n<meta property=\"article:modified_time\" content=\"2020-04-07T21:58:18+00:00\" \/>\n<meta property=\"og:image\" content=\"http:\/\/www.orientasiloe.com\/images\/stories\/contenido\/alto.jpg\" \/>\n<meta name=\"author\" content=\"lbarriocanal\" \/>\n<meta name=\"twitter:card\" content=\"summary_large_image\" \/>\n<meta name=\"twitter:label1\" content=\"Escrito por\" \/>\n\t<meta name=\"twitter:data1\" content=\"lbarriocanal\" \/>\n\t<meta name=\"twitter:label2\" content=\"Tiempo de lectura\" \/>\n\t<meta name=\"twitter:data2\" content=\"1 minuto\" \/>\n<script type=\"application\/ld+json\" class=\"yoast-schema-graph\">{\"@context\":\"https:\\\/\\\/schema.org\",\"@graph\":[{\"@type\":\"Article\",\"@id\":\"https:\\\/\\\/orientaeduc.com\\\/archivo\\\/educacion\\\/ante-el-trabajo-infantil-2#article\",\"isPartOf\":{\"@id\":\"https:\\\/\\\/orientaeduc.com\\\/archivo\\\/educacion\\\/ante-el-trabajo-infantil-2\"},\"author\":{\"name\":\"lbarriocanal\",\"@id\":\"https:\\\/\\\/orientaeduc.com\\\/archivo\\\/#\\\/schema\\\/person\\\/ca93077e3b8d4a14ff357012e2e9a41d\"},\"headline\":\"Ante el trabajo infantil\",\"datePublished\":\"2005-06-12T15:52:21+00:00\",\"dateModified\":\"2020-04-07T21:58:18+00:00\",\"mainEntityOfPage\":{\"@id\":\"https:\\\/\\\/orientaeduc.com\\\/archivo\\\/educacion\\\/ante-el-trabajo-infantil-2\"},\"wordCount\":251,\"commentCount\":0,\"publisher\":{\"@id\":\"https:\\\/\\\/orientaeduc.com\\\/archivo\\\/#organization\"},\"image\":{\"@id\":\"https:\\\/\\\/orientaeduc.com\\\/archivo\\\/educacion\\\/ante-el-trabajo-infantil-2#primaryimage\"},\"thumbnailUrl\":\"http:\\\/\\\/www.orientasiloe.com\\\/images\\\/stories\\\/contenido\\\/alto.jpg\",\"articleSection\":[\"Educaci\u00f3n\"],\"inLanguage\":\"es\",\"potentialAction\":[{\"@type\":\"CommentAction\",\"name\":\"Comment\",\"target\":[\"https:\\\/\\\/orientaeduc.com\\\/archivo\\\/educacion\\\/ante-el-trabajo-infantil-2#respond\"]}]},{\"@type\":\"WebPage\",\"@id\":\"https:\\\/\\\/orientaeduc.com\\\/archivo\\\/educacion\\\/ante-el-trabajo-infantil-2\",\"url\":\"https:\\\/\\\/orientaeduc.com\\\/archivo\\\/educacion\\\/ante-el-trabajo-infantil-2\",\"name\":\"Ante el trabajo infantil - Orientaeduc\",\"isPartOf\":{\"@id\":\"https:\\\/\\\/orientaeduc.com\\\/archivo\\\/#website\"},\"primaryImageOfPage\":{\"@id\":\"https:\\\/\\\/orientaeduc.com\\\/archivo\\\/educacion\\\/ante-el-trabajo-infantil-2#primaryimage\"},\"image\":{\"@id\":\"https:\\\/\\\/orientaeduc.com\\\/archivo\\\/educacion\\\/ante-el-trabajo-infantil-2#primaryimage\"},\"thumbnailUrl\":\"http:\\\/\\\/www.orientasiloe.com\\\/images\\\/stories\\\/contenido\\\/alto.jpg\",\"datePublished\":\"2005-06-12T15:52:21+00:00\",\"dateModified\":\"2020-04-07T21:58:18+00:00\",\"breadcrumb\":{\"@id\":\"https:\\\/\\\/orientaeduc.com\\\/archivo\\\/educacion\\\/ante-el-trabajo-infantil-2#breadcrumb\"},\"inLanguage\":\"es\",\"potentialAction\":[{\"@type\":\"ReadAction\",\"target\":[\"https:\\\/\\\/orientaeduc.com\\\/archivo\\\/educacion\\\/ante-el-trabajo-infantil-2\"]}]},{\"@type\":\"ImageObject\",\"inLanguage\":\"es\",\"@id\":\"https:\\\/\\\/orientaeduc.com\\\/archivo\\\/educacion\\\/ante-el-trabajo-infantil-2#primaryimage\",\"url\":\"http:\\\/\\\/www.orientasiloe.com\\\/images\\\/stories\\\/contenido\\\/alto.jpg\",\"contentUrl\":\"http:\\\/\\\/www.orientasiloe.com\\\/images\\\/stories\\\/contenido\\\/alto.jpg\"},{\"@type\":\"BreadcrumbList\",\"@id\":\"https:\\\/\\\/orientaeduc.com\\\/archivo\\\/educacion\\\/ante-el-trabajo-infantil-2#breadcrumb\",\"itemListElement\":[{\"@type\":\"ListItem\",\"position\":1,\"name\":\"Portada\",\"item\":\"https:\\\/\\\/orientaeduc.com\\\/archivo\"},{\"@type\":\"ListItem\",\"position\":2,\"name\":\"Ante el trabajo infantil\"}]},{\"@type\":\"WebSite\",\"@id\":\"https:\\\/\\\/orientaeduc.com\\\/archivo\\\/#website\",\"url\":\"https:\\\/\\\/orientaeduc.com\\\/archivo\\\/\",\"name\":\"Orientaeduc\",\"description\":\"Recursos para la Orientaci\u00f3n Educativa\",\"publisher\":{\"@id\":\"https:\\\/\\\/orientaeduc.com\\\/archivo\\\/#organization\"},\"potentialAction\":[{\"@type\":\"SearchAction\",\"target\":{\"@type\":\"EntryPoint\",\"urlTemplate\":\"https:\\\/\\\/orientaeduc.com\\\/archivo\\\/?s={search_term_string}\"},\"query-input\":{\"@type\":\"PropertyValueSpecification\",\"valueRequired\":true,\"valueName\":\"search_term_string\"}}],\"inLanguage\":\"es\"},{\"@type\":\"Organization\",\"@id\":\"https:\\\/\\\/orientaeduc.com\\\/archivo\\\/#organization\",\"name\":\"Orientaeduc.com\",\"url\":\"https:\\\/\\\/orientaeduc.com\\\/archivo\\\/\",\"logo\":{\"@type\":\"ImageObject\",\"inLanguage\":\"es\",\"@id\":\"https:\\\/\\\/orientaeduc.com\\\/archivo\\\/#\\\/schema\\\/logo\\\/image\\\/\",\"url\":\"https:\\\/\\\/orientaeduc.com\\\/archivo\\\/wp-content\\\/uploads\\\/sites\\\/2\\\/2020\\\/04\\\/orientaeduc_logo.png\",\"contentUrl\":\"https:\\\/\\\/orientaeduc.com\\\/archivo\\\/wp-content\\\/uploads\\\/sites\\\/2\\\/2020\\\/04\\\/orientaeduc_logo.png\",\"width\":293,\"height\":76,\"caption\":\"Orientaeduc.com\"},\"image\":{\"@id\":\"https:\\\/\\\/orientaeduc.com\\\/archivo\\\/#\\\/schema\\\/logo\\\/image\\\/\"}},{\"@type\":\"Person\",\"@id\":\"https:\\\/\\\/orientaeduc.com\\\/archivo\\\/#\\\/schema\\\/person\\\/ca93077e3b8d4a14ff357012e2e9a41d\",\"name\":\"lbarriocanal\",\"image\":{\"@type\":\"ImageObject\",\"inLanguage\":\"es\",\"@id\":\"https:\\\/\\\/secure.gravatar.com\\\/avatar\\\/1f6884c182c7dd4f0f5329225cdf4f117f103647fc99811ff87bd059d99aae38?s=96&d=mm&r=g\",\"url\":\"https:\\\/\\\/secure.gravatar.com\\\/avatar\\\/1f6884c182c7dd4f0f5329225cdf4f117f103647fc99811ff87bd059d99aae38?s=96&d=mm&r=g\",\"contentUrl\":\"https:\\\/\\\/secure.gravatar.com\\\/avatar\\\/1f6884c182c7dd4f0f5329225cdf4f117f103647fc99811ff87bd059d99aae38?s=96&d=mm&r=g\",\"caption\":\"lbarriocanal\"},\"sameAs\":[\"https:\\\/\\\/www.facebook.com\\\/lbarriocanal\",\"https:\\\/\\\/www.youtube.com\\\/user\\\/lbarriocanal\\\/\"]}]}<\/script>\n<!-- \/ Yoast SEO plugin. -->","yoast_head_json":{"title":"Ante el trabajo infantil - Orientaeduc","robots":{"index":"index","follow":"follow","max-snippet":"max-snippet:-1","max-image-preview":"max-image-preview:large","max-video-preview":"max-video-preview:-1"},"canonical":"https:\/\/orientaeduc.com\/archivo\/educacion\/ante-el-trabajo-infantil-2","og_locale":"es_ES","og_type":"article","og_title":"Ante el trabajo infantil - Orientaeduc","og_description":"La OIT ha venido a recordarnos hoy que cerca de 250 millones de ni&ntilde;os de entre 5 y 17 a&ntilde;os trabajan en el mundo, de los cuales 180 millones lo hacen en las peores condiciones imaginables: esclavitud, servidumbre por deudas, prostituci\u00f3n, o ni&ntilde;os soldado, privados de educaci\u00f3n y en perjuicio de su desarrollo psicol\u00f3gico, f\u00edsico [&hellip;]","og_url":"https:\/\/orientaeduc.com\/archivo\/educacion\/ante-el-trabajo-infantil-2","og_site_name":"Orientaeduc","article_author":"https:\/\/www.facebook.com\/lbarriocanal","article_published_time":"2005-06-12T15:52:21+00:00","article_modified_time":"2020-04-07T21:58:18+00:00","og_image":[{"url":"http:\/\/www.orientasiloe.com\/images\/stories\/contenido\/alto.jpg","type":"","width":"","height":""}],"author":"lbarriocanal","twitter_card":"summary_large_image","twitter_misc":{"Escrito por":"lbarriocanal","Tiempo de lectura":"1 minuto"},"schema":{"@context":"https:\/\/schema.org","@graph":[{"@type":"Article","@id":"https:\/\/orientaeduc.com\/archivo\/educacion\/ante-el-trabajo-infantil-2#article","isPartOf":{"@id":"https:\/\/orientaeduc.com\/archivo\/educacion\/ante-el-trabajo-infantil-2"},"author":{"name":"lbarriocanal","@id":"https:\/\/orientaeduc.com\/archivo\/#\/schema\/person\/ca93077e3b8d4a14ff357012e2e9a41d"},"headline":"Ante el trabajo infantil","datePublished":"2005-06-12T15:52:21+00:00","dateModified":"2020-04-07T21:58:18+00:00","mainEntityOfPage":{"@id":"https:\/\/orientaeduc.com\/archivo\/educacion\/ante-el-trabajo-infantil-2"},"wordCount":251,"commentCount":0,"publisher":{"@id":"https:\/\/orientaeduc.com\/archivo\/#organization"},"image":{"@id":"https:\/\/orientaeduc.com\/archivo\/educacion\/ante-el-trabajo-infantil-2#primaryimage"},"thumbnailUrl":"http:\/\/www.orientasiloe.com\/images\/stories\/contenido\/alto.jpg","articleSection":["Educaci\u00f3n"],"inLanguage":"es","potentialAction":[{"@type":"CommentAction","name":"Comment","target":["https:\/\/orientaeduc.com\/archivo\/educacion\/ante-el-trabajo-infantil-2#respond"]}]},{"@type":"WebPage","@id":"https:\/\/orientaeduc.com\/archivo\/educacion\/ante-el-trabajo-infantil-2","url":"https:\/\/orientaeduc.com\/archivo\/educacion\/ante-el-trabajo-infantil-2","name":"Ante el trabajo infantil - Orientaeduc","isPartOf":{"@id":"https:\/\/orientaeduc.com\/archivo\/#website"},"primaryImageOfPage":{"@id":"https:\/\/orientaeduc.com\/archivo\/educacion\/ante-el-trabajo-infantil-2#primaryimage"},"image":{"@id":"https:\/\/orientaeduc.com\/archivo\/educacion\/ante-el-trabajo-infantil-2#primaryimage"},"thumbnailUrl":"http:\/\/www.orientasiloe.com\/images\/stories\/contenido\/alto.jpg","datePublished":"2005-06-12T15:52:21+00:00","dateModified":"2020-04-07T21:58:18+00:00","breadcrumb":{"@id":"https:\/\/orientaeduc.com\/archivo\/educacion\/ante-el-trabajo-infantil-2#breadcrumb"},"inLanguage":"es","potentialAction":[{"@type":"ReadAction","target":["https:\/\/orientaeduc.com\/archivo\/educacion\/ante-el-trabajo-infantil-2"]}]},{"@type":"ImageObject","inLanguage":"es","@id":"https:\/\/orientaeduc.com\/archivo\/educacion\/ante-el-trabajo-infantil-2#primaryimage","url":"http:\/\/www.orientasiloe.com\/images\/stories\/contenido\/alto.jpg","contentUrl":"http:\/\/www.orientasiloe.com\/images\/stories\/contenido\/alto.jpg"},{"@type":"BreadcrumbList","@id":"https:\/\/orientaeduc.com\/archivo\/educacion\/ante-el-trabajo-infantil-2#breadcrumb","itemListElement":[{"@type":"ListItem","position":1,"name":"Portada","item":"https:\/\/orientaeduc.com\/archivo"},{"@type":"ListItem","position":2,"name":"Ante el trabajo infantil"}]},{"@type":"WebSite","@id":"https:\/\/orientaeduc.com\/archivo\/#website","url":"https:\/\/orientaeduc.com\/archivo\/","name":"Orientaeduc","description":"Recursos para la Orientaci\u00f3n Educativa","publisher":{"@id":"https:\/\/orientaeduc.com\/archivo\/#organization"},"potentialAction":[{"@type":"SearchAction","target":{"@type":"EntryPoint","urlTemplate":"https:\/\/orientaeduc.com\/archivo\/?s={search_term_string}"},"query-input":{"@type":"PropertyValueSpecification","valueRequired":true,"valueName":"search_term_string"}}],"inLanguage":"es"},{"@type":"Organization","@id":"https:\/\/orientaeduc.com\/archivo\/#organization","name":"Orientaeduc.com","url":"https:\/\/orientaeduc.com\/archivo\/","logo":{"@type":"ImageObject","inLanguage":"es","@id":"https:\/\/orientaeduc.com\/archivo\/#\/schema\/logo\/image\/","url":"https:\/\/orientaeduc.com\/archivo\/wp-content\/uploads\/sites\/2\/2020\/04\/orientaeduc_logo.png","contentUrl":"https:\/\/orientaeduc.com\/archivo\/wp-content\/uploads\/sites\/2\/2020\/04\/orientaeduc_logo.png","width":293,"height":76,"caption":"Orientaeduc.com"},"image":{"@id":"https:\/\/orientaeduc.com\/archivo\/#\/schema\/logo\/image\/"}},{"@type":"Person","@id":"https:\/\/orientaeduc.com\/archivo\/#\/schema\/person\/ca93077e3b8d4a14ff357012e2e9a41d","name":"lbarriocanal","image":{"@type":"ImageObject","inLanguage":"es","@id":"https:\/\/secure.gravatar.com\/avatar\/1f6884c182c7dd4f0f5329225cdf4f117f103647fc99811ff87bd059d99aae38?s=96&d=mm&r=g","url":"https:\/\/secure.gravatar.com\/avatar\/1f6884c182c7dd4f0f5329225cdf4f117f103647fc99811ff87bd059d99aae38?s=96&d=mm&r=g","contentUrl":"https:\/\/secure.gravatar.com\/avatar\/1f6884c182c7dd4f0f5329225cdf4f117f103647fc99811ff87bd059d99aae38?s=96&d=mm&r=g","caption":"lbarriocanal"},"sameAs":["https:\/\/www.facebook.com\/lbarriocanal","https:\/\/www.youtube.com\/user\/lbarriocanal\/"]}]}},"_links":{"self":[{"href":"https:\/\/orientaeduc.com\/archivo\/wp-json\/wp\/v2\/posts\/1264","targetHints":{"allow":["GET"]}}],"collection":[{"href":"https:\/\/orientaeduc.com\/archivo\/wp-json\/wp\/v2\/posts"}],"about":[{"href":"https:\/\/orientaeduc.com\/archivo\/wp-json\/wp\/v2\/types\/post"}],"author":[{"embeddable":true,"href":"https:\/\/orientaeduc.com\/archivo\/wp-json\/wp\/v2\/users\/4"}],"replies":[{"embeddable":true,"href":"https:\/\/orientaeduc.com\/archivo\/wp-json\/wp\/v2\/comments?post=1264"}],"version-history":[{"count":0,"href":"https:\/\/orientaeduc.com\/archivo\/wp-json\/wp\/v2\/posts\/1264\/revisions"}],"wp:attachment":[{"href":"https:\/\/orientaeduc.com\/archivo\/wp-json\/wp\/v2\/media?parent=1264"}],"wp:term":[{"taxonomy":"category","embeddable":true,"href":"https:\/\/orientaeduc.com\/archivo\/wp-json\/wp\/v2\/categories?post=1264"},{"taxonomy":"post_tag","embeddable":true,"href":"https:\/\/orientaeduc.com\/archivo\/wp-json\/wp\/v2\/tags?post=1264"}],"curies":[{"name":"wp","href":"https:\/\/api.w.org\/{rel}","templated":true}]}}