{"id":1268,"date":"2000-06-02T22:14:30","date_gmt":"2000-06-02T22:14:30","guid":{"rendered":"https:\/\/orientaeduc.com\/archivo\/2004\/07\/02\/la-orientacion-educativa\/"},"modified":"2021-03-20T10:40:51","modified_gmt":"2021-03-20T10:40:51","slug":"la-orientacion-educativa","status":"publish","type":"post","link":"https:\/\/orientaeduc.com\/archivo\/orientacion\/la-orientacion-educativa","title":{"rendered":"La Orientaci\u00f3n Educativa"},"content":{"rendered":"<p>Bajo el t\u00edtulo \u00ab<strong>Orientaci\u00f3n educativa y atenci\u00f3n a la diversidad<\/strong>\u00bb se agrupa todo el conjunto de medidas contempladas en el sistema educativo y en los centros escolares para adecuar la ense\u00f1anza a las caracter\u00edsticas y necesidades personales del alumnado: el sistema de orientaci\u00f3n y las estructuras que lo sustentan, las medidas de atenci\u00f3n a la diversidad, las medidas de compensaci\u00f3n de situaciones sociales o culturales desfavorecidas y la escolarizaci\u00f3n del alumnado con necesidades educativas especiales por condiciones personales de discapacidad o sobredotaci\u00f3n (Educaci\u00f3n Especial).<\/p>\n<p>La <a href=\"https:\/\/orientaeduc.com\/archivo\/orientacion\/\">orientaci\u00f3n educativa<\/a>, psicopedag\u00f3gica y profesional forma parte del conjunto de factores que favorecen la calidad de la ense\u00f1anza y es uno de los principios a los que debe atender la actividad educativa. Las bases sobre las que se asienta el desarrollo de las actividades de orientaci\u00f3n se establecen en la LOGSE.<\/p>\n<p>La orientaci\u00f3n educativa y la <a href=\"https:\/\/orientaeduc.com\/archivo\/orientacion\/diversidad\">atenci\u00f3n a la diversidad<\/a>, al ser principios b\u00e1sicos de la educaci\u00f3n, forman parte de los objetivos de todos los centros de ense\u00f1anza y de las funciones que todo el profesorado en su conjunto debe ejercer.<\/p>\n<p>La orientaci\u00f3n educativa supone la puesta en marcha por parte del centro escolar de un conjunto de actuaciones encaminadas a asegurar por un lado una educaci\u00f3n integral del alumnado y por otro un proceso educativo que se ajuste al m\u00e1ximo a las caracter\u00edsticas y necesidades de todos y cada uno de ellos. Para ello todos los centros deben elaborar <a href=\"https:\/\/orientaeduc.com\/archivo\/orientacion\/tutoria\">Planes de Acci\u00f3n Tutorial<\/a> y de <a href=\"https:\/\/orientaeduc.com\/archivo\/orientacion\/academica-profesional\">Orientaci\u00f3n Acad\u00e9mica y Profesional<\/a>, a la vez que definir los mecanismos y cauces que se van a utilizar para atender a la diversidad de los alumnos.<\/p>\n<p>Para la elaboraci\u00f3n de estos planes, los centros cuentan con el asesoramiento de los servicios especializados de orientaci\u00f3n: <a href=\"https:\/\/orientaeduc.com\/archivo\/orientacion\/departamento\"><strong>Departamentos de Orientaci\u00f3n <\/strong><\/a>en los institutos y Equipos Psicopedag\u00f3gicos de sector en Educaci\u00f3n Infantil y Primaria.<\/p>\n<p>En las <em>escuelas de Educaci\u00f3n Infantil <\/em>y en los <em>colegios de Educaci\u00f3n Primaria<\/em>, la mayor\u00eda de las Comunidades Aut\u00f3nomas cuentan con la figura del orientador (que generalmente es un miembro del equipo de orientaci\u00f3n de sector que desarrolla sus funciones a tiempo parcial en los centros).<\/p>\n<p>En los <em>institutos de Educaci\u00f3n Secundaria<\/em>, casi todas las Comunidades Aut\u00f3nomas contemplan, entre los \u00f3rganos de coordinaci\u00f3n docente, la existencia de Departamentos de Orientaci\u00f3n, cuyas funciones se agrupan en torno a la elaboraci\u00f3n y desarrollo de los planes de orientaci\u00f3n y acci\u00f3n tutorial, la evaluaci\u00f3n psicopedag\u00f3gica y el dise\u00f1o y aplicaci\u00f3n de medidas de atenci\u00f3n a la diversidad.<\/p>\n<p>Forman parte de los Departamentos de Orientaci\u00f3n los orientadores (profesores especialistas en Psicolog\u00eda y Pedagog\u00eda) y aquellos otros profesores que atienden a los alumnos con necesidades educativas especiales o participan en el desarrollo de programas espec\u00edficos como los de diversificaci\u00f3n curricular o el de compensaci\u00f3n de desigualdades en educaci\u00f3n (ed. Compensatoria).<\/p>\n","protected":false},"excerpt":{"rendered":"<p>Bajo el t\u00edtulo \u00abOrientaci\u00f3n educativa y atenci\u00f3n a la diversidad\u00bb se agrupa todo el conjunto de medidas contempladas en el sistema educativo y en los centros escolares para adecuar la ense\u00f1anza a las caracter\u00edsticas y necesidades personales del alumnado: el sistema de orientaci\u00f3n y las estructuras que lo sustentan, las medidas de atenci\u00f3n a la [&hellip;]<\/p>\n","protected":false},"author":4,"featured_media":1620,"comment_status":"open","ping_status":"open","sticky":false,"template":"","format":"standard","meta":{"_et_pb_use_builder":"","_et_pb_old_content":"","_et_gb_content_width":"","footnotes":""},"categories":[53],"tags":[],"class_list":["post-1268","post","type-post","status-publish","format-standard","has-post-thumbnail","hentry","category-orientacion","et-has-post-format-content","et_post_format-et-post-format-standard"],"yoast_head":"<!-- This site is optimized with the Yoast SEO plugin v27.4 - https:\/\/yoast.com\/product\/yoast-seo-wordpress\/ -->\n<title>La Orientaci\u00f3n Educativa - Orientaeduc<\/title>\n<meta name=\"robots\" content=\"index, follow, max-snippet:-1, max-image-preview:large, max-video-preview:-1\" \/>\n<link rel=\"canonical\" href=\"https:\/\/orientaeduc.com\/archivo\/orientacion\/la-orientacion-educativa\" \/>\n<meta property=\"og:locale\" content=\"es_ES\" \/>\n<meta property=\"og:type\" content=\"article\" \/>\n<meta property=\"og:title\" content=\"La Orientaci\u00f3n Educativa - Orientaeduc\" \/>\n<meta property=\"og:description\" content=\"Bajo el t\u00edtulo \u00abOrientaci\u00f3n educativa y atenci\u00f3n a la diversidad\u00bb se agrupa todo el conjunto de medidas contempladas en el sistema educativo y en los centros escolares para adecuar la ense\u00f1anza a las caracter\u00edsticas y necesidades personales del alumnado: el sistema de orientaci\u00f3n y las estructuras que lo sustentan, las medidas de atenci\u00f3n a la [&hellip;]\" \/>\n<meta property=\"og:url\" content=\"https:\/\/orientaeduc.com\/archivo\/orientacion\/la-orientacion-educativa\" \/>\n<meta property=\"og:site_name\" content=\"Orientaeduc\" \/>\n<meta property=\"article:author\" content=\"https:\/\/www.facebook.com\/lbarriocanal\" \/>\n<meta property=\"article:published_time\" content=\"2000-06-02T22:14:30+00:00\" \/>\n<meta property=\"article:modified_time\" content=\"2021-03-20T10:40:51+00:00\" \/>\n<meta property=\"og:image\" content=\"https:\/\/storage.googleapis.com\/orientaeduc\/2004\/07\/orientacion-educativa.jpg\" \/>\n\t<meta property=\"og:image:width\" content=\"650\" \/>\n\t<meta property=\"og:image:height\" content=\"650\" \/>\n\t<meta property=\"og:image:type\" content=\"image\/jpeg\" \/>\n<meta name=\"author\" content=\"lbarriocanal\" \/>\n<meta name=\"twitter:card\" content=\"summary_large_image\" \/>\n<meta name=\"twitter:label1\" content=\"Escrito por\" \/>\n\t<meta name=\"twitter:data1\" content=\"lbarriocanal\" \/>\n\t<meta name=\"twitter:label2\" content=\"Tiempo de lectura\" \/>\n\t<meta name=\"twitter:data2\" content=\"2 minutos\" \/>\n<script type=\"application\/ld+json\" class=\"yoast-schema-graph\">{\"@context\":\"https:\\\/\\\/schema.org\",\"@graph\":[{\"@type\":\"Article\",\"@id\":\"https:\\\/\\\/orientaeduc.com\\\/archivo\\\/orientacion\\\/la-orientacion-educativa#article\",\"isPartOf\":{\"@id\":\"https:\\\/\\\/orientaeduc.com\\\/archivo\\\/orientacion\\\/la-orientacion-educativa\"},\"author\":{\"name\":\"lbarriocanal\",\"@id\":\"https:\\\/\\\/orientaeduc.com\\\/archivo\\\/#\\\/schema\\\/person\\\/ca93077e3b8d4a14ff357012e2e9a41d\"},\"headline\":\"La Orientaci\u00f3n Educativa\",\"datePublished\":\"2000-06-02T22:14:30+00:00\",\"dateModified\":\"2021-03-20T10:40:51+00:00\",\"mainEntityOfPage\":{\"@id\":\"https:\\\/\\\/orientaeduc.com\\\/archivo\\\/orientacion\\\/la-orientacion-educativa\"},\"wordCount\":516,\"commentCount\":0,\"publisher\":{\"@id\":\"https:\\\/\\\/orientaeduc.com\\\/archivo\\\/#organization\"},\"image\":{\"@id\":\"https:\\\/\\\/orientaeduc.com\\\/archivo\\\/orientacion\\\/la-orientacion-educativa#primaryimage\"},\"thumbnailUrl\":\"https:\\\/\\\/storage.googleapis.com\\\/orientaeduc\\\/2004\\\/07\\\/orientacion-educativa.jpg\",\"articleSection\":[\"Orientaci\u00f3n Educativa\"],\"inLanguage\":\"es\",\"potentialAction\":[{\"@type\":\"CommentAction\",\"name\":\"Comment\",\"target\":[\"https:\\\/\\\/orientaeduc.com\\\/archivo\\\/orientacion\\\/la-orientacion-educativa#respond\"]}]},{\"@type\":\"WebPage\",\"@id\":\"https:\\\/\\\/orientaeduc.com\\\/archivo\\\/orientacion\\\/la-orientacion-educativa\",\"url\":\"https:\\\/\\\/orientaeduc.com\\\/archivo\\\/orientacion\\\/la-orientacion-educativa\",\"name\":\"La Orientaci\u00f3n Educativa - Orientaeduc\",\"isPartOf\":{\"@id\":\"https:\\\/\\\/orientaeduc.com\\\/archivo\\\/#website\"},\"primaryImageOfPage\":{\"@id\":\"https:\\\/\\\/orientaeduc.com\\\/archivo\\\/orientacion\\\/la-orientacion-educativa#primaryimage\"},\"image\":{\"@id\":\"https:\\\/\\\/orientaeduc.com\\\/archivo\\\/orientacion\\\/la-orientacion-educativa#primaryimage\"},\"thumbnailUrl\":\"https:\\\/\\\/storage.googleapis.com\\\/orientaeduc\\\/2004\\\/07\\\/orientacion-educativa.jpg\",\"datePublished\":\"2000-06-02T22:14:30+00:00\",\"dateModified\":\"2021-03-20T10:40:51+00:00\",\"breadcrumb\":{\"@id\":\"https:\\\/\\\/orientaeduc.com\\\/archivo\\\/orientacion\\\/la-orientacion-educativa#breadcrumb\"},\"inLanguage\":\"es\",\"potentialAction\":[{\"@type\":\"ReadAction\",\"target\":[\"https:\\\/\\\/orientaeduc.com\\\/archivo\\\/orientacion\\\/la-orientacion-educativa\"]}]},{\"@type\":\"ImageObject\",\"inLanguage\":\"es\",\"@id\":\"https:\\\/\\\/orientaeduc.com\\\/archivo\\\/orientacion\\\/la-orientacion-educativa#primaryimage\",\"url\":\"https:\\\/\\\/storage.googleapis.com\\\/orientaeduc\\\/2004\\\/07\\\/orientacion-educativa.jpg\",\"contentUrl\":\"https:\\\/\\\/storage.googleapis.com\\\/orientaeduc\\\/2004\\\/07\\\/orientacion-educativa.jpg\",\"width\":650,\"height\":650,\"caption\":\"orientacion educativa\"},{\"@type\":\"BreadcrumbList\",\"@id\":\"https:\\\/\\\/orientaeduc.com\\\/archivo\\\/orientacion\\\/la-orientacion-educativa#breadcrumb\",\"itemListElement\":[{\"@type\":\"ListItem\",\"position\":1,\"name\":\"Portada\",\"item\":\"https:\\\/\\\/orientaeduc.com\\\/archivo\"},{\"@type\":\"ListItem\",\"position\":2,\"name\":\"La Orientaci\u00f3n Educativa\"}]},{\"@type\":\"WebSite\",\"@id\":\"https:\\\/\\\/orientaeduc.com\\\/archivo\\\/#website\",\"url\":\"https:\\\/\\\/orientaeduc.com\\\/archivo\\\/\",\"name\":\"Orientaeduc\",\"description\":\"Recursos para la Orientaci\u00f3n Educativa\",\"publisher\":{\"@id\":\"https:\\\/\\\/orientaeduc.com\\\/archivo\\\/#organization\"},\"potentialAction\":[{\"@type\":\"SearchAction\",\"target\":{\"@type\":\"EntryPoint\",\"urlTemplate\":\"https:\\\/\\\/orientaeduc.com\\\/archivo\\\/?s={search_term_string}\"},\"query-input\":{\"@type\":\"PropertyValueSpecification\",\"valueRequired\":true,\"valueName\":\"search_term_string\"}}],\"inLanguage\":\"es\"},{\"@type\":\"Organization\",\"@id\":\"https:\\\/\\\/orientaeduc.com\\\/archivo\\\/#organization\",\"name\":\"Orientaeduc.com\",\"url\":\"https:\\\/\\\/orientaeduc.com\\\/archivo\\\/\",\"logo\":{\"@type\":\"ImageObject\",\"inLanguage\":\"es\",\"@id\":\"https:\\\/\\\/orientaeduc.com\\\/archivo\\\/#\\\/schema\\\/logo\\\/image\\\/\",\"url\":\"https:\\\/\\\/orientaeduc.com\\\/archivo\\\/wp-content\\\/uploads\\\/sites\\\/2\\\/2020\\\/04\\\/orientaeduc_logo.png\",\"contentUrl\":\"https:\\\/\\\/orientaeduc.com\\\/archivo\\\/wp-content\\\/uploads\\\/sites\\\/2\\\/2020\\\/04\\\/orientaeduc_logo.png\",\"width\":293,\"height\":76,\"caption\":\"Orientaeduc.com\"},\"image\":{\"@id\":\"https:\\\/\\\/orientaeduc.com\\\/archivo\\\/#\\\/schema\\\/logo\\\/image\\\/\"}},{\"@type\":\"Person\",\"@id\":\"https:\\\/\\\/orientaeduc.com\\\/archivo\\\/#\\\/schema\\\/person\\\/ca93077e3b8d4a14ff357012e2e9a41d\",\"name\":\"lbarriocanal\",\"image\":{\"@type\":\"ImageObject\",\"inLanguage\":\"es\",\"@id\":\"https:\\\/\\\/secure.gravatar.com\\\/avatar\\\/1f6884c182c7dd4f0f5329225cdf4f117f103647fc99811ff87bd059d99aae38?s=96&d=mm&r=g\",\"url\":\"https:\\\/\\\/secure.gravatar.com\\\/avatar\\\/1f6884c182c7dd4f0f5329225cdf4f117f103647fc99811ff87bd059d99aae38?s=96&d=mm&r=g\",\"contentUrl\":\"https:\\\/\\\/secure.gravatar.com\\\/avatar\\\/1f6884c182c7dd4f0f5329225cdf4f117f103647fc99811ff87bd059d99aae38?s=96&d=mm&r=g\",\"caption\":\"lbarriocanal\"},\"sameAs\":[\"https:\\\/\\\/www.facebook.com\\\/lbarriocanal\",\"https:\\\/\\\/www.youtube.com\\\/user\\\/lbarriocanal\\\/\"]}]}<\/script>\n<!-- \/ Yoast SEO plugin. -->","yoast_head_json":{"title":"La Orientaci\u00f3n Educativa - Orientaeduc","robots":{"index":"index","follow":"follow","max-snippet":"max-snippet:-1","max-image-preview":"max-image-preview:large","max-video-preview":"max-video-preview:-1"},"canonical":"https:\/\/orientaeduc.com\/archivo\/orientacion\/la-orientacion-educativa","og_locale":"es_ES","og_type":"article","og_title":"La Orientaci\u00f3n Educativa - Orientaeduc","og_description":"Bajo el t\u00edtulo \u00abOrientaci\u00f3n educativa y atenci\u00f3n a la diversidad\u00bb se agrupa todo el conjunto de medidas contempladas en el sistema educativo y en los centros escolares para adecuar la ense\u00f1anza a las caracter\u00edsticas y necesidades personales del alumnado: el sistema de orientaci\u00f3n y las estructuras que lo sustentan, las medidas de atenci\u00f3n a la [&hellip;]","og_url":"https:\/\/orientaeduc.com\/archivo\/orientacion\/la-orientacion-educativa","og_site_name":"Orientaeduc","article_author":"https:\/\/www.facebook.com\/lbarriocanal","article_published_time":"2000-06-02T22:14:30+00:00","article_modified_time":"2021-03-20T10:40:51+00:00","og_image":[{"width":650,"height":650,"url":"https:\/\/storage.googleapis.com\/orientaeduc\/2004\/07\/orientacion-educativa.jpg","type":"image\/jpeg"}],"author":"lbarriocanal","twitter_card":"summary_large_image","twitter_misc":{"Escrito por":"lbarriocanal","Tiempo de lectura":"2 minutos"},"schema":{"@context":"https:\/\/schema.org","@graph":[{"@type":"Article","@id":"https:\/\/orientaeduc.com\/archivo\/orientacion\/la-orientacion-educativa#article","isPartOf":{"@id":"https:\/\/orientaeduc.com\/archivo\/orientacion\/la-orientacion-educativa"},"author":{"name":"lbarriocanal","@id":"https:\/\/orientaeduc.com\/archivo\/#\/schema\/person\/ca93077e3b8d4a14ff357012e2e9a41d"},"headline":"La Orientaci\u00f3n Educativa","datePublished":"2000-06-02T22:14:30+00:00","dateModified":"2021-03-20T10:40:51+00:00","mainEntityOfPage":{"@id":"https:\/\/orientaeduc.com\/archivo\/orientacion\/la-orientacion-educativa"},"wordCount":516,"commentCount":0,"publisher":{"@id":"https:\/\/orientaeduc.com\/archivo\/#organization"},"image":{"@id":"https:\/\/orientaeduc.com\/archivo\/orientacion\/la-orientacion-educativa#primaryimage"},"thumbnailUrl":"https:\/\/storage.googleapis.com\/orientaeduc\/2004\/07\/orientacion-educativa.jpg","articleSection":["Orientaci\u00f3n Educativa"],"inLanguage":"es","potentialAction":[{"@type":"CommentAction","name":"Comment","target":["https:\/\/orientaeduc.com\/archivo\/orientacion\/la-orientacion-educativa#respond"]}]},{"@type":"WebPage","@id":"https:\/\/orientaeduc.com\/archivo\/orientacion\/la-orientacion-educativa","url":"https:\/\/orientaeduc.com\/archivo\/orientacion\/la-orientacion-educativa","name":"La Orientaci\u00f3n Educativa - Orientaeduc","isPartOf":{"@id":"https:\/\/orientaeduc.com\/archivo\/#website"},"primaryImageOfPage":{"@id":"https:\/\/orientaeduc.com\/archivo\/orientacion\/la-orientacion-educativa#primaryimage"},"image":{"@id":"https:\/\/orientaeduc.com\/archivo\/orientacion\/la-orientacion-educativa#primaryimage"},"thumbnailUrl":"https:\/\/storage.googleapis.com\/orientaeduc\/2004\/07\/orientacion-educativa.jpg","datePublished":"2000-06-02T22:14:30+00:00","dateModified":"2021-03-20T10:40:51+00:00","breadcrumb":{"@id":"https:\/\/orientaeduc.com\/archivo\/orientacion\/la-orientacion-educativa#breadcrumb"},"inLanguage":"es","potentialAction":[{"@type":"ReadAction","target":["https:\/\/orientaeduc.com\/archivo\/orientacion\/la-orientacion-educativa"]}]},{"@type":"ImageObject","inLanguage":"es","@id":"https:\/\/orientaeduc.com\/archivo\/orientacion\/la-orientacion-educativa#primaryimage","url":"https:\/\/storage.googleapis.com\/orientaeduc\/2004\/07\/orientacion-educativa.jpg","contentUrl":"https:\/\/storage.googleapis.com\/orientaeduc\/2004\/07\/orientacion-educativa.jpg","width":650,"height":650,"caption":"orientacion educativa"},{"@type":"BreadcrumbList","@id":"https:\/\/orientaeduc.com\/archivo\/orientacion\/la-orientacion-educativa#breadcrumb","itemListElement":[{"@type":"ListItem","position":1,"name":"Portada","item":"https:\/\/orientaeduc.com\/archivo"},{"@type":"ListItem","position":2,"name":"La Orientaci\u00f3n Educativa"}]},{"@type":"WebSite","@id":"https:\/\/orientaeduc.com\/archivo\/#website","url":"https:\/\/orientaeduc.com\/archivo\/","name":"Orientaeduc","description":"Recursos para la Orientaci\u00f3n Educativa","publisher":{"@id":"https:\/\/orientaeduc.com\/archivo\/#organization"},"potentialAction":[{"@type":"SearchAction","target":{"@type":"EntryPoint","urlTemplate":"https:\/\/orientaeduc.com\/archivo\/?s={search_term_string}"},"query-input":{"@type":"PropertyValueSpecification","valueRequired":true,"valueName":"search_term_string"}}],"inLanguage":"es"},{"@type":"Organization","@id":"https:\/\/orientaeduc.com\/archivo\/#organization","name":"Orientaeduc.com","url":"https:\/\/orientaeduc.com\/archivo\/","logo":{"@type":"ImageObject","inLanguage":"es","@id":"https:\/\/orientaeduc.com\/archivo\/#\/schema\/logo\/image\/","url":"https:\/\/orientaeduc.com\/archivo\/wp-content\/uploads\/sites\/2\/2020\/04\/orientaeduc_logo.png","contentUrl":"https:\/\/orientaeduc.com\/archivo\/wp-content\/uploads\/sites\/2\/2020\/04\/orientaeduc_logo.png","width":293,"height":76,"caption":"Orientaeduc.com"},"image":{"@id":"https:\/\/orientaeduc.com\/archivo\/#\/schema\/logo\/image\/"}},{"@type":"Person","@id":"https:\/\/orientaeduc.com\/archivo\/#\/schema\/person\/ca93077e3b8d4a14ff357012e2e9a41d","name":"lbarriocanal","image":{"@type":"ImageObject","inLanguage":"es","@id":"https:\/\/secure.gravatar.com\/avatar\/1f6884c182c7dd4f0f5329225cdf4f117f103647fc99811ff87bd059d99aae38?s=96&d=mm&r=g","url":"https:\/\/secure.gravatar.com\/avatar\/1f6884c182c7dd4f0f5329225cdf4f117f103647fc99811ff87bd059d99aae38?s=96&d=mm&r=g","contentUrl":"https:\/\/secure.gravatar.com\/avatar\/1f6884c182c7dd4f0f5329225cdf4f117f103647fc99811ff87bd059d99aae38?s=96&d=mm&r=g","caption":"lbarriocanal"},"sameAs":["https:\/\/www.facebook.com\/lbarriocanal","https:\/\/www.youtube.com\/user\/lbarriocanal\/"]}]}},"_links":{"self":[{"href":"https:\/\/orientaeduc.com\/archivo\/wp-json\/wp\/v2\/posts\/1268","targetHints":{"allow":["GET"]}}],"collection":[{"href":"https:\/\/orientaeduc.com\/archivo\/wp-json\/wp\/v2\/posts"}],"about":[{"href":"https:\/\/orientaeduc.com\/archivo\/wp-json\/wp\/v2\/types\/post"}],"author":[{"embeddable":true,"href":"https:\/\/orientaeduc.com\/archivo\/wp-json\/wp\/v2\/users\/4"}],"replies":[{"embeddable":true,"href":"https:\/\/orientaeduc.com\/archivo\/wp-json\/wp\/v2\/comments?post=1268"}],"version-history":[{"count":0,"href":"https:\/\/orientaeduc.com\/archivo\/wp-json\/wp\/v2\/posts\/1268\/revisions"}],"wp:featuredmedia":[{"embeddable":true,"href":"https:\/\/orientaeduc.com\/archivo\/wp-json\/wp\/v2\/media\/1620"}],"wp:attachment":[{"href":"https:\/\/orientaeduc.com\/archivo\/wp-json\/wp\/v2\/media?parent=1268"}],"wp:term":[{"taxonomy":"category","embeddable":true,"href":"https:\/\/orientaeduc.com\/archivo\/wp-json\/wp\/v2\/categories?post=1268"},{"taxonomy":"post_tag","embeddable":true,"href":"https:\/\/orientaeduc.com\/archivo\/wp-json\/wp\/v2\/tags?post=1268"}],"curies":[{"name":"wp","href":"https:\/\/api.w.org\/{rel}","templated":true}]}}