{"id":1270,"date":"2004-07-02T22:21:27","date_gmt":"2004-07-02T22:21:27","guid":{"rendered":"https:\/\/orientaeduc.com\/archivo\/2004\/07\/02\/curso-de-formacion-inicial\/"},"modified":"2020-12-12T09:00:29","modified_gmt":"2020-12-12T09:00:29","slug":"curso-de-formacion-inicial","status":"publish","type":"post","link":"https:\/\/orientaeduc.com\/archivo\/orientacion\/departamento\/curso-de-formacion-inicial","title":{"rendered":"Curso de Formaci\u00f3n Inicial para Departamentos de Orientaci\u00f3n"},"content":{"rendered":"<p>[et_pb_section fb_built=\u00bb1&#8243; _builder_version=\u00bb3.22&#8243;][et_pb_row _builder_version=\u00bb3.25&#8243; background_size=\u00bbinitial\u00bb background_position=\u00bbtop_left\u00bb background_repeat=\u00bbrepeat\u00bb][et_pb_column type=\u00bb4_4&#8243; _builder_version=\u00bb3.25&#8243; custom_padding=\u00bb|||\u00bb custom_padding__hover=\u00bb|||\u00bb][et_pb_text _builder_version=\u00bb4.4.2&#8243; background_size=\u00bbinitial\u00bb background_position=\u00bbtop_left\u00bb background_repeat=\u00bbrepeat\u00bb]<\/p>\n<p align=\"left\">Hubo un tiempo en el que se daba formaci\u00f3n espec\u00edfica a los profesionales que se incorporaban por primera vez a los departamentos de orientaci\u00f3n. Desde esta p\u00e1gina se puede descargar el documento con los contenidos del m\u00f3dulo general del \u00faltimo <strong>Curso B\u00e1sico Inicial para integrantes de los Departamentos de Orientaci\u00f3n<\/strong> que se imparti\u00f3 en la comunidad de Castilla y Le\u00f3n (curso 96-97)<\/p>\n<h3 align=\"left\">M\u00d3DULO GENERAL<\/h3>\n<p align=\"left\">\u00cdndice<\/p>\n<p align=\"left\">I.- CONCEPTO DE ORIENTACI\u00d3N EDUCATIVA Y NECESIDAD DE LOS DEPARTAMENTOS DE ORIENTACI\u00d3N<br \/>1.- La orientaci\u00f3n como proceso de individualizaci\u00f3n de la ense\u00f1anza.<br \/>2.- La Reforma de la E.S.O. plantea retos nuevos y m\u00e1s complejos:<br \/>3.- Necesidad de un \u00f3rgano especializado (D.O.) que sirva de apoyo<\/p>\n<p align=\"left\">II.- LOS D.O. EN LOS INSTITUTOS DE EDUCACI\u00d3N SECUNDARIA<br \/>1.- Organos de gobierno y de coordinaci\u00f3n docente.<br \/>2.- Funciones del D.O. y su interconexi\u00f3n con los dem\u00e1s \u00f3rganos del instituto.<br \/>3.- Composici\u00f3n y estructura de los D.O.<br \/>4.- Aspectos m\u00e1s relevantes para que el D.O. elabore y desarrolle distintos planes de actuaci\u00f3n.<\/p>\n<p align=\"left\">III.- APOYO AL PROCESO ENSE\u00d1ANZA-APRENDIZAJE: ATENCI\u00d3N A LA DIVERSIDAD.<br \/>1.- Comprensividad, diversidad y educaci\u00f3n especial en la LOGSE.<br \/>2.- Concepto de diversidad y de atenci\u00f3n educativa a la diversidad.<br \/>3.- La atenci\u00f3n a la diversidad en los sucesivos niveles o \u00e1mbitos de configuraci\u00f3n y concreci\u00f3n del curr\u00edculo. Propuestas presentes en la L.O.G.S.E.<br \/>4.- La atenci\u00f3n a la diversidad y sus implicaciones educativas en el PEC<br \/>5.- La atenci\u00f3n a la diversidad y sus implicaciones en el Proyecto Curricular de Etapa.<br \/>6.- La atenci\u00f3n a la diversidad y sus implicaciones en el aula.<br \/>7.- Elementos b\u00e1sicos del concepto de adaptaci\u00f3n curricular significativa.<br \/>8.- Proceso de toma de decisiones en toda adaptaci\u00f3n curricular .<\/p>\n<p align=\"left\">IV.- LA EVALUACI\u00d3N INTEGRADORA<\/p>\n<p align=\"left\">V.- V\u00cdAS EXTRAORDINARIAS DE ATENCI\u00d3N A LA DIVERSIDAD<br \/>1.- Permanencia un a\u00f1o m\u00e1s en un ciclo o curso.<br \/>2.- Los Programas de Diversificaci\u00f3n Curricular (PDC).<br \/>3.- Los Programas de Garant\u00eda Social.<\/p>\n<p align=\"left\">VI.- PLAN DE ORIENTACI\u00d3N ACAD\u00c9MICA Y PROFESIONAL Y PLAN DE ACCI\u00d3N TUTORIAL<br \/>1.- Plan de Orientaci\u00f3n acad\u00e9mica y profesional.<br \/>2.- Plan de Acci\u00f3n Tutorial.<\/p>\n<p align=\"left\">VII.- MODELO Y ACTIVIDAD PR\u00c1CTICA SOBRE LA PLANIFICACI\u00d3N REAL DE LAS ACTIVIDADES DEL DEPARTAMENTO DE ORIENTACI\u00d3N.<\/p>\n<p>&nbsp;<\/p>\n<p>[\/et_pb_text][et_pb_button button_url=\u00bbhttps:\/\/storage.googleapis.com\/orientaeduc\/2020\/04\/curso_inicial_dpto_orientacion.pdf\u00bb url_new_window=\u00bbon\u00bb button_text=\u00bbDescargar Curso B\u00e1sico Inicial (pdf 1,2 Mb)\u00bb button_alignment=\u00bbcenter\u00bb module_class=\u00bbcustom_button_1&#8243; _builder_version=\u00bb4.4.2&#8243; custom_button=\u00bbon\u00bb button_text_size=\u00bb18px\u00bb button_bg_color=\u00bb#ef4b4c\u00bb button_border_width=\u00bb0px\u00bb button_border_color=\u00bbrgba(255,255,255,0)\u00bb button_letter_spacing=\u00bb2px\u00bb button_font=\u00bb|||on|||||\u00bb button_icon=\u00bb%%266%%\u00bb button_on_hover=\u00bboff\u00bb background_layout=\u00bbdark\u00bb custom_padding=\u00bb|65px||25px|false|false\u00bb box_shadow_style=\u00bbpreset1&#8243; button_text_color__hover_enabled=\u00bbon|hover\u00bb][\/et_pb_button][et_pb_code _builder_version=\u00bb4.4.2&#8243;]\n<a  data-e-Disable-Page-Transition=\"true\" class=\"download-link download-button aligncenter\" title=\"Versi\u00f3n curso 1996-97\" href=\"https:\/\/orientaeduc.com\/archivo\/descarga\/2303\/?tmstv=1777500316\" rel=\"nofollow\" id=\"download-link-2303\" data-redirect=\"false\" >\n\tDescargar &ldquo;Curso B\u00e1sico Inicial para integrantes de los Departamentos de Orientaci\u00f3n&rdquo;\t<small>curso_inicial_dpto_orientacion.pdf\t\t&ndash; Descargado 49689 veces\t\t&ndash; 1,12 MB<\/small>\n<\/a>\n[\/et_pb_code][\/et_pb_column][\/et_pb_row][\/et_pb_section]<\/p>\n","protected":false},"excerpt":{"rendered":"<p>Hubo un tiempo en el que se daba formaci\u00f3n espec\u00edfica a los profesionales que se incorporaban por primera vez a los departamentos de orientaci\u00f3n. Desde esta p\u00e1gina se puede descargar el documento con los contenidos del m\u00f3dulo general del \u00faltimo Curso B\u00e1sico Inicial para integrantes de los Departamentos de Orientaci\u00f3n que se imparti\u00f3 en la [&hellip;]<\/p>\n","protected":false},"author":4,"featured_media":2475,"comment_status":"open","ping_status":"open","sticky":false,"template":"","format":"standard","meta":{"_et_pb_use_builder":"on","_et_pb_old_content":"<h2 style=\"text-align: left;\">Curso B\u00e1sico Inicial para integrantes de los Departamentos de Orientaci\u00f3n<\/h2>\r\n<p align=\"left\">Hubo un tiempo en el que se daba formaci\u00f3n espec\u00edfica a los profesionales que se incorporaban por primera vez a los departamentos de orientaci\u00f3n. Desde esta p\u00e1gina se puede descargar el documento con los contenidos del m\u00f3dulo general del \u00faltimo curso que se imparti\u00f3 en la comunidad de Castilla y Le\u00f3n (curso 96-97)<\/p>\r\n\r\n<h3 align=\"left\">M\u00d3DULO GENERAL<\/h3>\r\n<p align=\"left\">\u00cdndice<\/p>\r\n<p align=\"left\">I.- CONCEPTO DE ORIENTACI\u00d3N EDUCATIVA Y NECESIDAD DE LOS DEPARTAMENTOS DE ORIENTACI\u00d3N\r\n1.- La orientaci\u00f3n como proceso de individualizaci\u00f3n de la ense\u00f1anza.\r\n2.- La Reforma de la E.S.O. plantea retos nuevos y m\u00e1s complejos:\r\n3.- Necesidad de un \u00f3rgano especializado (D.O.) que sirva de apoyo<\/p>\r\n<p align=\"left\">II.- LOS D.O. EN LOS INSTITUTOS DE EDUCACI\u00d3N SECUNDARIA\r\n1.- Organos de gobierno y de coordinaci\u00f3n docente.\r\n2.- Funciones del D.O. y su interconexi\u00f3n con los dem\u00e1s \u00f3rganos del instituto.\r\n3.- Composici\u00f3n y estructura de los D.O.\r\n4.- Aspectos m\u00e1s relevantes para que el D.O. elabore y desarrolle distintos planes de actuaci\u00f3n.<\/p>\r\n<p align=\"left\">III.- APOYO AL PROCESO ENSE\u00d1ANZA-APRENDIZAJE: ATENCI\u00d3N A LA DIVERSIDAD.\r\n1.- Comprensividad, diversidad y educaci\u00f3n especial en la LOGSE.\r\n2.- Concepto de diversidad y de atenci\u00f3n educativa a la diversidad.\r\n3.- La atenci\u00f3n a la diversidad en los sucesivos niveles o \u00e1mbitos de configuraci\u00f3n y concreci\u00f3n del curr\u00edculo. Propuestas presentes en la L.O.G.S.E.\r\n4.- La atenci\u00f3n a la diversidad y sus implicaciones educativas en el PEC\r\n5.- La atenci\u00f3n a la diversidad y sus implicaciones en el Proyecto Curricular de Etapa.\r\n6.- La atenci\u00f3n a la diversidad y sus implicaciones en el aula.\r\n7.- Elementos b\u00e1sicos del concepto de adaptaci\u00f3n curricular significativa.\r\n8.- Proceso de toma de decisiones en toda adaptaci\u00f3n curricular .<\/p>\r\n<p align=\"left\">IV.- LA EVALUACI\u00d3N INTEGRADORA<\/p>\r\n<p align=\"left\">V.- V\u00cdAS EXTRAORDINARIAS DE ATENCI\u00d3N A LA DIVERSIDAD\r\n1.- Permanencia un a\u00f1o m\u00e1s en un ciclo o curso.\r\n2.- Los Programas de Diversificaci\u00f3n Curricular (PDC).\r\n3.- Los Programas de Garant\u00eda Social.<\/p>\r\n<p align=\"left\">VI.- PLAN DE ORIENTACI\u00d3N ACAD\u00c9MICA Y PROFESIONAL Y PLAN DE ACCI\u00d3N TUTORIAL\r\n1.- Plan de Orientaci\u00f3n acad\u00e9mica y profesional.\r\n2.- Plan de Acci\u00f3n Tutorial.<\/p>\r\n<p align=\"left\">VII.- MODELO Y ACTIVIDAD PR\u00c1CTICA SOBRE LA PLANIFICACI\u00d3N REAL DE LAS ACTIVIDADES DEL DEPARTAMENTO DE ORIENTACI\u00d3N.<\/p>\r\n\u00a0\r\n\r\n<a class=\"et_pb_default_button et_pb_button\" target=\"_blank\" rel=\"noopener noreferrer\" href=\"https:\/\/storage.googleapis.com\/orientaeduc\/2020\/04\/curso_inicial_dpto_orientacion.pdf\">Descargar Curso B\u00e1sico Inicial (pdf 1,2 Mb)<\/a>","_et_gb_content_width":"","footnotes":""},"categories":[33],"tags":[],"class_list":["post-1270","post","type-post","status-publish","format-standard","has-post-thumbnail","hentry","category-departamento","et-has-post-format-content","et_post_format-et-post-format-standard"],"yoast_head":"<!-- This site is optimized with the Yoast SEO plugin v27.4 - https:\/\/yoast.com\/product\/yoast-seo-wordpress\/ -->\n<title>Curso de Formaci\u00f3n Inicial para Departamentos de Orientaci\u00f3n - Orientaeduc<\/title>\n<meta name=\"robots\" content=\"index, follow, max-snippet:-1, max-image-preview:large, max-video-preview:-1\" \/>\n<link rel=\"canonical\" href=\"https:\/\/orientaeduc.com\/archivo\/orientacion\/departamento\/curso-de-formacion-inicial\" \/>\n<meta property=\"og:locale\" content=\"es_ES\" \/>\n<meta property=\"og:type\" content=\"article\" \/>\n<meta property=\"og:title\" content=\"Curso de Formaci\u00f3n Inicial para Departamentos de Orientaci\u00f3n - Orientaeduc\" \/>\n<meta property=\"og:description\" content=\"Hubo un tiempo en el que se daba formaci\u00f3n espec\u00edfica a los profesionales que se incorporaban por primera vez a los departamentos de orientaci\u00f3n. Desde esta p\u00e1gina se puede descargar el documento con los contenidos del m\u00f3dulo general del \u00faltimo Curso B\u00e1sico Inicial para integrantes de los Departamentos de Orientaci\u00f3n que se imparti\u00f3 en la [&hellip;]\" \/>\n<meta property=\"og:url\" content=\"https:\/\/orientaeduc.com\/archivo\/orientacion\/departamento\/curso-de-formacion-inicial\" \/>\n<meta property=\"og:site_name\" content=\"Orientaeduc\" \/>\n<meta property=\"article:author\" content=\"https:\/\/www.facebook.com\/lbarriocanal\" \/>\n<meta property=\"article:published_time\" content=\"2004-07-02T22:21:27+00:00\" \/>\n<meta property=\"article:modified_time\" content=\"2020-12-12T09:00:29+00:00\" \/>\n<meta property=\"og:image\" content=\"https:\/\/storage.googleapis.com\/orientaeduc\/2020\/12\/interpreter-illustration-2.jpg\" \/>\n\t<meta property=\"og:image:width\" content=\"600\" \/>\n\t<meta property=\"og:image:height\" content=\"400\" \/>\n\t<meta property=\"og:image:type\" content=\"image\/jpeg\" \/>\n<meta name=\"author\" content=\"lbarriocanal\" \/>\n<meta name=\"twitter:card\" content=\"summary_large_image\" \/>\n<meta name=\"twitter:label1\" content=\"Escrito por\" \/>\n\t<meta name=\"twitter:data1\" content=\"lbarriocanal\" \/>\n\t<meta name=\"twitter:label2\" content=\"Tiempo de lectura\" \/>\n\t<meta name=\"twitter:data2\" content=\"3 minutos\" \/>\n<script type=\"application\/ld+json\" class=\"yoast-schema-graph\">{\"@context\":\"https:\\\/\\\/schema.org\",\"@graph\":[{\"@type\":\"Article\",\"@id\":\"https:\\\/\\\/orientaeduc.com\\\/archivo\\\/orientacion\\\/departamento\\\/curso-de-formacion-inicial#article\",\"isPartOf\":{\"@id\":\"https:\\\/\\\/orientaeduc.com\\\/archivo\\\/orientacion\\\/departamento\\\/curso-de-formacion-inicial\"},\"author\":{\"name\":\"lbarriocanal\",\"@id\":\"https:\\\/\\\/orientaeduc.com\\\/archivo\\\/#\\\/schema\\\/person\\\/ca93077e3b8d4a14ff357012e2e9a41d\"},\"headline\":\"Curso de Formaci\u00f3n Inicial para Departamentos de Orientaci\u00f3n\",\"datePublished\":\"2004-07-02T22:21:27+00:00\",\"dateModified\":\"2020-12-12T09:00:29+00:00\",\"mainEntityOfPage\":{\"@id\":\"https:\\\/\\\/orientaeduc.com\\\/archivo\\\/orientacion\\\/departamento\\\/curso-de-formacion-inicial\"},\"wordCount\":593,\"commentCount\":0,\"publisher\":{\"@id\":\"https:\\\/\\\/orientaeduc.com\\\/archivo\\\/#organization\"},\"image\":{\"@id\":\"https:\\\/\\\/orientaeduc.com\\\/archivo\\\/orientacion\\\/departamento\\\/curso-de-formacion-inicial#primaryimage\"},\"thumbnailUrl\":\"https:\\\/\\\/storage.googleapis.com\\\/orientaeduc\\\/2020\\\/12\\\/interpreter-illustration-2.jpg\",\"articleSection\":[\"Departamento de Orientaci\u00f3n\"],\"inLanguage\":\"es\",\"potentialAction\":[{\"@type\":\"CommentAction\",\"name\":\"Comment\",\"target\":[\"https:\\\/\\\/orientaeduc.com\\\/archivo\\\/orientacion\\\/departamento\\\/curso-de-formacion-inicial#respond\"]}]},{\"@type\":\"WebPage\",\"@id\":\"https:\\\/\\\/orientaeduc.com\\\/archivo\\\/orientacion\\\/departamento\\\/curso-de-formacion-inicial\",\"url\":\"https:\\\/\\\/orientaeduc.com\\\/archivo\\\/orientacion\\\/departamento\\\/curso-de-formacion-inicial\",\"name\":\"Curso de Formaci\u00f3n Inicial para Departamentos de Orientaci\u00f3n - Orientaeduc\",\"isPartOf\":{\"@id\":\"https:\\\/\\\/orientaeduc.com\\\/archivo\\\/#website\"},\"primaryImageOfPage\":{\"@id\":\"https:\\\/\\\/orientaeduc.com\\\/archivo\\\/orientacion\\\/departamento\\\/curso-de-formacion-inicial#primaryimage\"},\"image\":{\"@id\":\"https:\\\/\\\/orientaeduc.com\\\/archivo\\\/orientacion\\\/departamento\\\/curso-de-formacion-inicial#primaryimage\"},\"thumbnailUrl\":\"https:\\\/\\\/storage.googleapis.com\\\/orientaeduc\\\/2020\\\/12\\\/interpreter-illustration-2.jpg\",\"datePublished\":\"2004-07-02T22:21:27+00:00\",\"dateModified\":\"2020-12-12T09:00:29+00:00\",\"breadcrumb\":{\"@id\":\"https:\\\/\\\/orientaeduc.com\\\/archivo\\\/orientacion\\\/departamento\\\/curso-de-formacion-inicial#breadcrumb\"},\"inLanguage\":\"es\",\"potentialAction\":[{\"@type\":\"ReadAction\",\"target\":[\"https:\\\/\\\/orientaeduc.com\\\/archivo\\\/orientacion\\\/departamento\\\/curso-de-formacion-inicial\"]}]},{\"@type\":\"ImageObject\",\"inLanguage\":\"es\",\"@id\":\"https:\\\/\\\/orientaeduc.com\\\/archivo\\\/orientacion\\\/departamento\\\/curso-de-formacion-inicial#primaryimage\",\"url\":\"https:\\\/\\\/storage.googleapis.com\\\/orientaeduc\\\/2020\\\/12\\\/interpreter-illustration-2.jpg\",\"contentUrl\":\"https:\\\/\\\/storage.googleapis.com\\\/orientaeduc\\\/2020\\\/12\\\/interpreter-illustration-2.jpg\",\"width\":600,\"height\":400,\"caption\":\"curso formaci\u00f3n orientaci\u00f3n educativa\"},{\"@type\":\"BreadcrumbList\",\"@id\":\"https:\\\/\\\/orientaeduc.com\\\/archivo\\\/orientacion\\\/departamento\\\/curso-de-formacion-inicial#breadcrumb\",\"itemListElement\":[{\"@type\":\"ListItem\",\"position\":1,\"name\":\"Portada\",\"item\":\"https:\\\/\\\/orientaeduc.com\\\/archivo\"},{\"@type\":\"ListItem\",\"position\":2,\"name\":\"Curso de Formaci\u00f3n Inicial para Departamentos de Orientaci\u00f3n\"}]},{\"@type\":\"WebSite\",\"@id\":\"https:\\\/\\\/orientaeduc.com\\\/archivo\\\/#website\",\"url\":\"https:\\\/\\\/orientaeduc.com\\\/archivo\\\/\",\"name\":\"Orientaeduc\",\"description\":\"Recursos para la Orientaci\u00f3n Educativa\",\"publisher\":{\"@id\":\"https:\\\/\\\/orientaeduc.com\\\/archivo\\\/#organization\"},\"potentialAction\":[{\"@type\":\"SearchAction\",\"target\":{\"@type\":\"EntryPoint\",\"urlTemplate\":\"https:\\\/\\\/orientaeduc.com\\\/archivo\\\/?s={search_term_string}\"},\"query-input\":{\"@type\":\"PropertyValueSpecification\",\"valueRequired\":true,\"valueName\":\"search_term_string\"}}],\"inLanguage\":\"es\"},{\"@type\":\"Organization\",\"@id\":\"https:\\\/\\\/orientaeduc.com\\\/archivo\\\/#organization\",\"name\":\"Orientaeduc.com\",\"url\":\"https:\\\/\\\/orientaeduc.com\\\/archivo\\\/\",\"logo\":{\"@type\":\"ImageObject\",\"inLanguage\":\"es\",\"@id\":\"https:\\\/\\\/orientaeduc.com\\\/archivo\\\/#\\\/schema\\\/logo\\\/image\\\/\",\"url\":\"https:\\\/\\\/orientaeduc.com\\\/archivo\\\/wp-content\\\/uploads\\\/sites\\\/2\\\/2020\\\/04\\\/orientaeduc_logo.png\",\"contentUrl\":\"https:\\\/\\\/orientaeduc.com\\\/archivo\\\/wp-content\\\/uploads\\\/sites\\\/2\\\/2020\\\/04\\\/orientaeduc_logo.png\",\"width\":293,\"height\":76,\"caption\":\"Orientaeduc.com\"},\"image\":{\"@id\":\"https:\\\/\\\/orientaeduc.com\\\/archivo\\\/#\\\/schema\\\/logo\\\/image\\\/\"}},{\"@type\":\"Person\",\"@id\":\"https:\\\/\\\/orientaeduc.com\\\/archivo\\\/#\\\/schema\\\/person\\\/ca93077e3b8d4a14ff357012e2e9a41d\",\"name\":\"lbarriocanal\",\"image\":{\"@type\":\"ImageObject\",\"inLanguage\":\"es\",\"@id\":\"https:\\\/\\\/secure.gravatar.com\\\/avatar\\\/1f6884c182c7dd4f0f5329225cdf4f117f103647fc99811ff87bd059d99aae38?s=96&d=mm&r=g\",\"url\":\"https:\\\/\\\/secure.gravatar.com\\\/avatar\\\/1f6884c182c7dd4f0f5329225cdf4f117f103647fc99811ff87bd059d99aae38?s=96&d=mm&r=g\",\"contentUrl\":\"https:\\\/\\\/secure.gravatar.com\\\/avatar\\\/1f6884c182c7dd4f0f5329225cdf4f117f103647fc99811ff87bd059d99aae38?s=96&d=mm&r=g\",\"caption\":\"lbarriocanal\"},\"sameAs\":[\"https:\\\/\\\/www.facebook.com\\\/lbarriocanal\",\"https:\\\/\\\/www.youtube.com\\\/user\\\/lbarriocanal\\\/\"]}]}<\/script>\n<!-- \/ Yoast SEO plugin. -->","yoast_head_json":{"title":"Curso de Formaci\u00f3n Inicial para Departamentos de Orientaci\u00f3n - Orientaeduc","robots":{"index":"index","follow":"follow","max-snippet":"max-snippet:-1","max-image-preview":"max-image-preview:large","max-video-preview":"max-video-preview:-1"},"canonical":"https:\/\/orientaeduc.com\/archivo\/orientacion\/departamento\/curso-de-formacion-inicial","og_locale":"es_ES","og_type":"article","og_title":"Curso de Formaci\u00f3n Inicial para Departamentos de Orientaci\u00f3n - Orientaeduc","og_description":"Hubo un tiempo en el que se daba formaci\u00f3n espec\u00edfica a los profesionales que se incorporaban por primera vez a los departamentos de orientaci\u00f3n. Desde esta p\u00e1gina se puede descargar el documento con los contenidos del m\u00f3dulo general del \u00faltimo Curso B\u00e1sico Inicial para integrantes de los Departamentos de Orientaci\u00f3n que se imparti\u00f3 en la [&hellip;]","og_url":"https:\/\/orientaeduc.com\/archivo\/orientacion\/departamento\/curso-de-formacion-inicial","og_site_name":"Orientaeduc","article_author":"https:\/\/www.facebook.com\/lbarriocanal","article_published_time":"2004-07-02T22:21:27+00:00","article_modified_time":"2020-12-12T09:00:29+00:00","og_image":[{"width":600,"height":400,"url":"https:\/\/storage.googleapis.com\/orientaeduc\/2020\/12\/interpreter-illustration-2.jpg","type":"image\/jpeg"}],"author":"lbarriocanal","twitter_card":"summary_large_image","twitter_misc":{"Escrito por":"lbarriocanal","Tiempo de lectura":"3 minutos"},"schema":{"@context":"https:\/\/schema.org","@graph":[{"@type":"Article","@id":"https:\/\/orientaeduc.com\/archivo\/orientacion\/departamento\/curso-de-formacion-inicial#article","isPartOf":{"@id":"https:\/\/orientaeduc.com\/archivo\/orientacion\/departamento\/curso-de-formacion-inicial"},"author":{"name":"lbarriocanal","@id":"https:\/\/orientaeduc.com\/archivo\/#\/schema\/person\/ca93077e3b8d4a14ff357012e2e9a41d"},"headline":"Curso de Formaci\u00f3n Inicial para Departamentos de Orientaci\u00f3n","datePublished":"2004-07-02T22:21:27+00:00","dateModified":"2020-12-12T09:00:29+00:00","mainEntityOfPage":{"@id":"https:\/\/orientaeduc.com\/archivo\/orientacion\/departamento\/curso-de-formacion-inicial"},"wordCount":593,"commentCount":0,"publisher":{"@id":"https:\/\/orientaeduc.com\/archivo\/#organization"},"image":{"@id":"https:\/\/orientaeduc.com\/archivo\/orientacion\/departamento\/curso-de-formacion-inicial#primaryimage"},"thumbnailUrl":"https:\/\/storage.googleapis.com\/orientaeduc\/2020\/12\/interpreter-illustration-2.jpg","articleSection":["Departamento de Orientaci\u00f3n"],"inLanguage":"es","potentialAction":[{"@type":"CommentAction","name":"Comment","target":["https:\/\/orientaeduc.com\/archivo\/orientacion\/departamento\/curso-de-formacion-inicial#respond"]}]},{"@type":"WebPage","@id":"https:\/\/orientaeduc.com\/archivo\/orientacion\/departamento\/curso-de-formacion-inicial","url":"https:\/\/orientaeduc.com\/archivo\/orientacion\/departamento\/curso-de-formacion-inicial","name":"Curso de Formaci\u00f3n Inicial para Departamentos de Orientaci\u00f3n - Orientaeduc","isPartOf":{"@id":"https:\/\/orientaeduc.com\/archivo\/#website"},"primaryImageOfPage":{"@id":"https:\/\/orientaeduc.com\/archivo\/orientacion\/departamento\/curso-de-formacion-inicial#primaryimage"},"image":{"@id":"https:\/\/orientaeduc.com\/archivo\/orientacion\/departamento\/curso-de-formacion-inicial#primaryimage"},"thumbnailUrl":"https:\/\/storage.googleapis.com\/orientaeduc\/2020\/12\/interpreter-illustration-2.jpg","datePublished":"2004-07-02T22:21:27+00:00","dateModified":"2020-12-12T09:00:29+00:00","breadcrumb":{"@id":"https:\/\/orientaeduc.com\/archivo\/orientacion\/departamento\/curso-de-formacion-inicial#breadcrumb"},"inLanguage":"es","potentialAction":[{"@type":"ReadAction","target":["https:\/\/orientaeduc.com\/archivo\/orientacion\/departamento\/curso-de-formacion-inicial"]}]},{"@type":"ImageObject","inLanguage":"es","@id":"https:\/\/orientaeduc.com\/archivo\/orientacion\/departamento\/curso-de-formacion-inicial#primaryimage","url":"https:\/\/storage.googleapis.com\/orientaeduc\/2020\/12\/interpreter-illustration-2.jpg","contentUrl":"https:\/\/storage.googleapis.com\/orientaeduc\/2020\/12\/interpreter-illustration-2.jpg","width":600,"height":400,"caption":"curso formaci\u00f3n orientaci\u00f3n educativa"},{"@type":"BreadcrumbList","@id":"https:\/\/orientaeduc.com\/archivo\/orientacion\/departamento\/curso-de-formacion-inicial#breadcrumb","itemListElement":[{"@type":"ListItem","position":1,"name":"Portada","item":"https:\/\/orientaeduc.com\/archivo"},{"@type":"ListItem","position":2,"name":"Curso de Formaci\u00f3n Inicial para Departamentos de Orientaci\u00f3n"}]},{"@type":"WebSite","@id":"https:\/\/orientaeduc.com\/archivo\/#website","url":"https:\/\/orientaeduc.com\/archivo\/","name":"Orientaeduc","description":"Recursos para la Orientaci\u00f3n Educativa","publisher":{"@id":"https:\/\/orientaeduc.com\/archivo\/#organization"},"potentialAction":[{"@type":"SearchAction","target":{"@type":"EntryPoint","urlTemplate":"https:\/\/orientaeduc.com\/archivo\/?s={search_term_string}"},"query-input":{"@type":"PropertyValueSpecification","valueRequired":true,"valueName":"search_term_string"}}],"inLanguage":"es"},{"@type":"Organization","@id":"https:\/\/orientaeduc.com\/archivo\/#organization","name":"Orientaeduc.com","url":"https:\/\/orientaeduc.com\/archivo\/","logo":{"@type":"ImageObject","inLanguage":"es","@id":"https:\/\/orientaeduc.com\/archivo\/#\/schema\/logo\/image\/","url":"https:\/\/orientaeduc.com\/archivo\/wp-content\/uploads\/sites\/2\/2020\/04\/orientaeduc_logo.png","contentUrl":"https:\/\/orientaeduc.com\/archivo\/wp-content\/uploads\/sites\/2\/2020\/04\/orientaeduc_logo.png","width":293,"height":76,"caption":"Orientaeduc.com"},"image":{"@id":"https:\/\/orientaeduc.com\/archivo\/#\/schema\/logo\/image\/"}},{"@type":"Person","@id":"https:\/\/orientaeduc.com\/archivo\/#\/schema\/person\/ca93077e3b8d4a14ff357012e2e9a41d","name":"lbarriocanal","image":{"@type":"ImageObject","inLanguage":"es","@id":"https:\/\/secure.gravatar.com\/avatar\/1f6884c182c7dd4f0f5329225cdf4f117f103647fc99811ff87bd059d99aae38?s=96&d=mm&r=g","url":"https:\/\/secure.gravatar.com\/avatar\/1f6884c182c7dd4f0f5329225cdf4f117f103647fc99811ff87bd059d99aae38?s=96&d=mm&r=g","contentUrl":"https:\/\/secure.gravatar.com\/avatar\/1f6884c182c7dd4f0f5329225cdf4f117f103647fc99811ff87bd059d99aae38?s=96&d=mm&r=g","caption":"lbarriocanal"},"sameAs":["https:\/\/www.facebook.com\/lbarriocanal","https:\/\/www.youtube.com\/user\/lbarriocanal\/"]}]}},"_links":{"self":[{"href":"https:\/\/orientaeduc.com\/archivo\/wp-json\/wp\/v2\/posts\/1270","targetHints":{"allow":["GET"]}}],"collection":[{"href":"https:\/\/orientaeduc.com\/archivo\/wp-json\/wp\/v2\/posts"}],"about":[{"href":"https:\/\/orientaeduc.com\/archivo\/wp-json\/wp\/v2\/types\/post"}],"author":[{"embeddable":true,"href":"https:\/\/orientaeduc.com\/archivo\/wp-json\/wp\/v2\/users\/4"}],"replies":[{"embeddable":true,"href":"https:\/\/orientaeduc.com\/archivo\/wp-json\/wp\/v2\/comments?post=1270"}],"version-history":[{"count":0,"href":"https:\/\/orientaeduc.com\/archivo\/wp-json\/wp\/v2\/posts\/1270\/revisions"}],"wp:featuredmedia":[{"embeddable":true,"href":"https:\/\/orientaeduc.com\/archivo\/wp-json\/wp\/v2\/media\/2475"}],"wp:attachment":[{"href":"https:\/\/orientaeduc.com\/archivo\/wp-json\/wp\/v2\/media?parent=1270"}],"wp:term":[{"taxonomy":"category","embeddable":true,"href":"https:\/\/orientaeduc.com\/archivo\/wp-json\/wp\/v2\/categories?post=1270"},{"taxonomy":"post_tag","embeddable":true,"href":"https:\/\/orientaeduc.com\/archivo\/wp-json\/wp\/v2\/tags?post=1270"}],"curies":[{"name":"wp","href":"https:\/\/api.w.org\/{rel}","templated":true}]}}