{"id":1288,"date":"2000-07-04T04:53:47","date_gmt":"2000-07-04T04:53:47","guid":{"rendered":"https:\/\/orientaeduc.com\/archivo\/2004\/07\/20\/normativa-aplicable-para-la-distribucion-del-horario\/"},"modified":"2020-12-12T08:49:22","modified_gmt":"2020-12-12T08:49:22","slug":"normativa-aplicable-para-la-distribucion-del-horario","status":"publish","type":"post","link":"https:\/\/orientaeduc.com\/archivo\/orientacion\/normativa\/normativa-aplicable-para-la-distribucion-del-horario","title":{"rendered":"Normativa aplicable para la distribuci\u00f3n del horario"},"content":{"rendered":"<p>En muchas comunidades aut\u00f3nomas el horario de los profesores de instituto est\u00e1 regulado a\u00fan por la Orden de 29 de junio de 1994 por la que se aprueban las instrucciones que regulan la organizaci\u00f3n y funcionamiento de los Institutos de Educaci\u00f3n Secundaria (BOE de 5 de julio).&nbsp; El horario semanal de permanencia en el instituto de los Profesores de la especialidad de Psicolog\u00eda y Pedagog\u00eda est\u00e1 establecida en el art\u00edculo 83, mientras que en el caso de otros profesores no pertenecientes al DO son de aplicaci\u00f3n los art\u00edculos 77 a 82.<\/p>\n<p>  <!--more-->   <\/p>\n<h4>Normativa aplicable para la distribuci\u00f3n del horario del profesorado de Psicolog\u00eda y Pedagog\u00eda<\/h4>\n<p> <strong>1. ORDEN DE 29 DE JUNIO DE 1994 POR LA QUE SE APRUEBAN LAS INSTRUCCIONES QUE REGULAN LA ORGANIZACION Y FUNCIONAMIENTO DE LOS INSTITUTOS DE EDUCACION SECUNDARIA.<\/strong><br \/> <strong> <\/strong><br \/> <strong>V. Horarios de los Profesores<\/strong><br \/> <strong> <\/strong><br \/> <strong> Distribuci\u00f3n del horario<\/strong><br \/> <strong> <\/strong><br \/> <strong><em>A) Profesores de ense\u00f1anza secundaria y Profesores t\u00e9cnicos de Formaci\u00f3n Profesional<\/em><\/strong>. (instrucciones 77 a 82)<br \/> <strong><em>B) Profesores del departamento de orientaci\u00f3n<\/em><\/strong>. (instrucciones 83 a 86)<\/p>\n<p> 83. El horario semanal de permanencia en el instituto de los Profesores de la especialidad de Psicolog\u00eda y Pedagog\u00eda, integrados en el departamento de orientaci\u00f3n, ser\u00e1 el establecido para el resto de los Profesores en los art\u00edculos 69, 70 y 71 de estas Instrucciones y estar\u00e1 organizado de la forma siguiente:<br \/> a) <span style=\"text-decoration: underline;\">Entre seis y nueve per\u00edodos lectivos<\/span>, dedicados a impartir <span style=\"text-decoration: underline;\">materias optativas relacionadas con su especialidad<\/span> y a la atenci\u00f3n de grupos de alumnos que sigan programas espec\u00edficos, seg\u00fan determine la jefatura de estudios.<br \/> b) Horas de <span style=\"text-decoration: underline;\">despacho<\/span> para la atenci\u00f3n de alumnos, padres y Profesores y preparaci\u00f3n de materiales.<br \/> c) Horas dedicadas a la <span style=\"text-decoration: underline;\">coordinaci\u00f3n y reuniones<\/span> con el equipo directivo y con los tutores.<br \/> d) Una hora para <span style=\"text-decoration: underline;\">reuniones de departamento<\/span>.<\/p>\n<p> 86. Los Profesores de este departamento que atiendan a los grupos de diversificaci\u00f3n colaborar\u00e1n tambi\u00e9n en la aplicaci\u00f3n de las adaptaciones curriculares con los departamentos did\u00e1cticos correspondientes (&#8230;) En todo caso, el horario de estos Profesores ser\u00e1 el establecido con car\u00e1cter general en estas Instrucciones para los Profesores de Educaci\u00f3n Secundaria y Profesores t\u00e9cnicos de Formaci\u00f3n Profesional.<\/p>\n<p> <strong>2. RESOLUCI\u00d3N DE 29 DE ABRIL DE 1996, DE LA DIRECCI\u00d3N GENERAL DE CENTROS ESCOLARES, SOBRE ORGANIZACI\u00d3N DE LOS DEPARTAMENTOS DE ORIENTACI\u00d3N EN INSTITUTOS DE EDUCACI\u00d3N SECUNDARIA<\/strong><br \/> <strong> <\/strong><br \/> <strong>Segunda. R\u00e9gimen horario de los Profesores del departamento de orientaci\u00f3n<\/strong><br \/> <strong> <\/strong>l. El horario del profesorado de Psicolog\u00eda y Pedagog\u00eda se organizar\u00e1 de acuerdo con lo establecido en los puntos 83, 84 y 86 de las instrucciones para la organizaci\u00f3n y funcionamiento de los Institutos de Educaci\u00f3n Secundaria, aprobado por Orden de 29 de junio de 1994.<br \/> 2. El horario de los Profesores de apoyo a los \u00e1mbitos &#8230;<br \/> 3. Los Profesores de formaci\u00f3n y orientaci\u00f3n laboral&#8230;<br \/> 4. Los Maestros de Audici\u00f3n y Lenguaje y de Pedagog\u00eda Terap\u00e9utica &#8230;<br \/> 6. Para los Profesores a los que se refieren los apartados 2, 3 y 4, la Jefatura de Estudios, cuando lo estime conveniente y para el mejor desarrollo de las funciones que aqu\u00ed se le asignan, podr\u00e1 determinar que todas las horas complementarias, o parte de ellas, puedan ser dedicadas a dichas funciones.  <\/p>\n<div align=\"left\">\n<ul>\n<li>&nbsp; <a href=\"https:\/\/orientaeduc.com\/archivo\/wp-content\/uploads\/sites\/2\/2004\/07\/horario.doc\">Modelo de reclamaci\u00f3n del horario (Word)<\/a><\/li>\n<\/ul><\/div>\n<p>   <\/p>\n<div class=\"legend\">\n<h3 class=\"legend-title\">ESCRITO PARA LA RACLAMACI\u00d3N DEL HORARIO<\/h3>\n<p>\u00a0<\/p>\n<p>Se\u00f1or Director:<\/p>\n<p>D. _______________________________________, funcionario del Cuerpo de Profesores de Ense\u00f1anza Secundaria, con N.R.P. ____________________________ , con destino en este IES y miembro del Departamento de Orientaci\u00f3n, <strong>EXPONE:<\/strong><\/p>\n<p>PRIMERO. Que est\u00e1 en desacuerdo con el horario que le ha sido entregado para el curso 1998-99 por el Director de este I.E.S. con fecha _____________ de ______________ y en el que se asignan horas de ______________________________<\/p>\n<p>SEGUNDO. Que dicho desacuerdo se fundamenta en la consideraci\u00f3n de que para la distribuci\u00f3n del horario del Profesorado de Psicolog\u00eda y Pedagog\u00eda que pertenece al Departamento de Orientaci\u00f3n no son aplicables los apartados 77 a 82 de la Orden de 29 de junio de 1994 por la que se aprueban las instrucciones que regulan la organizaci\u00f3n y funcionamiento de los Institutos de Educaci\u00f3n Secundaria si se tienen en cuenta los siguientes fundamentos legales:<\/p>\n<p><strong><span style=\"text-decoration: underline;\">Uno<\/span><\/strong>. La Orden de 29 de junio de 1994 por la que se aprueban las instrucciones que regulan la organizaci\u00f3n y funcionamiento de los Institutos de Educaci\u00f3n Secundaria atendiendo a lo siguiente:<\/p>\n<p> 1\u00ba. Que en sus apartados 76 a 87 establece para la distribuci\u00f3n del horario de los profesores la distinci\u00f3n entre   <br \/><em>A) Profesores de ense\u00f1anza secundaria y Profesores t\u00e9cnicos de Formaci\u00f3n Profesional<\/em>. <\/p>\n<p><em>B) Profesores del departamento de orientaci\u00f3n.<\/em><\/p>\n<p><em>C) Maestros<\/em><\/p>\n<p><em>D) Profesores con horario incompleto<\/em><\/p>\n<p> 2\u00ba. Que en la instrucci\u00f3n 83 se establece que  <em>\u00abEl horario semanal de permanencia en el instituto de los Profesores de la especialidad de Psicolog\u00eda y Pedagog\u00eda, integrados en el departamento de orientaci\u00f3n, ser\u00e1 el establecido para el resto de los Profesores en los art\u00edculos 69, 70 y 71 de estas Instrucciones y estar\u00e1 organizado de la forma siguiente:<\/em> <br \/><em>a) Entre seis y nueve per\u00edodos lectivos, dedicados a impartir materias optativas relacionadas con su especialidad y a la atenci\u00f3n de grupos de alumnos que sigan programas espec\u00edficos, seg\u00fan determine la jefatura de estudios.<\/em> <\/p>\n<p><em>b) Horas de despacho para la atenci\u00f3n de alumnos, padres y Profesores y preparaci\u00f3n de materiales.<\/em><\/p>\n<p><em>c) Horas dedicadas a la coordinaci\u00f3n y reuniones con el equipo directivo y con los tutores.<\/em><\/p>\n<p><em>d) Una hora para reuniones de departamento \u00ab<\/em><\/p>\n<p> 3\u00ba. Que s\u00f3lo para los Profesores de este departamento que atiendan a los grupos de diversificaci\u00f3n -y no para los Profesores de la especialidad de Psicolog\u00eda y Pedagog\u00eda- se indica en la instrucci\u00f3n 86:   <br \/><em>\u00abEn todo caso, el horario de estos Profesores ser\u00e1 el establecido con car\u00e1cter general en estas Instrucciones para los Profesores de Educaci\u00f3n Secundaria y Profesores t\u00e9cnicos de Formaci\u00f3n Profesional\u00bb<\/em> <\/p>\n<p> <strong><span style=\"text-decoration: underline;\">Dos.<\/span><\/strong> La Resoluci\u00f3n de 29 de abril de 1996,de la Direcci\u00f3n General de Centros Escolares, sobre organizaci\u00f3n de los departamentos de orientaci\u00f3n en Institutos de Educaci\u00f3n Secundaria atendiendo a lo siguiente 1\u00ba. Que en el apartado 1 de la instrucci\u00f3n segunda, que establece horario de los Profesores del departamento de orientaci\u00f3n, se se\u00f1ala que:   <br \/><em>\u00abEl horario del profesorado de Psicologia y Pedagogia se organizar\u00e1 de acuerdo con lo establecido en los puntos 83, 84 y 86 de las instrucciones para la organizaci\u00f3n y funcionamiento de los Institutos de Educaci\u00f3n Secundaria, aprobado por Orden de 29 de junio de 1994\u00bb<\/em> <br \/> 2\u00ba. Que en el apartado 6 de la misma instrucci\u00f3n segunda se indica que <em>\u00abPara los Profesores a los que se refieren los apartados 2, 3 y 4, la Jefatura de Estudios, cuando lo estime conveniente y para el mejor desarrollo de las funciones que aqu\u00ed se le asignan, podr\u00e1 determinar que todas las horas complementarias, o parte de ellas, puedan ser dedicadas a dichas funciones\u00bb <\/em> <br \/> excluyendo de esta disposici\u00f3n a los Profesores de Psicolog\u00eda y Pedagog\u00eda citados en el apartado 2 ya que, en coherencia con las disposiciones legales anteriormente expuestas, en el caso de estos profesores no procede la distinci\u00f3n entre horario lectivo y horario complementario que s\u00ed se contempla en las instrucciones 78 y 81 de la Orden de 29 de junio de 1994 por la que se aprueban las instrucciones que regulan la organizaci\u00f3n y funcionamiento de los Institutos de Educaci\u00f3n Secundaria, antes citada. TERCERO. Que por todo lo anterior parece claro que el esp\u00edritu de la norma y la intenci\u00f3n del legislador es que el horario de dedicaci\u00f3n al centro del profesorado de Psicolog\u00eda y Pedagog\u00eda se aproveche al m\u00e1ximo en las tareas derivadas del cumplimiento de las funciones que le atribuye el art\u00edculo 42 del Real Decreto 83\/1996 por el que se aprueba el Reglamento org\u00e1nico de los institutos de educaci\u00f3n secundaria y que, por su singularidad, no pueden ser desempe\u00f1adas por otros profesores del instituto. <\/p>\n<p>CUARTO. Que la asignaci\u00f3n de horas de _________________ en el horario de este profesor no viene obligada por necesidades de servicio que no puedan ser cubiertas seg\u00fan lo establecido en apartado 81 de la Orden de 29 de junio de 1994.<\/p>\n<p>QUINTO. Que para el presente curso escolar el profesor que suscribe ha de desempe\u00f1ar las funciones establecidas en el art\u00edculo 42 del Reglamento Org\u00e1nico de los Institutos de Educaci\u00f3n Secundaria con especial atenci\u00f3n a ________________________________, tareas que hacen necesaria la distribuci\u00f3n de un horario que posibilite un correcto desempe\u00f1o de las mismas.<\/p>\n<p> Por todo lo cual, <strong>SOLICITA<\/strong> <\/p>\n<p>Que se revise el horario que le ha sido asignado a fin de que se adec\u00fae a la normativa vigente y se facilite a este profesor el cumplimiento de las variadas funciones que tiene encomendadas antes de que sea aprobado por la Direcci\u00f3n del centro y remitido a la Direcci\u00f3n Provincial.<\/p>\n<p>En __________, a _____de _______ de _____<\/p>\n<p>Fdo.<\/p>\n<p>\u00a0<\/p>\n<p>SR. DIRECTOR DEL I.E.S. _____________________________<\/p>\n<p> &nbsp; <\/p><\/div>\n<div align=\"left\">\n<ul>\n<li><a href=\"https:\/\/orientaeduc.com\/archivo\/wp-content\/uploads\/sites\/2\/2004\/07\/horario.doc\">Modelo de reclamaci\u00f3n del horario (Word)<\/a><\/li>\n<\/ul><\/div>\n","protected":false},"excerpt":{"rendered":"<p>En muchas comunidades aut\u00f3nomas el horario de los profesores de instituto est\u00e1 regulado a\u00fan por la Orden de 29 de junio de 1994 por la que se aprueban las instrucciones que regulan la organizaci\u00f3n y funcionamiento de los Institutos de Educaci\u00f3n Secundaria (BOE de 5 de julio).&nbsp; El horario semanal de permanencia en el instituto [&hellip;]<\/p>\n","protected":false},"author":4,"featured_media":2498,"comment_status":"open","ping_status":"open","sticky":false,"template":"","format":"standard","meta":{"_et_pb_use_builder":"","_et_pb_old_content":"","_et_gb_content_width":"","footnotes":""},"categories":[40],"tags":[],"class_list":["post-1288","post","type-post","status-publish","format-standard","has-post-thumbnail","hentry","category-normativa","et-has-post-format-content","et_post_format-et-post-format-standard"],"yoast_head":"<!-- This site is optimized with the Yoast SEO plugin v27.4 - https:\/\/yoast.com\/product\/yoast-seo-wordpress\/ -->\n<title>Normativa aplicable para la distribuci\u00f3n del horario - Orientaeduc<\/title>\n<meta name=\"robots\" content=\"index, follow, max-snippet:-1, max-image-preview:large, max-video-preview:-1\" \/>\n<link rel=\"canonical\" href=\"https:\/\/orientaeduc.com\/archivo\/orientacion\/normativa\/normativa-aplicable-para-la-distribucion-del-horario\" \/>\n<meta property=\"og:locale\" content=\"es_ES\" \/>\n<meta property=\"og:type\" content=\"article\" \/>\n<meta property=\"og:title\" content=\"Normativa aplicable para la distribuci\u00f3n del horario - Orientaeduc\" \/>\n<meta property=\"og:description\" content=\"En muchas comunidades aut\u00f3nomas el horario de los profesores de instituto est\u00e1 regulado a\u00fan por la Orden de 29 de junio de 1994 por la que se aprueban las instrucciones que regulan la organizaci\u00f3n y funcionamiento de los Institutos de Educaci\u00f3n Secundaria (BOE de 5 de julio).&nbsp; El horario semanal de permanencia en el instituto [&hellip;]\" \/>\n<meta property=\"og:url\" content=\"https:\/\/orientaeduc.com\/archivo\/orientacion\/normativa\/normativa-aplicable-para-la-distribucion-del-horario\" \/>\n<meta property=\"og:site_name\" content=\"Orientaeduc\" \/>\n<meta property=\"article:author\" content=\"https:\/\/www.facebook.com\/lbarriocanal\" \/>\n<meta property=\"article:published_time\" content=\"2000-07-04T04:53:47+00:00\" \/>\n<meta property=\"article:modified_time\" content=\"2020-12-12T08:49:22+00:00\" \/>\n<meta property=\"og:image\" content=\"https:\/\/storage.googleapis.com\/orientaeduc\/2020\/12\/interpreter-illustration-17.jpg\" \/>\n\t<meta property=\"og:image:width\" content=\"600\" \/>\n\t<meta property=\"og:image:height\" content=\"400\" \/>\n\t<meta property=\"og:image:type\" content=\"image\/jpeg\" \/>\n<meta name=\"author\" content=\"lbarriocanal\" \/>\n<meta name=\"twitter:card\" content=\"summary_large_image\" \/>\n<meta name=\"twitter:label1\" content=\"Escrito por\" \/>\n\t<meta name=\"twitter:data1\" content=\"lbarriocanal\" \/>\n\t<meta name=\"twitter:label2\" content=\"Tiempo de lectura\" \/>\n\t<meta name=\"twitter:data2\" content=\"7 minutos\" \/>\n<script type=\"application\/ld+json\" class=\"yoast-schema-graph\">{\"@context\":\"https:\\\/\\\/schema.org\",\"@graph\":[{\"@type\":\"Article\",\"@id\":\"https:\\\/\\\/orientaeduc.com\\\/archivo\\\/orientacion\\\/normativa\\\/normativa-aplicable-para-la-distribucion-del-horario#article\",\"isPartOf\":{\"@id\":\"https:\\\/\\\/orientaeduc.com\\\/archivo\\\/orientacion\\\/normativa\\\/normativa-aplicable-para-la-distribucion-del-horario\"},\"author\":{\"name\":\"lbarriocanal\",\"@id\":\"https:\\\/\\\/orientaeduc.com\\\/archivo\\\/#\\\/schema\\\/person\\\/ca93077e3b8d4a14ff357012e2e9a41d\"},\"headline\":\"Normativa aplicable para la distribuci\u00f3n del horario\",\"datePublished\":\"2000-07-04T04:53:47+00:00\",\"dateModified\":\"2020-12-12T08:49:22+00:00\",\"mainEntityOfPage\":{\"@id\":\"https:\\\/\\\/orientaeduc.com\\\/archivo\\\/orientacion\\\/normativa\\\/normativa-aplicable-para-la-distribucion-del-horario\"},\"wordCount\":1496,\"commentCount\":1,\"publisher\":{\"@id\":\"https:\\\/\\\/orientaeduc.com\\\/archivo\\\/#organization\"},\"image\":{\"@id\":\"https:\\\/\\\/orientaeduc.com\\\/archivo\\\/orientacion\\\/normativa\\\/normativa-aplicable-para-la-distribucion-del-horario#primaryimage\"},\"thumbnailUrl\":\"https:\\\/\\\/storage.googleapis.com\\\/orientaeduc\\\/2020\\\/12\\\/interpreter-illustration-17.jpg\",\"articleSection\":[\"Normativa\"],\"inLanguage\":\"es\",\"potentialAction\":[{\"@type\":\"CommentAction\",\"name\":\"Comment\",\"target\":[\"https:\\\/\\\/orientaeduc.com\\\/archivo\\\/orientacion\\\/normativa\\\/normativa-aplicable-para-la-distribucion-del-horario#respond\"]}]},{\"@type\":\"WebPage\",\"@id\":\"https:\\\/\\\/orientaeduc.com\\\/archivo\\\/orientacion\\\/normativa\\\/normativa-aplicable-para-la-distribucion-del-horario\",\"url\":\"https:\\\/\\\/orientaeduc.com\\\/archivo\\\/orientacion\\\/normativa\\\/normativa-aplicable-para-la-distribucion-del-horario\",\"name\":\"Normativa aplicable para la distribuci\u00f3n del horario - Orientaeduc\",\"isPartOf\":{\"@id\":\"https:\\\/\\\/orientaeduc.com\\\/archivo\\\/#website\"},\"primaryImageOfPage\":{\"@id\":\"https:\\\/\\\/orientaeduc.com\\\/archivo\\\/orientacion\\\/normativa\\\/normativa-aplicable-para-la-distribucion-del-horario#primaryimage\"},\"image\":{\"@id\":\"https:\\\/\\\/orientaeduc.com\\\/archivo\\\/orientacion\\\/normativa\\\/normativa-aplicable-para-la-distribucion-del-horario#primaryimage\"},\"thumbnailUrl\":\"https:\\\/\\\/storage.googleapis.com\\\/orientaeduc\\\/2020\\\/12\\\/interpreter-illustration-17.jpg\",\"datePublished\":\"2000-07-04T04:53:47+00:00\",\"dateModified\":\"2020-12-12T08:49:22+00:00\",\"breadcrumb\":{\"@id\":\"https:\\\/\\\/orientaeduc.com\\\/archivo\\\/orientacion\\\/normativa\\\/normativa-aplicable-para-la-distribucion-del-horario#breadcrumb\"},\"inLanguage\":\"es\",\"potentialAction\":[{\"@type\":\"ReadAction\",\"target\":[\"https:\\\/\\\/orientaeduc.com\\\/archivo\\\/orientacion\\\/normativa\\\/normativa-aplicable-para-la-distribucion-del-horario\"]}]},{\"@type\":\"ImageObject\",\"inLanguage\":\"es\",\"@id\":\"https:\\\/\\\/orientaeduc.com\\\/archivo\\\/orientacion\\\/normativa\\\/normativa-aplicable-para-la-distribucion-del-horario#primaryimage\",\"url\":\"https:\\\/\\\/storage.googleapis.com\\\/orientaeduc\\\/2020\\\/12\\\/interpreter-illustration-17.jpg\",\"contentUrl\":\"https:\\\/\\\/storage.googleapis.com\\\/orientaeduc\\\/2020\\\/12\\\/interpreter-illustration-17.jpg\",\"width\":600,\"height\":400},{\"@type\":\"BreadcrumbList\",\"@id\":\"https:\\\/\\\/orientaeduc.com\\\/archivo\\\/orientacion\\\/normativa\\\/normativa-aplicable-para-la-distribucion-del-horario#breadcrumb\",\"itemListElement\":[{\"@type\":\"ListItem\",\"position\":1,\"name\":\"Portada\",\"item\":\"https:\\\/\\\/orientaeduc.com\\\/archivo\"},{\"@type\":\"ListItem\",\"position\":2,\"name\":\"Normativa aplicable para la distribuci\u00f3n del horario\"}]},{\"@type\":\"WebSite\",\"@id\":\"https:\\\/\\\/orientaeduc.com\\\/archivo\\\/#website\",\"url\":\"https:\\\/\\\/orientaeduc.com\\\/archivo\\\/\",\"name\":\"Orientaeduc\",\"description\":\"Recursos para la Orientaci\u00f3n Educativa\",\"publisher\":{\"@id\":\"https:\\\/\\\/orientaeduc.com\\\/archivo\\\/#organization\"},\"potentialAction\":[{\"@type\":\"SearchAction\",\"target\":{\"@type\":\"EntryPoint\",\"urlTemplate\":\"https:\\\/\\\/orientaeduc.com\\\/archivo\\\/?s={search_term_string}\"},\"query-input\":{\"@type\":\"PropertyValueSpecification\",\"valueRequired\":true,\"valueName\":\"search_term_string\"}}],\"inLanguage\":\"es\"},{\"@type\":\"Organization\",\"@id\":\"https:\\\/\\\/orientaeduc.com\\\/archivo\\\/#organization\",\"name\":\"Orientaeduc.com\",\"url\":\"https:\\\/\\\/orientaeduc.com\\\/archivo\\\/\",\"logo\":{\"@type\":\"ImageObject\",\"inLanguage\":\"es\",\"@id\":\"https:\\\/\\\/orientaeduc.com\\\/archivo\\\/#\\\/schema\\\/logo\\\/image\\\/\",\"url\":\"https:\\\/\\\/orientaeduc.com\\\/archivo\\\/wp-content\\\/uploads\\\/sites\\\/2\\\/2020\\\/04\\\/orientaeduc_logo.png\",\"contentUrl\":\"https:\\\/\\\/orientaeduc.com\\\/archivo\\\/wp-content\\\/uploads\\\/sites\\\/2\\\/2020\\\/04\\\/orientaeduc_logo.png\",\"width\":293,\"height\":76,\"caption\":\"Orientaeduc.com\"},\"image\":{\"@id\":\"https:\\\/\\\/orientaeduc.com\\\/archivo\\\/#\\\/schema\\\/logo\\\/image\\\/\"}},{\"@type\":\"Person\",\"@id\":\"https:\\\/\\\/orientaeduc.com\\\/archivo\\\/#\\\/schema\\\/person\\\/ca93077e3b8d4a14ff357012e2e9a41d\",\"name\":\"lbarriocanal\",\"image\":{\"@type\":\"ImageObject\",\"inLanguage\":\"es\",\"@id\":\"https:\\\/\\\/secure.gravatar.com\\\/avatar\\\/1f6884c182c7dd4f0f5329225cdf4f117f103647fc99811ff87bd059d99aae38?s=96&d=mm&r=g\",\"url\":\"https:\\\/\\\/secure.gravatar.com\\\/avatar\\\/1f6884c182c7dd4f0f5329225cdf4f117f103647fc99811ff87bd059d99aae38?s=96&d=mm&r=g\",\"contentUrl\":\"https:\\\/\\\/secure.gravatar.com\\\/avatar\\\/1f6884c182c7dd4f0f5329225cdf4f117f103647fc99811ff87bd059d99aae38?s=96&d=mm&r=g\",\"caption\":\"lbarriocanal\"},\"sameAs\":[\"https:\\\/\\\/www.facebook.com\\\/lbarriocanal\",\"https:\\\/\\\/www.youtube.com\\\/user\\\/lbarriocanal\\\/\"]}]}<\/script>\n<!-- \/ Yoast SEO plugin. -->","yoast_head_json":{"title":"Normativa aplicable para la distribuci\u00f3n del horario - Orientaeduc","robots":{"index":"index","follow":"follow","max-snippet":"max-snippet:-1","max-image-preview":"max-image-preview:large","max-video-preview":"max-video-preview:-1"},"canonical":"https:\/\/orientaeduc.com\/archivo\/orientacion\/normativa\/normativa-aplicable-para-la-distribucion-del-horario","og_locale":"es_ES","og_type":"article","og_title":"Normativa aplicable para la distribuci\u00f3n del horario - Orientaeduc","og_description":"En muchas comunidades aut\u00f3nomas el horario de los profesores de instituto est\u00e1 regulado a\u00fan por la Orden de 29 de junio de 1994 por la que se aprueban las instrucciones que regulan la organizaci\u00f3n y funcionamiento de los Institutos de Educaci\u00f3n Secundaria (BOE de 5 de julio).&nbsp; El horario semanal de permanencia en el instituto [&hellip;]","og_url":"https:\/\/orientaeduc.com\/archivo\/orientacion\/normativa\/normativa-aplicable-para-la-distribucion-del-horario","og_site_name":"Orientaeduc","article_author":"https:\/\/www.facebook.com\/lbarriocanal","article_published_time":"2000-07-04T04:53:47+00:00","article_modified_time":"2020-12-12T08:49:22+00:00","og_image":[{"width":600,"height":400,"url":"https:\/\/storage.googleapis.com\/orientaeduc\/2020\/12\/interpreter-illustration-17.jpg","type":"image\/jpeg"}],"author":"lbarriocanal","twitter_card":"summary_large_image","twitter_misc":{"Escrito por":"lbarriocanal","Tiempo de lectura":"7 minutos"},"schema":{"@context":"https:\/\/schema.org","@graph":[{"@type":"Article","@id":"https:\/\/orientaeduc.com\/archivo\/orientacion\/normativa\/normativa-aplicable-para-la-distribucion-del-horario#article","isPartOf":{"@id":"https:\/\/orientaeduc.com\/archivo\/orientacion\/normativa\/normativa-aplicable-para-la-distribucion-del-horario"},"author":{"name":"lbarriocanal","@id":"https:\/\/orientaeduc.com\/archivo\/#\/schema\/person\/ca93077e3b8d4a14ff357012e2e9a41d"},"headline":"Normativa aplicable para la distribuci\u00f3n del horario","datePublished":"2000-07-04T04:53:47+00:00","dateModified":"2020-12-12T08:49:22+00:00","mainEntityOfPage":{"@id":"https:\/\/orientaeduc.com\/archivo\/orientacion\/normativa\/normativa-aplicable-para-la-distribucion-del-horario"},"wordCount":1496,"commentCount":1,"publisher":{"@id":"https:\/\/orientaeduc.com\/archivo\/#organization"},"image":{"@id":"https:\/\/orientaeduc.com\/archivo\/orientacion\/normativa\/normativa-aplicable-para-la-distribucion-del-horario#primaryimage"},"thumbnailUrl":"https:\/\/storage.googleapis.com\/orientaeduc\/2020\/12\/interpreter-illustration-17.jpg","articleSection":["Normativa"],"inLanguage":"es","potentialAction":[{"@type":"CommentAction","name":"Comment","target":["https:\/\/orientaeduc.com\/archivo\/orientacion\/normativa\/normativa-aplicable-para-la-distribucion-del-horario#respond"]}]},{"@type":"WebPage","@id":"https:\/\/orientaeduc.com\/archivo\/orientacion\/normativa\/normativa-aplicable-para-la-distribucion-del-horario","url":"https:\/\/orientaeduc.com\/archivo\/orientacion\/normativa\/normativa-aplicable-para-la-distribucion-del-horario","name":"Normativa aplicable para la distribuci\u00f3n del horario - Orientaeduc","isPartOf":{"@id":"https:\/\/orientaeduc.com\/archivo\/#website"},"primaryImageOfPage":{"@id":"https:\/\/orientaeduc.com\/archivo\/orientacion\/normativa\/normativa-aplicable-para-la-distribucion-del-horario#primaryimage"},"image":{"@id":"https:\/\/orientaeduc.com\/archivo\/orientacion\/normativa\/normativa-aplicable-para-la-distribucion-del-horario#primaryimage"},"thumbnailUrl":"https:\/\/storage.googleapis.com\/orientaeduc\/2020\/12\/interpreter-illustration-17.jpg","datePublished":"2000-07-04T04:53:47+00:00","dateModified":"2020-12-12T08:49:22+00:00","breadcrumb":{"@id":"https:\/\/orientaeduc.com\/archivo\/orientacion\/normativa\/normativa-aplicable-para-la-distribucion-del-horario#breadcrumb"},"inLanguage":"es","potentialAction":[{"@type":"ReadAction","target":["https:\/\/orientaeduc.com\/archivo\/orientacion\/normativa\/normativa-aplicable-para-la-distribucion-del-horario"]}]},{"@type":"ImageObject","inLanguage":"es","@id":"https:\/\/orientaeduc.com\/archivo\/orientacion\/normativa\/normativa-aplicable-para-la-distribucion-del-horario#primaryimage","url":"https:\/\/storage.googleapis.com\/orientaeduc\/2020\/12\/interpreter-illustration-17.jpg","contentUrl":"https:\/\/storage.googleapis.com\/orientaeduc\/2020\/12\/interpreter-illustration-17.jpg","width":600,"height":400},{"@type":"BreadcrumbList","@id":"https:\/\/orientaeduc.com\/archivo\/orientacion\/normativa\/normativa-aplicable-para-la-distribucion-del-horario#breadcrumb","itemListElement":[{"@type":"ListItem","position":1,"name":"Portada","item":"https:\/\/orientaeduc.com\/archivo"},{"@type":"ListItem","position":2,"name":"Normativa aplicable para la distribuci\u00f3n del horario"}]},{"@type":"WebSite","@id":"https:\/\/orientaeduc.com\/archivo\/#website","url":"https:\/\/orientaeduc.com\/archivo\/","name":"Orientaeduc","description":"Recursos para la Orientaci\u00f3n Educativa","publisher":{"@id":"https:\/\/orientaeduc.com\/archivo\/#organization"},"potentialAction":[{"@type":"SearchAction","target":{"@type":"EntryPoint","urlTemplate":"https:\/\/orientaeduc.com\/archivo\/?s={search_term_string}"},"query-input":{"@type":"PropertyValueSpecification","valueRequired":true,"valueName":"search_term_string"}}],"inLanguage":"es"},{"@type":"Organization","@id":"https:\/\/orientaeduc.com\/archivo\/#organization","name":"Orientaeduc.com","url":"https:\/\/orientaeduc.com\/archivo\/","logo":{"@type":"ImageObject","inLanguage":"es","@id":"https:\/\/orientaeduc.com\/archivo\/#\/schema\/logo\/image\/","url":"https:\/\/orientaeduc.com\/archivo\/wp-content\/uploads\/sites\/2\/2020\/04\/orientaeduc_logo.png","contentUrl":"https:\/\/orientaeduc.com\/archivo\/wp-content\/uploads\/sites\/2\/2020\/04\/orientaeduc_logo.png","width":293,"height":76,"caption":"Orientaeduc.com"},"image":{"@id":"https:\/\/orientaeduc.com\/archivo\/#\/schema\/logo\/image\/"}},{"@type":"Person","@id":"https:\/\/orientaeduc.com\/archivo\/#\/schema\/person\/ca93077e3b8d4a14ff357012e2e9a41d","name":"lbarriocanal","image":{"@type":"ImageObject","inLanguage":"es","@id":"https:\/\/secure.gravatar.com\/avatar\/1f6884c182c7dd4f0f5329225cdf4f117f103647fc99811ff87bd059d99aae38?s=96&d=mm&r=g","url":"https:\/\/secure.gravatar.com\/avatar\/1f6884c182c7dd4f0f5329225cdf4f117f103647fc99811ff87bd059d99aae38?s=96&d=mm&r=g","contentUrl":"https:\/\/secure.gravatar.com\/avatar\/1f6884c182c7dd4f0f5329225cdf4f117f103647fc99811ff87bd059d99aae38?s=96&d=mm&r=g","caption":"lbarriocanal"},"sameAs":["https:\/\/www.facebook.com\/lbarriocanal","https:\/\/www.youtube.com\/user\/lbarriocanal\/"]}]}},"_links":{"self":[{"href":"https:\/\/orientaeduc.com\/archivo\/wp-json\/wp\/v2\/posts\/1288","targetHints":{"allow":["GET"]}}],"collection":[{"href":"https:\/\/orientaeduc.com\/archivo\/wp-json\/wp\/v2\/posts"}],"about":[{"href":"https:\/\/orientaeduc.com\/archivo\/wp-json\/wp\/v2\/types\/post"}],"author":[{"embeddable":true,"href":"https:\/\/orientaeduc.com\/archivo\/wp-json\/wp\/v2\/users\/4"}],"replies":[{"embeddable":true,"href":"https:\/\/orientaeduc.com\/archivo\/wp-json\/wp\/v2\/comments?post=1288"}],"version-history":[{"count":0,"href":"https:\/\/orientaeduc.com\/archivo\/wp-json\/wp\/v2\/posts\/1288\/revisions"}],"wp:featuredmedia":[{"embeddable":true,"href":"https:\/\/orientaeduc.com\/archivo\/wp-json\/wp\/v2\/media\/2498"}],"wp:attachment":[{"href":"https:\/\/orientaeduc.com\/archivo\/wp-json\/wp\/v2\/media?parent=1288"}],"wp:term":[{"taxonomy":"category","embeddable":true,"href":"https:\/\/orientaeduc.com\/archivo\/wp-json\/wp\/v2\/categories?post=1288"},{"taxonomy":"post_tag","embeddable":true,"href":"https:\/\/orientaeduc.com\/archivo\/wp-json\/wp\/v2\/tags?post=1288"}],"curies":[{"name":"wp","href":"https:\/\/api.w.org\/{rel}","templated":true}]}}