{"id":1301,"date":"2005-07-03T07:09:22","date_gmt":"2005-07-03T07:09:22","guid":{"rendered":"https:\/\/orientaeduc.com\/archivo\/2005\/07\/03\/guia-para-la-convivencia-en-el-aula-i-fernandez-coord\/"},"modified":"2022-01-10T16:37:21","modified_gmt":"2022-01-10T16:37:21","slug":"guia-para-la-convivencia-en-el-aula-i-fernandez-coord","status":"publish","type":"post","link":"https:\/\/orientaeduc.com\/archivo\/educacion\/convivencia\/guia-para-la-convivencia-en-el-aula-i-fernandez-coord","title":{"rendered":"Gu\u00eda para la convivencia en el aula &#8211; I. Fern\u00e1ndez (Coord)"},"content":{"rendered":"<p><em><strong>Gu\u00eda para la convivencia en el aula<\/strong><\/em><br \/>\nIsabel Fern\u00e1ndez Garc\u00eda (Coord).<br \/>\nCiss-Praxis. Barcelona, 2001<\/p>\n<p><!--more--><\/p>\n<p align=\"justify\">La complejidad de la tarea docente s\u00f3lo puede abordarse desde el reconocimiento del origen multicausal de los problemas de convivencia en los centros escolares. Pero el reconocimiento del diverso origen social y personal- de las conductas disruptivas de un sector del alumnado no puede infravalorar la potente capacidad socializadora de la escuela como instituci\u00f3n, sin afrontar, al mismo tiempo, el hecho de que algunos de los problemas presentes hoy en las aulas y en los centros tambi\u00e9n tienen que ver con factores de origen escolar como el curr\u00edculum, la organizaci\u00f3n y gesti\u00f3n del centro y del aula y el clima de convivencia. Esta felizmente denominada <em>Gu\u00eda de Convivencia, <\/em>lejos de proponer un conjunto de in\u00fatiles recetas de falsas soluciones para problemas reales<em>, <\/em>re\u00fane todas las caracter\u00edsticas necesarias para convertirse en una herramienta b\u00e1sica de intervenci\u00f3n en el aula y en el centro, tanto por la claridad en la exposici\u00f3n de sus planteamientos te\u00f3ricos como en la posibilidad de incorporar de forma inmediata las sugerencias de actividades que se plantean. Al servicio de la mejora educativa que es posible llevar a cabo hoy en los centros educativos, bien podr\u00edan sus autores parafrasear a Axel, el entra\u00f1able ni\u00f1o con problemas de motivaci\u00f3n, afirmando que \u00a1<em>lo hemos hecho bien y ha \u00abmolao\u00bb!<\/em><\/p>\n<p>Soledad ANDR\u00c9S G\u00d3MEZ<br \/>\nUniversidad Aut\u00f3noma de Madrid<\/p>\n<a href='https:\/\/tienda.wolterskluwer.es\/p\/guia-para-la-convivencia-en-el-aula-5-edicion' class='small-button smallpink' target=\"_blank\">Comprar en Tienda Wolters Kluwer<\/a>\n<p>&nbsp;<\/p>\n<p align=\"justify\">&#8212;&#8212;&#8212;&#8212;&#8212;&#8212;&#8212;&#8212;&#8212;&#8212;&#8212;&#8212;&#8212;&#8212;&#8212;&#8212;&#8212;&#8212;&#8212;&#8212;<\/p>\n<p>Cap\u00edtulo 1: <em>\u00bfQu\u00e9 entendemos por disrupci\u00f3n?.<\/em><br \/>\nISABEL FERN\u00c1NDEZ GARC\u00cdA<\/p>\n<p>Cap\u00edtulo 2: <em>Al reencuentro de la motivaci\u00f3n.<\/em><br \/>\nEMILIANA VILLAOSLADA<\/p>\n<p>Cap\u00edtulo 3: <em>Aprendizaje y la convivencia en Educaci\u00f3n Infantil y Primaria. Profesores conscientes, profesores competentes. <\/em><br \/>\nJUAN ANTONIO ANGULO S\u00c1INZ<\/p>\n<p>Cap\u00edtulo 4: <em>Implicando al alumnado en el establecimiento de normas de clase: normas consensuadas, normas aceptadas.<\/em><br \/>\nLUIS BARRIOCANAL CANTORAL<\/p>\n<p>Cap\u00edtulo 5: <em>El clima de aula: c\u00f3mo influyen las habilidades sociales de alumnos y profesores.<\/em><br \/>\nMAR CALLEJ\u00d3N ESPINOSA<\/p>\n<p>Cap\u00edtulo 6: <em>Ense\u00f1ar a aprender y a sentir en el centro educativo: una responsabilidad compartida.<\/em><br \/>\nM\u00aa TERESA LUCAS<\/p>\n<p>Cap\u00edtulo 7: <em>El profesor en el aula: c\u00f3mo mejorar la pr\u00e1ctica docente.<\/em><br \/>\nISABEL FERN\u00c1NDEZ GARC\u00cdA<\/p>\n<p>Cap\u00edtulo 8: <em>Nuevos enfoques de actuaci\u00f3n ante el conflicto y los problemas de convivencia escolar<\/em>.<br \/>\nJUAN CARLOS TORREGO SEIJO<\/p>\n<p>Cap\u00edtulo 9: <em>Los conflictos seg\u00fan el profesorado: qu\u00e9 son y c\u00f3mo resolverlos. <\/em><br \/>\nSILVINA FUNES LAPPONI<br \/>\n&nbsp;<br \/>\n<a href='https:\/\/tienda.wolterskluwer.es\/p\/guia-para-la-convivencia-en-el-aula-5-edicion' class='small-button smallpink' target=\"_blank\">Comprar en Tienda Wolters Kluwer<\/a><\/p>\n","protected":false},"excerpt":{"rendered":"<p>Gu\u00eda para la convivencia en el aula Isabel Fern\u00e1ndez Garc\u00eda (Coord). Ciss-Praxis. Barcelona, 2001<\/p>\n","protected":false},"author":4,"featured_media":1756,"comment_status":"open","ping_status":"open","sticky":false,"template":"","format":"standard","meta":{"_et_pb_use_builder":"","_et_pb_old_content":"","_et_gb_content_width":"","footnotes":""},"categories":[66],"tags":[],"class_list":["post-1301","post","type-post","status-publish","format-standard","has-post-thumbnail","hentry","category-convivencia","et-has-post-format-content","et_post_format-et-post-format-standard"],"yoast_head":"<!-- This site is optimized with the Yoast SEO plugin v27.4 - https:\/\/yoast.com\/product\/yoast-seo-wordpress\/ -->\n<title>Gu\u00eda para la convivencia en el aula - I. Fern\u00e1ndez (Coord) - Orientaeduc<\/title>\n<meta name=\"description\" content=\"Aportaciones de un grupo de profesionales de la educaci\u00f3n para mejorar la convivencia y el clima del aula y del centro docente.\" \/>\n<meta name=\"robots\" content=\"index, follow, max-snippet:-1, max-image-preview:large, max-video-preview:-1\" \/>\n<link rel=\"canonical\" href=\"https:\/\/orientaeduc.com\/archivo\/educacion\/convivencia\/guia-para-la-convivencia-en-el-aula-i-fernandez-coord\" \/>\n<meta property=\"og:locale\" content=\"es_ES\" \/>\n<meta property=\"og:type\" content=\"article\" \/>\n<meta property=\"og:title\" content=\"Gu\u00eda para la convivencia en el aula - I. Fern\u00e1ndez (Coord) - Orientaeduc\" \/>\n<meta property=\"og:description\" content=\"Aportaciones de un grupo de profesionales de la educaci\u00f3n para mejorar la convivencia y el clima del aula y del centro docente.\" \/>\n<meta property=\"og:url\" content=\"https:\/\/orientaeduc.com\/archivo\/educacion\/convivencia\/guia-para-la-convivencia-en-el-aula-i-fernandez-coord\" \/>\n<meta property=\"og:site_name\" content=\"Orientaeduc\" \/>\n<meta property=\"article:author\" content=\"https:\/\/www.facebook.com\/lbarriocanal\" \/>\n<meta property=\"article:published_time\" content=\"2005-07-03T07:09:22+00:00\" \/>\n<meta property=\"article:modified_time\" content=\"2022-01-10T16:37:21+00:00\" \/>\n<meta property=\"og:image\" content=\"https:\/\/storage.googleapis.com\/orientaeduc\/2005\/07\/guia-convivencia-aula.jpg\" \/>\n\t<meta property=\"og:image:width\" content=\"500\" \/>\n\t<meta property=\"og:image:height\" content=\"426\" \/>\n\t<meta property=\"og:image:type\" content=\"image\/jpeg\" \/>\n<meta name=\"author\" content=\"lbarriocanal\" \/>\n<meta name=\"twitter:card\" content=\"summary_large_image\" \/>\n<meta name=\"twitter:label1\" content=\"Escrito por\" \/>\n\t<meta name=\"twitter:data1\" content=\"lbarriocanal\" \/>\n\t<meta name=\"twitter:label2\" content=\"Tiempo de lectura\" \/>\n\t<meta name=\"twitter:data2\" content=\"2 minutos\" \/>\n<script type=\"application\/ld+json\" class=\"yoast-schema-graph\">{\"@context\":\"https:\\\/\\\/schema.org\",\"@graph\":[{\"@type\":\"Article\",\"@id\":\"https:\\\/\\\/orientaeduc.com\\\/archivo\\\/educacion\\\/convivencia\\\/guia-para-la-convivencia-en-el-aula-i-fernandez-coord#article\",\"isPartOf\":{\"@id\":\"https:\\\/\\\/orientaeduc.com\\\/archivo\\\/educacion\\\/convivencia\\\/guia-para-la-convivencia-en-el-aula-i-fernandez-coord\"},\"author\":{\"name\":\"lbarriocanal\",\"@id\":\"https:\\\/\\\/orientaeduc.com\\\/archivo\\\/#\\\/schema\\\/person\\\/ca93077e3b8d4a14ff357012e2e9a41d\"},\"headline\":\"Gu\u00eda para la convivencia en el aula &#8211; I. Fern\u00e1ndez (Coord)\",\"datePublished\":\"2005-07-03T07:09:22+00:00\",\"dateModified\":\"2022-01-10T16:37:21+00:00\",\"mainEntityOfPage\":{\"@id\":\"https:\\\/\\\/orientaeduc.com\\\/archivo\\\/educacion\\\/convivencia\\\/guia-para-la-convivencia-en-el-aula-i-fernandez-coord\"},\"wordCount\":464,\"commentCount\":0,\"publisher\":{\"@id\":\"https:\\\/\\\/orientaeduc.com\\\/archivo\\\/#organization\"},\"image\":{\"@id\":\"https:\\\/\\\/orientaeduc.com\\\/archivo\\\/educacion\\\/convivencia\\\/guia-para-la-convivencia-en-el-aula-i-fernandez-coord#primaryimage\"},\"thumbnailUrl\":\"https:\\\/\\\/storage.googleapis.com\\\/orientaeduc\\\/2005\\\/07\\\/guia-convivencia-aula.jpg\",\"articleSection\":[\"Convivencia Escolar\"],\"inLanguage\":\"es\",\"potentialAction\":[{\"@type\":\"CommentAction\",\"name\":\"Comment\",\"target\":[\"https:\\\/\\\/orientaeduc.com\\\/archivo\\\/educacion\\\/convivencia\\\/guia-para-la-convivencia-en-el-aula-i-fernandez-coord#respond\"]}]},{\"@type\":\"WebPage\",\"@id\":\"https:\\\/\\\/orientaeduc.com\\\/archivo\\\/educacion\\\/convivencia\\\/guia-para-la-convivencia-en-el-aula-i-fernandez-coord\",\"url\":\"https:\\\/\\\/orientaeduc.com\\\/archivo\\\/educacion\\\/convivencia\\\/guia-para-la-convivencia-en-el-aula-i-fernandez-coord\",\"name\":\"Gu\u00eda para la convivencia en el aula - I. Fern\u00e1ndez (Coord) - Orientaeduc\",\"isPartOf\":{\"@id\":\"https:\\\/\\\/orientaeduc.com\\\/archivo\\\/#website\"},\"primaryImageOfPage\":{\"@id\":\"https:\\\/\\\/orientaeduc.com\\\/archivo\\\/educacion\\\/convivencia\\\/guia-para-la-convivencia-en-el-aula-i-fernandez-coord#primaryimage\"},\"image\":{\"@id\":\"https:\\\/\\\/orientaeduc.com\\\/archivo\\\/educacion\\\/convivencia\\\/guia-para-la-convivencia-en-el-aula-i-fernandez-coord#primaryimage\"},\"thumbnailUrl\":\"https:\\\/\\\/storage.googleapis.com\\\/orientaeduc\\\/2005\\\/07\\\/guia-convivencia-aula.jpg\",\"datePublished\":\"2005-07-03T07:09:22+00:00\",\"dateModified\":\"2022-01-10T16:37:21+00:00\",\"description\":\"Aportaciones de un grupo de profesionales de la educaci\u00f3n para mejorar la convivencia y el clima del aula y del centro docente.\",\"breadcrumb\":{\"@id\":\"https:\\\/\\\/orientaeduc.com\\\/archivo\\\/educacion\\\/convivencia\\\/guia-para-la-convivencia-en-el-aula-i-fernandez-coord#breadcrumb\"},\"inLanguage\":\"es\",\"potentialAction\":[{\"@type\":\"ReadAction\",\"target\":[\"https:\\\/\\\/orientaeduc.com\\\/archivo\\\/educacion\\\/convivencia\\\/guia-para-la-convivencia-en-el-aula-i-fernandez-coord\"]}]},{\"@type\":\"ImageObject\",\"inLanguage\":\"es\",\"@id\":\"https:\\\/\\\/orientaeduc.com\\\/archivo\\\/educacion\\\/convivencia\\\/guia-para-la-convivencia-en-el-aula-i-fernandez-coord#primaryimage\",\"url\":\"https:\\\/\\\/storage.googleapis.com\\\/orientaeduc\\\/2005\\\/07\\\/guia-convivencia-aula.jpg\",\"contentUrl\":\"https:\\\/\\\/storage.googleapis.com\\\/orientaeduc\\\/2005\\\/07\\\/guia-convivencia-aula.jpg\",\"width\":500,\"height\":426,\"caption\":\"guia convivencia aula\"},{\"@type\":\"BreadcrumbList\",\"@id\":\"https:\\\/\\\/orientaeduc.com\\\/archivo\\\/educacion\\\/convivencia\\\/guia-para-la-convivencia-en-el-aula-i-fernandez-coord#breadcrumb\",\"itemListElement\":[{\"@type\":\"ListItem\",\"position\":1,\"name\":\"Portada\",\"item\":\"https:\\\/\\\/orientaeduc.com\\\/archivo\"},{\"@type\":\"ListItem\",\"position\":2,\"name\":\"Gu\u00eda para la convivencia en el aula &#8211; I. Fern\u00e1ndez (Coord)\"}]},{\"@type\":\"WebSite\",\"@id\":\"https:\\\/\\\/orientaeduc.com\\\/archivo\\\/#website\",\"url\":\"https:\\\/\\\/orientaeduc.com\\\/archivo\\\/\",\"name\":\"Orientaeduc\",\"description\":\"Recursos para la Orientaci\u00f3n Educativa\",\"publisher\":{\"@id\":\"https:\\\/\\\/orientaeduc.com\\\/archivo\\\/#organization\"},\"potentialAction\":[{\"@type\":\"SearchAction\",\"target\":{\"@type\":\"EntryPoint\",\"urlTemplate\":\"https:\\\/\\\/orientaeduc.com\\\/archivo\\\/?s={search_term_string}\"},\"query-input\":{\"@type\":\"PropertyValueSpecification\",\"valueRequired\":true,\"valueName\":\"search_term_string\"}}],\"inLanguage\":\"es\"},{\"@type\":\"Organization\",\"@id\":\"https:\\\/\\\/orientaeduc.com\\\/archivo\\\/#organization\",\"name\":\"Orientaeduc.com\",\"url\":\"https:\\\/\\\/orientaeduc.com\\\/archivo\\\/\",\"logo\":{\"@type\":\"ImageObject\",\"inLanguage\":\"es\",\"@id\":\"https:\\\/\\\/orientaeduc.com\\\/archivo\\\/#\\\/schema\\\/logo\\\/image\\\/\",\"url\":\"https:\\\/\\\/orientaeduc.com\\\/archivo\\\/wp-content\\\/uploads\\\/sites\\\/2\\\/2020\\\/04\\\/orientaeduc_logo.png\",\"contentUrl\":\"https:\\\/\\\/orientaeduc.com\\\/archivo\\\/wp-content\\\/uploads\\\/sites\\\/2\\\/2020\\\/04\\\/orientaeduc_logo.png\",\"width\":293,\"height\":76,\"caption\":\"Orientaeduc.com\"},\"image\":{\"@id\":\"https:\\\/\\\/orientaeduc.com\\\/archivo\\\/#\\\/schema\\\/logo\\\/image\\\/\"}},{\"@type\":\"Person\",\"@id\":\"https:\\\/\\\/orientaeduc.com\\\/archivo\\\/#\\\/schema\\\/person\\\/ca93077e3b8d4a14ff357012e2e9a41d\",\"name\":\"lbarriocanal\",\"image\":{\"@type\":\"ImageObject\",\"inLanguage\":\"es\",\"@id\":\"https:\\\/\\\/secure.gravatar.com\\\/avatar\\\/1f6884c182c7dd4f0f5329225cdf4f117f103647fc99811ff87bd059d99aae38?s=96&d=mm&r=g\",\"url\":\"https:\\\/\\\/secure.gravatar.com\\\/avatar\\\/1f6884c182c7dd4f0f5329225cdf4f117f103647fc99811ff87bd059d99aae38?s=96&d=mm&r=g\",\"contentUrl\":\"https:\\\/\\\/secure.gravatar.com\\\/avatar\\\/1f6884c182c7dd4f0f5329225cdf4f117f103647fc99811ff87bd059d99aae38?s=96&d=mm&r=g\",\"caption\":\"lbarriocanal\"},\"sameAs\":[\"https:\\\/\\\/www.facebook.com\\\/lbarriocanal\",\"https:\\\/\\\/www.youtube.com\\\/user\\\/lbarriocanal\\\/\"]}]}<\/script>\n<!-- \/ Yoast SEO plugin. -->","yoast_head_json":{"title":"Gu\u00eda para la convivencia en el aula - I. Fern\u00e1ndez (Coord) - Orientaeduc","description":"Aportaciones de un grupo de profesionales de la educaci\u00f3n para mejorar la convivencia y el clima del aula y del centro docente.","robots":{"index":"index","follow":"follow","max-snippet":"max-snippet:-1","max-image-preview":"max-image-preview:large","max-video-preview":"max-video-preview:-1"},"canonical":"https:\/\/orientaeduc.com\/archivo\/educacion\/convivencia\/guia-para-la-convivencia-en-el-aula-i-fernandez-coord","og_locale":"es_ES","og_type":"article","og_title":"Gu\u00eda para la convivencia en el aula - I. Fern\u00e1ndez (Coord) - Orientaeduc","og_description":"Aportaciones de un grupo de profesionales de la educaci\u00f3n para mejorar la convivencia y el clima del aula y del centro docente.","og_url":"https:\/\/orientaeduc.com\/archivo\/educacion\/convivencia\/guia-para-la-convivencia-en-el-aula-i-fernandez-coord","og_site_name":"Orientaeduc","article_author":"https:\/\/www.facebook.com\/lbarriocanal","article_published_time":"2005-07-03T07:09:22+00:00","article_modified_time":"2022-01-10T16:37:21+00:00","og_image":[{"width":500,"height":426,"url":"https:\/\/storage.googleapis.com\/orientaeduc\/2005\/07\/guia-convivencia-aula.jpg","type":"image\/jpeg"}],"author":"lbarriocanal","twitter_card":"summary_large_image","twitter_misc":{"Escrito por":"lbarriocanal","Tiempo de lectura":"2 minutos"},"schema":{"@context":"https:\/\/schema.org","@graph":[{"@type":"Article","@id":"https:\/\/orientaeduc.com\/archivo\/educacion\/convivencia\/guia-para-la-convivencia-en-el-aula-i-fernandez-coord#article","isPartOf":{"@id":"https:\/\/orientaeduc.com\/archivo\/educacion\/convivencia\/guia-para-la-convivencia-en-el-aula-i-fernandez-coord"},"author":{"name":"lbarriocanal","@id":"https:\/\/orientaeduc.com\/archivo\/#\/schema\/person\/ca93077e3b8d4a14ff357012e2e9a41d"},"headline":"Gu\u00eda para la convivencia en el aula &#8211; I. Fern\u00e1ndez (Coord)","datePublished":"2005-07-03T07:09:22+00:00","dateModified":"2022-01-10T16:37:21+00:00","mainEntityOfPage":{"@id":"https:\/\/orientaeduc.com\/archivo\/educacion\/convivencia\/guia-para-la-convivencia-en-el-aula-i-fernandez-coord"},"wordCount":464,"commentCount":0,"publisher":{"@id":"https:\/\/orientaeduc.com\/archivo\/#organization"},"image":{"@id":"https:\/\/orientaeduc.com\/archivo\/educacion\/convivencia\/guia-para-la-convivencia-en-el-aula-i-fernandez-coord#primaryimage"},"thumbnailUrl":"https:\/\/storage.googleapis.com\/orientaeduc\/2005\/07\/guia-convivencia-aula.jpg","articleSection":["Convivencia Escolar"],"inLanguage":"es","potentialAction":[{"@type":"CommentAction","name":"Comment","target":["https:\/\/orientaeduc.com\/archivo\/educacion\/convivencia\/guia-para-la-convivencia-en-el-aula-i-fernandez-coord#respond"]}]},{"@type":"WebPage","@id":"https:\/\/orientaeduc.com\/archivo\/educacion\/convivencia\/guia-para-la-convivencia-en-el-aula-i-fernandez-coord","url":"https:\/\/orientaeduc.com\/archivo\/educacion\/convivencia\/guia-para-la-convivencia-en-el-aula-i-fernandez-coord","name":"Gu\u00eda para la convivencia en el aula - I. Fern\u00e1ndez (Coord) - Orientaeduc","isPartOf":{"@id":"https:\/\/orientaeduc.com\/archivo\/#website"},"primaryImageOfPage":{"@id":"https:\/\/orientaeduc.com\/archivo\/educacion\/convivencia\/guia-para-la-convivencia-en-el-aula-i-fernandez-coord#primaryimage"},"image":{"@id":"https:\/\/orientaeduc.com\/archivo\/educacion\/convivencia\/guia-para-la-convivencia-en-el-aula-i-fernandez-coord#primaryimage"},"thumbnailUrl":"https:\/\/storage.googleapis.com\/orientaeduc\/2005\/07\/guia-convivencia-aula.jpg","datePublished":"2005-07-03T07:09:22+00:00","dateModified":"2022-01-10T16:37:21+00:00","description":"Aportaciones de un grupo de profesionales de la educaci\u00f3n para mejorar la convivencia y el clima del aula y del centro docente.","breadcrumb":{"@id":"https:\/\/orientaeduc.com\/archivo\/educacion\/convivencia\/guia-para-la-convivencia-en-el-aula-i-fernandez-coord#breadcrumb"},"inLanguage":"es","potentialAction":[{"@type":"ReadAction","target":["https:\/\/orientaeduc.com\/archivo\/educacion\/convivencia\/guia-para-la-convivencia-en-el-aula-i-fernandez-coord"]}]},{"@type":"ImageObject","inLanguage":"es","@id":"https:\/\/orientaeduc.com\/archivo\/educacion\/convivencia\/guia-para-la-convivencia-en-el-aula-i-fernandez-coord#primaryimage","url":"https:\/\/storage.googleapis.com\/orientaeduc\/2005\/07\/guia-convivencia-aula.jpg","contentUrl":"https:\/\/storage.googleapis.com\/orientaeduc\/2005\/07\/guia-convivencia-aula.jpg","width":500,"height":426,"caption":"guia convivencia aula"},{"@type":"BreadcrumbList","@id":"https:\/\/orientaeduc.com\/archivo\/educacion\/convivencia\/guia-para-la-convivencia-en-el-aula-i-fernandez-coord#breadcrumb","itemListElement":[{"@type":"ListItem","position":1,"name":"Portada","item":"https:\/\/orientaeduc.com\/archivo"},{"@type":"ListItem","position":2,"name":"Gu\u00eda para la convivencia en el aula &#8211; I. Fern\u00e1ndez (Coord)"}]},{"@type":"WebSite","@id":"https:\/\/orientaeduc.com\/archivo\/#website","url":"https:\/\/orientaeduc.com\/archivo\/","name":"Orientaeduc","description":"Recursos para la Orientaci\u00f3n Educativa","publisher":{"@id":"https:\/\/orientaeduc.com\/archivo\/#organization"},"potentialAction":[{"@type":"SearchAction","target":{"@type":"EntryPoint","urlTemplate":"https:\/\/orientaeduc.com\/archivo\/?s={search_term_string}"},"query-input":{"@type":"PropertyValueSpecification","valueRequired":true,"valueName":"search_term_string"}}],"inLanguage":"es"},{"@type":"Organization","@id":"https:\/\/orientaeduc.com\/archivo\/#organization","name":"Orientaeduc.com","url":"https:\/\/orientaeduc.com\/archivo\/","logo":{"@type":"ImageObject","inLanguage":"es","@id":"https:\/\/orientaeduc.com\/archivo\/#\/schema\/logo\/image\/","url":"https:\/\/orientaeduc.com\/archivo\/wp-content\/uploads\/sites\/2\/2020\/04\/orientaeduc_logo.png","contentUrl":"https:\/\/orientaeduc.com\/archivo\/wp-content\/uploads\/sites\/2\/2020\/04\/orientaeduc_logo.png","width":293,"height":76,"caption":"Orientaeduc.com"},"image":{"@id":"https:\/\/orientaeduc.com\/archivo\/#\/schema\/logo\/image\/"}},{"@type":"Person","@id":"https:\/\/orientaeduc.com\/archivo\/#\/schema\/person\/ca93077e3b8d4a14ff357012e2e9a41d","name":"lbarriocanal","image":{"@type":"ImageObject","inLanguage":"es","@id":"https:\/\/secure.gravatar.com\/avatar\/1f6884c182c7dd4f0f5329225cdf4f117f103647fc99811ff87bd059d99aae38?s=96&d=mm&r=g","url":"https:\/\/secure.gravatar.com\/avatar\/1f6884c182c7dd4f0f5329225cdf4f117f103647fc99811ff87bd059d99aae38?s=96&d=mm&r=g","contentUrl":"https:\/\/secure.gravatar.com\/avatar\/1f6884c182c7dd4f0f5329225cdf4f117f103647fc99811ff87bd059d99aae38?s=96&d=mm&r=g","caption":"lbarriocanal"},"sameAs":["https:\/\/www.facebook.com\/lbarriocanal","https:\/\/www.youtube.com\/user\/lbarriocanal\/"]}]}},"_links":{"self":[{"href":"https:\/\/orientaeduc.com\/archivo\/wp-json\/wp\/v2\/posts\/1301","targetHints":{"allow":["GET"]}}],"collection":[{"href":"https:\/\/orientaeduc.com\/archivo\/wp-json\/wp\/v2\/posts"}],"about":[{"href":"https:\/\/orientaeduc.com\/archivo\/wp-json\/wp\/v2\/types\/post"}],"author":[{"embeddable":true,"href":"https:\/\/orientaeduc.com\/archivo\/wp-json\/wp\/v2\/users\/4"}],"replies":[{"embeddable":true,"href":"https:\/\/orientaeduc.com\/archivo\/wp-json\/wp\/v2\/comments?post=1301"}],"version-history":[{"count":0,"href":"https:\/\/orientaeduc.com\/archivo\/wp-json\/wp\/v2\/posts\/1301\/revisions"}],"wp:featuredmedia":[{"embeddable":true,"href":"https:\/\/orientaeduc.com\/archivo\/wp-json\/wp\/v2\/media\/1756"}],"wp:attachment":[{"href":"https:\/\/orientaeduc.com\/archivo\/wp-json\/wp\/v2\/media?parent=1301"}],"wp:term":[{"taxonomy":"category","embeddable":true,"href":"https:\/\/orientaeduc.com\/archivo\/wp-json\/wp\/v2\/categories?post=1301"},{"taxonomy":"post_tag","embeddable":true,"href":"https:\/\/orientaeduc.com\/archivo\/wp-json\/wp\/v2\/tags?post=1301"}],"curies":[{"name":"wp","href":"https:\/\/api.w.org\/{rel}","templated":true}]}}