{"id":1386,"date":"2005-10-29T13:27:52","date_gmt":"2005-10-29T13:27:52","guid":{"rendered":"https:\/\/orientaeduc.com\/archivo\/2005\/10\/29\/la-exposicion-de-la-unidad-de-trabajo\/"},"modified":"2021-03-20T08:54:39","modified_gmt":"2021-03-20T08:54:39","slug":"la-exposicion-de-la-unidad-de-trabajo","status":"publish","type":"post","link":"https:\/\/orientaeduc.com\/archivo\/oposiciones\/la-exposicion-de-la-unidad-de-trabajo","title":{"rendered":"La exposici\u00f3n de la Unidad de Trabajo"},"content":{"rendered":"<p>[et_pb_section fb_built=\u00bb1&#8243; _builder_version=\u00bb3.22&#8243;][et_pb_row _builder_version=\u00bb3.25&#8243; background_size=\u00bbinitial\u00bb background_position=\u00bbtop_left\u00bb background_repeat=\u00bbrepeat\u00bb][et_pb_column type=\u00bb4_4&#8243; _builder_version=\u00bb3.25&#8243; custom_padding=\u00bb|||\u00bb custom_padding__hover=\u00bb|||\u00bb][et_pb_text _builder_version=\u00bb4.9.2&#8243; header_2_font_size=\u00bb24px\u00bb header_2_line_height=\u00bb1.4em\u00bb header_4_font=\u00bb|||||on|||\u00bb header_4_font_size=\u00bb17px\u00bb header_4_line_height=\u00bb1.4em\u00bb background_size=\u00bbinitial\u00bb background_position=\u00bbtop_left\u00bb background_repeat=\u00bbrepeat\u00bb]<\/p>\n<p>La segunda fase del proceso selectivo consiste en la presentaci\u00f3n oral ante el tribunal del <strong>programa de intervenci\u00f3n<\/strong> previamente entregado y en la elaboraci\u00f3n y exposici\u00f3n oral de una <strong>\u00abunidad de actuaci\u00f3n\u00bb<\/strong>.<\/p>\n<p>Esta <strong><em>unidad de trabajo<\/em><\/strong> estar\u00e1 relacionada con la programaci\u00f3n presentada por el\/la aspirante o elaborada a partir del temario oficial de la especialidad, a elecci\u00f3n de \u00e9ste. En el primero caso el aspirante elegir\u00e1 el contenido de la unidad de trabajo de entre tres extra\u00eddas al azar por \u00e9l mismo, de su propia programaci\u00f3n. En el segundo caso, el aspirante elegir\u00e1 el contenido de la unidad de trabajo de un tema de entre tres extra\u00eddos al azar por \u00e9l mismo, del temario oficial de la especialidad.<\/p>\n<p>El aspirante dispondr\u00e1 de una hora para la preparaci\u00f3n de la unidad, pudiendo utilizar el material que considere oportuno. Se dispondr\u00e1 de un per\u00edodo m\u00e1ximo de una hora y treinta minutos para la defensa oral de la programaci\u00f3n, la exposici\u00f3n de la unidad de trabajo y posterior debate ante el Tribunal.<\/p>\n<h2>Aspectos a tener en cuenta en la elaboraci\u00f3n y exposici\u00f3n de la unidad de trabajo<\/h2>\n<p>Esta parte de la convocatoria es la m\u00e1s confusa y aunque se hacen algunas puntualizaciones sobre la singularidad del proceso en la especialidad de Psicolog\u00eda y Pedagog\u00eda no parecen suficientes y son muchas las confusiones generadas.<\/p>\n<p>En la especialidad de psicolog\u00eda y pedagog\u00eda se habla de <strong>programas de intervenci\u00f3n<\/strong> -y no de <em>programaciones did\u00e1cticas<\/em>&#8211;\u00a0 y\u00a0 ejes o unidades de actuaci\u00f3n en lugar de <em>unidades did\u00e1cticas<\/em>, pero son necesarios a\u00fan algunos cambios en la redacci\u00f3n para detallar m\u00e1s las diferencias entre una programaci\u00f3n did\u00e1ctica -cuya finalidad es el desarrollo de una serie de capacidades en el alumnado- y un plan de actuaci\u00f3n <strong>de un departamento o un equipo de orientaci\u00f3n<\/strong> cuya finalidad es bien distinta y no tiene las caracter\u00edsticas propias de un proceso did\u00e1ctico.<\/p>\n<p>El concepto de <em>unidad de trabajo<\/em> no es utilizado habitualmente por los profesionales de la orientaci\u00f3n y resulta dif\u00edcil establecer un paralelismo con una <em>unidad did\u00e1ctica<\/em>, principalmente porque el trabajo del estos <strong>no es un trabajo did\u00e1ctico<\/strong>. Por ello, y a pesar de lo que diga la convocatoria, nuestros planes de trabajo no tienen <em>contenidos<\/em> entendidos como contenidos de aprendizaje sino <em><strong>actuaciones, acciones o tareas<\/strong>.<\/em><\/p>\n<p>Aclarar bien todo esto es esencial para no cometer despu\u00e9s algunos errores bastante frecuentes.<\/p>\n<h2>Algunas orientaciones<\/h2>\n<p><span style=\"color: #ff0000;\"><strong>1\u00ba<\/strong><\/span> Elegir como eje de la \u00abunidad de actuaci\u00f3n\u00bb \u00e1reas de trabajo del D.O. o del Equipo y no procesos de centro.\u00a0 Un error habitual es programar, por ejemplo, la <em>evaluaci\u00f3n inicial de los alumnos<\/em> en lugar de las <em>tareas del D.O. en el asesoramiento y colaboraci\u00f3n en la evaluaci\u00f3n inicial de los alumnos<\/em>, cayendo en el vicio de planificar el trabajo de otros profesionales en lugar del nuestro propio.<\/p>\n<p><span style=\"color: #ff0000;\">2\u00ba<\/span> M\u00e1s que exponer c\u00f3mo deber\u00eda funcionar un centro educativo se deben dise\u00f1ar las estrategias y programar las tareas que desde un Departamento o un Equipo de Orientaci\u00f3n se pueden llevar a cabo para conseguir ese estado ideal en el que pensamos. Y todo ello teniendo en cuenta el contexto, la situaci\u00f3n de partida y nuestros propios recursos.<\/p>\n<p>De lo contrario estar\u00edamos cayendo en el mismo error que se achaca a aquellos aspirantes a profesor\/a en las especialidades docentes que tienen muy claro lo que deben aprender sus alumnos pero que no aclaran c\u00f3mo van a ense\u00f1\u00e1rselo y a conseguir que lo aprendan.<\/p>\n<p><span style=\"color: #ff0000;\">3\u00ba<\/span> No incluir como unidades de trabajo programas de tutor\u00eda o programas de actividades a realizar por los tutores con sus alumnos. Este tipo de actuaciones forman parte de otros proyectos y documentos del centro como el Plan de Acci\u00f3n Tutorial o el Proyecto Curricular y no del <strong>Plan Anual de Actividades del Departamento\u00a0 o del Equipo de Orientaci\u00f3n Educativa<\/strong>.<\/p>\n<p>Lo que se debe programar es lo que el orientador va a hacer para apoyar y asesorar a los tutores y a otros profesores a la hora de llevar a cabo esas actividades, lo que va a hacer con los alumnos, etc<\/p>\n<p><span style=\"color: #ff0000;\">4\u00ba<\/span> La unidad de trabajo debe contener todos los <strong>elementos que constituyen un plan:<\/strong><\/p>\n<ul>\n<li>Las necesidades que se deben atender<\/li>\n<li>Los objetivos o resultados que se pretende conseguir<\/li>\n<li>Las tareas o actividades concretas que se van a realizar aclarando cu\u00e1ndo, con qui\u00e9n, para qui\u00e9n y con qu\u00e9 recursos<\/li>\n<li>C\u00f3mo cu\u00e1ndo y para qu\u00e9 se va a evaluar el trabajo programado y los resultados conseguidos, sin olvidar que la evaluaci\u00f3n que hagamos ha de servir tanto para comprobar los logros conseguidos como para mejorar futuras intervenciones.<\/li>\n<\/ul>\n<p>En este punto ser\u00e1 necesario concretar de forma concisa los criterios o indicadores de evaluaci\u00f3n para comprobar cada uno de los objetivos propuestos y los instrumentos y momentos con los que se recoger\u00e1 informaci\u00f3n.<\/p>\n<h2>Algunos posibles ejes o unidades de actuaci\u00f3n<\/h2>\n<h4>\u00c1MBITO:\u00a0APOYO AL PLAN DE ACCI\u00d3N TUTORIAL<\/h4>\n<ul>\n<li>Colaboraci\u00f3n con la Jefatura de Estudios en la coordinaci\u00f3n de la acci\u00f3n tutorial<\/li>\n<li>Asesoramiento y apoyo a los tutores<\/li>\n<li>Elaboraci\u00f3n y revisi\u00f3n del PAT<\/li>\n<li>Atenci\u00f3n directa a alumnos<\/li>\n<li>Atenci\u00f3n a padres<\/li>\n<li>Asesoramiento en los procesos de evaluaci\u00f3n<\/li>\n<\/ul>\n<h4>\u00c1MBITO:\u00a0 \u00a0APOYO A LA ORIENTACI\u00d3N ACAD\u00c9MICA Y PROFESIONAL<\/h4>\n<ul>\n<li>Colaboraci\u00f3n con la Jefatura de Estudios en la coordinaci\u00f3n del POAP<\/li>\n<li>Asesoramiento y apoyo a tutores y otros profesores<\/li>\n<li>Elaboraci\u00f3n y revisi\u00f3n del POAP<\/li>\n<li>Atenci\u00f3n directa a alumnos<\/li>\n<li>Atenci\u00f3n a padres<\/li>\n<\/ul>\n<h4>\u00c1MBITO:\u00a0 \u00a0APOYO A LOS PROCESOS DE ENSE\u00d1ANZA Y APRENDIZAJE<\/h4>\n<ul>\n<li>Actuaciones en el Programa de Diversificaci\u00f3n Curricular<\/li>\n<li>Actuaciones relacionadas con la atenci\u00f3n a los ACNEEs<\/li>\n<li>A atenci\u00f3n a los Alumnos con Necesidades de Compensaci\u00f3n Educativa ANCEs<\/li>\n<li>Colaboraci\u00f3n en la detecci\u00f3n y prevenci\u00f3n de problemas de aprendizaje<\/li>\n<li>Colaboraci\u00f3n en la prevenci\u00f3n y tratamiento del absentismo escolar<\/li>\n<li>Participaci\u00f3n en la Comisi\u00f3n de Coordinaci\u00f3n Pedag\u00f3gica<\/li>\n<li>Asesoramiento en la elaboraci\u00f3n\u00a0 y revisi\u00f3n de los proyectos curriculares<\/li>\n<\/ul>\n<p>&nbsp;<\/p>\n<p>[\/et_pb_text][et_pb_blog fullwidth=\u00bboff\u00bb posts_number=\u00bb3&#8243; include_categories=\u00bb33&#8243; excerpt_length=\u00bb0&#8243; show_author=\u00bboff\u00bb show_date=\u00bboff\u00bb show_categories=\u00bboff\u00bb show_excerpt=\u00bboff\u00bb show_pagination=\u00bboff\u00bb offset_number=\u00bb1&#8243; _builder_version=\u00bb4.9.2&#8243; _module_preset=\u00bbdefault\u00bb box_shadow_style=\u00bbpreset1&#8243; locked=\u00bboff\u00bb][\/et_pb_blog][\/et_pb_column][\/et_pb_row][\/et_pb_section]<\/p>\n","protected":false},"excerpt":{"rendered":"<p>Aspectos a tener en cuenta en la elaboraci\u00f3n y exposici\u00f3n de la unidad de trabajo o proyecto de actuaci\u00f3n del Departamento o Equipo de Orientaci\u00f3n.<\/p>\n","protected":false},"author":4,"featured_media":1385,"comment_status":"open","ping_status":"open","sticky":false,"template":"","format":"standard","meta":{"_et_pb_use_builder":"on","_et_pb_old_content":"La segunda fase del proceso selectivo consiste en la presentaci\u00f3n oral ante el tribunal del <strong>programa de intervenci\u00f3n<\/strong> previamente entregado y en la elaboraci\u00f3n y exposici\u00f3n oral de una <strong>\"unidad de actuaci\u00f3n\"<\/strong>.\r\n\r\nEsta <strong><em>unidad de trabajo<\/em><\/strong> estar\u00e1 relacionada con la programaci\u00f3n presentada por el aspirante o elaborada a partir del temario oficial de la especialidad, a elecci\u00f3n de \u00e9ste. En el primero caso el aspirante elegir\u00e1 el contenido de la unidad de trabajo de entre tres extra\u00eddas al azar por \u00e9l mismo, de su propia programaci\u00f3n. En el segundo caso, el aspirante elegir\u00e1 el contenido de la unidad de trabajo de un tema de entre tres extra\u00eddos al azar por \u00e9l mismo, del temario oficial de la especialidad.\r\n\r\nEl aspirante dispondr\u00e1 de una hora para la preparaci\u00f3n de la unidad, pudiendo utilizar el material que considere oportuno. Se dispondr\u00e1 de un per\u00edodo m\u00e1ximo de una hora y treinta minutos para la defensa oral de la programaci\u00f3n, la exposici\u00f3n de la unidad de trabajo y posterior debate ante el Tribunal.\r\n<h3>Aspectos a tener en cuenta en la elaboraci\u00f3n y exposici\u00f3n de la unidad de trabajo<\/h3>\r\nEsta parte de la convocatoria es la m\u00e1s confusa y aunque se hacen algunas puntualizaciones sobre la singularidad del proceso en la especialidad de Psicolog\u00eda y Pedagog\u00eda no parecen suficientes y son muchas las confusiones generadas.\r\n\r\nEn la especialidad de psicolog\u00eda y pedagog\u00eda se habla de <strong>programas de intervenci\u00f3n<\/strong> -y no de <em>programaciones did\u00e1cticas<\/em>-\u00a0 y\u00a0 ejes o unidades de actuaci\u00f3n en lugar de <em>unidades did\u00e1cticas<\/em>, pero son necesarios a\u00fan algunos cambios en la redacci\u00f3n para detallar m\u00e1s las diferencias entre una programaci\u00f3n did\u00e1ctica -cuya finalidad es el desarrollo de una serie de capacidades en el alumnado- y un plan de actuaci\u00f3n <strong>de un departamento o un equipo de orientaci\u00f3n<\/strong> cuya finalidad es bien distinta y no tiene las caracter\u00edsticas propias de un proceso did\u00e1ctico.\r\n\r\nEl concepto de <em>unidad de trabajo<\/em> no es utilizado habitualmente por los profesionales de la orientaci\u00f3n y resulta dif\u00edcil establecer un paralelismo con una <em>unidad did\u00e1ctica<\/em>, principalmente porque el trabajo del estos <strong>no es un trabajo did\u00e1ctico<\/strong>. Por ello, y a pesar de lo que diga la convocatoria, nuestros planes de trabajo no tienen <em>contenidos<\/em> entendidos como contenidos de aprendizaje sino <em><strong>actuaciones, acciones o tareas<\/strong>.<\/em>\r\n\r\nAclarar bien todo esto es esencial para no cometer despu\u00e9s algunos errores bastante frecuentes.\r\n<h3>Algunas orientaciones<\/h3>\r\n<span style=\"color: #ff0000;\"><strong>1\u00ba<\/strong><\/span> Elegir como eje de la \"unidad de actuaci\u00f3n\" \u00e1reas de trabajo del D.O. o del Equipo y no procesos de centro.\u00a0 Un error habitual es programar, por ejemplo, la <em>evaluaci\u00f3n inicial de los alumnos<\/em> en lugar de las <em>tareas del D.O. en el asesoramiento y colaboraci\u00f3n en la evaluaci\u00f3n inicial de los alumnos<\/em>, cayendo en el vicio de planificar el trabajo de otros profesionales en lugar del nuestro propio.\r\n\r\n<span style=\"color: #ff0000;\">2\u00ba<\/span> M\u00e1s que exponer c\u00f3mo deber\u00eda funcionar un centro educativo se deben dise\u00f1ar las estrategias y programar las tareas que desde un Departamento o un Equipo de Orientaci\u00f3n se pueden llevar a cabo para conseguir ese estado ideal en el que pensamos. Y todo ello teniendo en cuenta el contexto, la situaci\u00f3n de partida y nuestros propios recursos.\r\n\r\nDe lo contrario estar\u00edamos cayendo en el mismo error que se achaca a aquellos aspirantes a profesor\/a en las especialidades docentes que tienen muy claro lo que deben aprender sus alumnos pero que no aclaran c\u00f3mo van a ense\u00f1\u00e1rselo y a conseguir que lo aprendan.\r\n\r\n<span style=\"color: #ff0000;\">3\u00ba<\/span> No incluir como unidades de trabajo programas de tutor\u00eda o programas de actividades a realizar por los tutores con sus alumnos. Este tipo de actuaciones forman parte de otros proyectos y documentos del centro como el Plan de Acci\u00f3n Tutorial o el Proyecto Curricular y no del <strong>Plan Anual de Actividades del Departamento\u00a0 o del Equipo de Orientaci\u00f3n Educativa<\/strong>.\r\n\r\nLo que se debe programar es lo que el orientador va a hacer para apoyar y asesorar a los tutores y a otros profesores a la hora de llevar a cabo esas actividades, lo que va a hacer con los alumnos, etc\r\n\r\n<span style=\"color: #ff0000;\">4\u00ba<\/span> La unidad de trabajo debe contener todos los <strong>elementos que constituyen un plan<\/strong>:\r\n<ul>\r\n \t<li>Las necesidades que se deben atender<\/li>\r\n \t<li>Los objetivos o resultados que se pretende conseguir<\/li>\r\n \t<li>Las tareas o actividades concretas que se van a realizar aclarando cu\u00e1ndo, con qui\u00e9n, para qui\u00e9n y con qu\u00e9 recursos<\/li>\r\n \t<li>C\u00f3mo cu\u00e1ndo y para qu\u00e9 se va a evaluar el trabajo programado y los resultados conseguidos, sin olvidar que la evaluaci\u00f3n que hagamos ha de servir tanto para comprobar los logros conseguidos como para mejorar futuras intervenciones.<\/li>\r\n<\/ul>\r\nEn este punto ser\u00e1 necesario concretar de forma concisa los criterios o indicadores de evaluaci\u00f3n para comprobar cada uno de los objetivos propuestos y los instrumentos y momentos con los que se recoger\u00e1 informaci\u00f3n.\r\n<h3>Algunos posibles ejes o unidades de actuaci\u00f3n<\/h3>\r\n<h4>\u00c1MBITO:\u00a0APOYO AL PLAN DE ACCI\u00d3N TUTORIAL<\/h4>\r\n<ul>\r\n \t<li>Colaboraci\u00f3n con la Jefatura de Estudios en la coordinaci\u00f3n de la acci\u00f3n tutorial<\/li>\r\n \t<li>Asesoramiento y apoyo a los tutores<\/li>\r\n \t<li>Elaboraci\u00f3n y revisi\u00f3n del PAT<\/li>\r\n \t<li>Atenci\u00f3n directa a alumnos<\/li>\r\n \t<li>Atenci\u00f3n a padres<\/li>\r\n \t<li>Asesoramiento en los procesos de evaluaci\u00f3n<\/li>\r\n<\/ul>\r\n<h5>\u00c1MBITO:\u00a0 \u00a0APOYO A LA ORIENTACI\u00d3N ACAD\u00c9MICA Y PROFESIONAL<\/h5>\r\n<ul>\r\n \t<li>Colaboraci\u00f3n con la Jefatura de Estudios en la coordinaci\u00f3n del POAP<\/li>\r\n \t<li>Asesoramiento y apoyo a tutores y otros profesores<\/li>\r\n \t<li>Elaboraci\u00f3n y revisi\u00f3n del POAP<\/li>\r\n \t<li>Atenci\u00f3n directa a alumnos<\/li>\r\n \t<li>Atenci\u00f3n a padres<\/li>\r\n<\/ul>\r\n<h5>\u00c1MBITO:\u00a0 \u00a0APOYO A LOS PROCESOS DE ENSE\u00d1ANZA Y APRENDIZAJE<\/h5>\r\n<ul>\r\n \t<li>Actuaciones en el Programa de Diversificaci\u00f3n Curricular<\/li>\r\n \t<li>Actuaciones relacionadas con la atenci\u00f3n a los ACNEEs<\/li>\r\n \t<li>A atenci\u00f3n a los Alumnos con Necesidades de Compensaci\u00f3n Educativa ANCEs<\/li>\r\n \t<li>Colaboraci\u00f3n en la detecci\u00f3n y prevenci\u00f3n de problemas de aprendizaje<\/li>\r\n \t<li>Colaboraci\u00f3n en la prevenci\u00f3n y tratamiento del absentismo escolar<\/li>\r\n \t<li>Participaci\u00f3n en la Comisi\u00f3n de Coordinaci\u00f3n Pedag\u00f3gica<\/li>\r\n \t<li>Asesoramiento en la elaboraci\u00f3n\u00a0 y revisi\u00f3n de los proyectos curriculares<\/li>\r\n<\/ul>\r\n\u00a0","_et_gb_content_width":"","footnotes":""},"categories":[69],"tags":[],"class_list":["post-1386","post","type-post","status-publish","format-standard","has-post-thumbnail","hentry","category-oposiciones","et-has-post-format-content","et_post_format-et-post-format-standard"],"yoast_head":"<!-- This site is optimized with the Yoast SEO plugin v27.4 - https:\/\/yoast.com\/product\/yoast-seo-wordpress\/ -->\n<title>La exposici\u00f3n de la Unidad de Trabajo - Orientaeduc<\/title>\n<meta name=\"description\" content=\"Aspectos a tener en cuenta en la elaboraci\u00f3n y exposici\u00f3n de la unidad de trabajo o proyecto de actuaci\u00f3n del Departamento o Equipo de Orientaci\u00f3n.\" \/>\n<meta name=\"robots\" content=\"index, follow, max-snippet:-1, max-image-preview:large, max-video-preview:-1\" \/>\n<link rel=\"canonical\" href=\"https:\/\/orientaeduc.com\/archivo\/oposiciones\/la-exposicion-de-la-unidad-de-trabajo\" \/>\n<meta property=\"og:locale\" content=\"es_ES\" \/>\n<meta property=\"og:type\" content=\"article\" \/>\n<meta property=\"og:title\" content=\"La exposici\u00f3n de la Unidad de Trabajo - Orientaeduc\" \/>\n<meta property=\"og:description\" content=\"Aspectos a tener en cuenta en la elaboraci\u00f3n y exposici\u00f3n de la unidad de trabajo o proyecto de actuaci\u00f3n del Departamento o Equipo de Orientaci\u00f3n.\" \/>\n<meta property=\"og:url\" content=\"https:\/\/orientaeduc.com\/archivo\/oposiciones\/la-exposicion-de-la-unidad-de-trabajo\" \/>\n<meta property=\"og:site_name\" content=\"Orientaeduc\" \/>\n<meta property=\"article:author\" content=\"https:\/\/www.facebook.com\/lbarriocanal\" \/>\n<meta property=\"article:published_time\" content=\"2005-10-29T13:27:52+00:00\" \/>\n<meta property=\"article:modified_time\" content=\"2021-03-20T08:54:39+00:00\" \/>\n<meta property=\"og:image\" content=\"https:\/\/storage.googleapis.com\/orientaeduc\/2005\/10\/exposicion.jpg\" \/>\n\t<meta property=\"og:image:width\" content=\"300\" \/>\n\t<meta property=\"og:image:height\" content=\"224\" \/>\n\t<meta property=\"og:image:type\" content=\"image\/jpeg\" \/>\n<meta name=\"author\" content=\"lbarriocanal\" \/>\n<meta name=\"twitter:card\" content=\"summary_large_image\" \/>\n<meta name=\"twitter:label1\" content=\"Escrito por\" \/>\n\t<meta name=\"twitter:data1\" content=\"lbarriocanal\" \/>\n\t<meta name=\"twitter:label2\" content=\"Tiempo de lectura\" \/>\n\t<meta name=\"twitter:data2\" content=\"5 minutos\" \/>\n<script type=\"application\/ld+json\" class=\"yoast-schema-graph\">{\"@context\":\"https:\\\/\\\/schema.org\",\"@graph\":[{\"@type\":\"Article\",\"@id\":\"https:\\\/\\\/orientaeduc.com\\\/archivo\\\/oposiciones\\\/la-exposicion-de-la-unidad-de-trabajo#article\",\"isPartOf\":{\"@id\":\"https:\\\/\\\/orientaeduc.com\\\/archivo\\\/oposiciones\\\/la-exposicion-de-la-unidad-de-trabajo\"},\"author\":{\"name\":\"lbarriocanal\",\"@id\":\"https:\\\/\\\/orientaeduc.com\\\/archivo\\\/#\\\/schema\\\/person\\\/ca93077e3b8d4a14ff357012e2e9a41d\"},\"headline\":\"La exposici\u00f3n de la Unidad de Trabajo\",\"datePublished\":\"2005-10-29T13:27:52+00:00\",\"dateModified\":\"2021-03-20T08:54:39+00:00\",\"mainEntityOfPage\":{\"@id\":\"https:\\\/\\\/orientaeduc.com\\\/archivo\\\/oposiciones\\\/la-exposicion-de-la-unidad-de-trabajo\"},\"wordCount\":1172,\"commentCount\":0,\"publisher\":{\"@id\":\"https:\\\/\\\/orientaeduc.com\\\/archivo\\\/#organization\"},\"image\":{\"@id\":\"https:\\\/\\\/orientaeduc.com\\\/archivo\\\/oposiciones\\\/la-exposicion-de-la-unidad-de-trabajo#primaryimage\"},\"thumbnailUrl\":\"https:\\\/\\\/storage.googleapis.com\\\/orientaeduc\\\/2005\\\/10\\\/exposicion.jpg\",\"articleSection\":[\"Oposiciones\"],\"inLanguage\":\"es\",\"potentialAction\":[{\"@type\":\"CommentAction\",\"name\":\"Comment\",\"target\":[\"https:\\\/\\\/orientaeduc.com\\\/archivo\\\/oposiciones\\\/la-exposicion-de-la-unidad-de-trabajo#respond\"]}]},{\"@type\":\"WebPage\",\"@id\":\"https:\\\/\\\/orientaeduc.com\\\/archivo\\\/oposiciones\\\/la-exposicion-de-la-unidad-de-trabajo\",\"url\":\"https:\\\/\\\/orientaeduc.com\\\/archivo\\\/oposiciones\\\/la-exposicion-de-la-unidad-de-trabajo\",\"name\":\"La exposici\u00f3n de la Unidad de Trabajo - Orientaeduc\",\"isPartOf\":{\"@id\":\"https:\\\/\\\/orientaeduc.com\\\/archivo\\\/#website\"},\"primaryImageOfPage\":{\"@id\":\"https:\\\/\\\/orientaeduc.com\\\/archivo\\\/oposiciones\\\/la-exposicion-de-la-unidad-de-trabajo#primaryimage\"},\"image\":{\"@id\":\"https:\\\/\\\/orientaeduc.com\\\/archivo\\\/oposiciones\\\/la-exposicion-de-la-unidad-de-trabajo#primaryimage\"},\"thumbnailUrl\":\"https:\\\/\\\/storage.googleapis.com\\\/orientaeduc\\\/2005\\\/10\\\/exposicion.jpg\",\"datePublished\":\"2005-10-29T13:27:52+00:00\",\"dateModified\":\"2021-03-20T08:54:39+00:00\",\"description\":\"Aspectos a tener en cuenta en la elaboraci\u00f3n y exposici\u00f3n de la unidad de trabajo o proyecto de actuaci\u00f3n del Departamento o Equipo de Orientaci\u00f3n.\",\"breadcrumb\":{\"@id\":\"https:\\\/\\\/orientaeduc.com\\\/archivo\\\/oposiciones\\\/la-exposicion-de-la-unidad-de-trabajo#breadcrumb\"},\"inLanguage\":\"es\",\"potentialAction\":[{\"@type\":\"ReadAction\",\"target\":[\"https:\\\/\\\/orientaeduc.com\\\/archivo\\\/oposiciones\\\/la-exposicion-de-la-unidad-de-trabajo\"]}]},{\"@type\":\"ImageObject\",\"inLanguage\":\"es\",\"@id\":\"https:\\\/\\\/orientaeduc.com\\\/archivo\\\/oposiciones\\\/la-exposicion-de-la-unidad-de-trabajo#primaryimage\",\"url\":\"https:\\\/\\\/storage.googleapis.com\\\/orientaeduc\\\/2005\\\/10\\\/exposicion.jpg\",\"contentUrl\":\"https:\\\/\\\/storage.googleapis.com\\\/orientaeduc\\\/2005\\\/10\\\/exposicion.jpg\",\"width\":300,\"height\":224,\"caption\":\"exposicion\"},{\"@type\":\"BreadcrumbList\",\"@id\":\"https:\\\/\\\/orientaeduc.com\\\/archivo\\\/oposiciones\\\/la-exposicion-de-la-unidad-de-trabajo#breadcrumb\",\"itemListElement\":[{\"@type\":\"ListItem\",\"position\":1,\"name\":\"Portada\",\"item\":\"https:\\\/\\\/orientaeduc.com\\\/archivo\"},{\"@type\":\"ListItem\",\"position\":2,\"name\":\"La exposici\u00f3n de la Unidad de Trabajo\"}]},{\"@type\":\"WebSite\",\"@id\":\"https:\\\/\\\/orientaeduc.com\\\/archivo\\\/#website\",\"url\":\"https:\\\/\\\/orientaeduc.com\\\/archivo\\\/\",\"name\":\"Orientaeduc\",\"description\":\"Recursos para la Orientaci\u00f3n Educativa\",\"publisher\":{\"@id\":\"https:\\\/\\\/orientaeduc.com\\\/archivo\\\/#organization\"},\"potentialAction\":[{\"@type\":\"SearchAction\",\"target\":{\"@type\":\"EntryPoint\",\"urlTemplate\":\"https:\\\/\\\/orientaeduc.com\\\/archivo\\\/?s={search_term_string}\"},\"query-input\":{\"@type\":\"PropertyValueSpecification\",\"valueRequired\":true,\"valueName\":\"search_term_string\"}}],\"inLanguage\":\"es\"},{\"@type\":\"Organization\",\"@id\":\"https:\\\/\\\/orientaeduc.com\\\/archivo\\\/#organization\",\"name\":\"Orientaeduc.com\",\"url\":\"https:\\\/\\\/orientaeduc.com\\\/archivo\\\/\",\"logo\":{\"@type\":\"ImageObject\",\"inLanguage\":\"es\",\"@id\":\"https:\\\/\\\/orientaeduc.com\\\/archivo\\\/#\\\/schema\\\/logo\\\/image\\\/\",\"url\":\"https:\\\/\\\/orientaeduc.com\\\/archivo\\\/wp-content\\\/uploads\\\/sites\\\/2\\\/2020\\\/04\\\/orientaeduc_logo.png\",\"contentUrl\":\"https:\\\/\\\/orientaeduc.com\\\/archivo\\\/wp-content\\\/uploads\\\/sites\\\/2\\\/2020\\\/04\\\/orientaeduc_logo.png\",\"width\":293,\"height\":76,\"caption\":\"Orientaeduc.com\"},\"image\":{\"@id\":\"https:\\\/\\\/orientaeduc.com\\\/archivo\\\/#\\\/schema\\\/logo\\\/image\\\/\"}},{\"@type\":\"Person\",\"@id\":\"https:\\\/\\\/orientaeduc.com\\\/archivo\\\/#\\\/schema\\\/person\\\/ca93077e3b8d4a14ff357012e2e9a41d\",\"name\":\"lbarriocanal\",\"image\":{\"@type\":\"ImageObject\",\"inLanguage\":\"es\",\"@id\":\"https:\\\/\\\/secure.gravatar.com\\\/avatar\\\/1f6884c182c7dd4f0f5329225cdf4f117f103647fc99811ff87bd059d99aae38?s=96&d=mm&r=g\",\"url\":\"https:\\\/\\\/secure.gravatar.com\\\/avatar\\\/1f6884c182c7dd4f0f5329225cdf4f117f103647fc99811ff87bd059d99aae38?s=96&d=mm&r=g\",\"contentUrl\":\"https:\\\/\\\/secure.gravatar.com\\\/avatar\\\/1f6884c182c7dd4f0f5329225cdf4f117f103647fc99811ff87bd059d99aae38?s=96&d=mm&r=g\",\"caption\":\"lbarriocanal\"},\"sameAs\":[\"https:\\\/\\\/www.facebook.com\\\/lbarriocanal\",\"https:\\\/\\\/www.youtube.com\\\/user\\\/lbarriocanal\\\/\"]}]}<\/script>\n<!-- \/ Yoast SEO plugin. -->","yoast_head_json":{"title":"La exposici\u00f3n de la Unidad de Trabajo - Orientaeduc","description":"Aspectos a tener en cuenta en la elaboraci\u00f3n y exposici\u00f3n de la unidad de trabajo o proyecto de actuaci\u00f3n del Departamento o Equipo de Orientaci\u00f3n.","robots":{"index":"index","follow":"follow","max-snippet":"max-snippet:-1","max-image-preview":"max-image-preview:large","max-video-preview":"max-video-preview:-1"},"canonical":"https:\/\/orientaeduc.com\/archivo\/oposiciones\/la-exposicion-de-la-unidad-de-trabajo","og_locale":"es_ES","og_type":"article","og_title":"La exposici\u00f3n de la Unidad de Trabajo - Orientaeduc","og_description":"Aspectos a tener en cuenta en la elaboraci\u00f3n y exposici\u00f3n de la unidad de trabajo o proyecto de actuaci\u00f3n del Departamento o Equipo de Orientaci\u00f3n.","og_url":"https:\/\/orientaeduc.com\/archivo\/oposiciones\/la-exposicion-de-la-unidad-de-trabajo","og_site_name":"Orientaeduc","article_author":"https:\/\/www.facebook.com\/lbarriocanal","article_published_time":"2005-10-29T13:27:52+00:00","article_modified_time":"2021-03-20T08:54:39+00:00","og_image":[{"width":300,"height":224,"url":"https:\/\/storage.googleapis.com\/orientaeduc\/2005\/10\/exposicion.jpg","type":"image\/jpeg"}],"author":"lbarriocanal","twitter_card":"summary_large_image","twitter_misc":{"Escrito por":"lbarriocanal","Tiempo de lectura":"5 minutos"},"schema":{"@context":"https:\/\/schema.org","@graph":[{"@type":"Article","@id":"https:\/\/orientaeduc.com\/archivo\/oposiciones\/la-exposicion-de-la-unidad-de-trabajo#article","isPartOf":{"@id":"https:\/\/orientaeduc.com\/archivo\/oposiciones\/la-exposicion-de-la-unidad-de-trabajo"},"author":{"name":"lbarriocanal","@id":"https:\/\/orientaeduc.com\/archivo\/#\/schema\/person\/ca93077e3b8d4a14ff357012e2e9a41d"},"headline":"La exposici\u00f3n de la Unidad de Trabajo","datePublished":"2005-10-29T13:27:52+00:00","dateModified":"2021-03-20T08:54:39+00:00","mainEntityOfPage":{"@id":"https:\/\/orientaeduc.com\/archivo\/oposiciones\/la-exposicion-de-la-unidad-de-trabajo"},"wordCount":1172,"commentCount":0,"publisher":{"@id":"https:\/\/orientaeduc.com\/archivo\/#organization"},"image":{"@id":"https:\/\/orientaeduc.com\/archivo\/oposiciones\/la-exposicion-de-la-unidad-de-trabajo#primaryimage"},"thumbnailUrl":"https:\/\/storage.googleapis.com\/orientaeduc\/2005\/10\/exposicion.jpg","articleSection":["Oposiciones"],"inLanguage":"es","potentialAction":[{"@type":"CommentAction","name":"Comment","target":["https:\/\/orientaeduc.com\/archivo\/oposiciones\/la-exposicion-de-la-unidad-de-trabajo#respond"]}]},{"@type":"WebPage","@id":"https:\/\/orientaeduc.com\/archivo\/oposiciones\/la-exposicion-de-la-unidad-de-trabajo","url":"https:\/\/orientaeduc.com\/archivo\/oposiciones\/la-exposicion-de-la-unidad-de-trabajo","name":"La exposici\u00f3n de la Unidad de Trabajo - Orientaeduc","isPartOf":{"@id":"https:\/\/orientaeduc.com\/archivo\/#website"},"primaryImageOfPage":{"@id":"https:\/\/orientaeduc.com\/archivo\/oposiciones\/la-exposicion-de-la-unidad-de-trabajo#primaryimage"},"image":{"@id":"https:\/\/orientaeduc.com\/archivo\/oposiciones\/la-exposicion-de-la-unidad-de-trabajo#primaryimage"},"thumbnailUrl":"https:\/\/storage.googleapis.com\/orientaeduc\/2005\/10\/exposicion.jpg","datePublished":"2005-10-29T13:27:52+00:00","dateModified":"2021-03-20T08:54:39+00:00","description":"Aspectos a tener en cuenta en la elaboraci\u00f3n y exposici\u00f3n de la unidad de trabajo o proyecto de actuaci\u00f3n del Departamento o Equipo de Orientaci\u00f3n.","breadcrumb":{"@id":"https:\/\/orientaeduc.com\/archivo\/oposiciones\/la-exposicion-de-la-unidad-de-trabajo#breadcrumb"},"inLanguage":"es","potentialAction":[{"@type":"ReadAction","target":["https:\/\/orientaeduc.com\/archivo\/oposiciones\/la-exposicion-de-la-unidad-de-trabajo"]}]},{"@type":"ImageObject","inLanguage":"es","@id":"https:\/\/orientaeduc.com\/archivo\/oposiciones\/la-exposicion-de-la-unidad-de-trabajo#primaryimage","url":"https:\/\/storage.googleapis.com\/orientaeduc\/2005\/10\/exposicion.jpg","contentUrl":"https:\/\/storage.googleapis.com\/orientaeduc\/2005\/10\/exposicion.jpg","width":300,"height":224,"caption":"exposicion"},{"@type":"BreadcrumbList","@id":"https:\/\/orientaeduc.com\/archivo\/oposiciones\/la-exposicion-de-la-unidad-de-trabajo#breadcrumb","itemListElement":[{"@type":"ListItem","position":1,"name":"Portada","item":"https:\/\/orientaeduc.com\/archivo"},{"@type":"ListItem","position":2,"name":"La exposici\u00f3n de la Unidad de Trabajo"}]},{"@type":"WebSite","@id":"https:\/\/orientaeduc.com\/archivo\/#website","url":"https:\/\/orientaeduc.com\/archivo\/","name":"Orientaeduc","description":"Recursos para la Orientaci\u00f3n Educativa","publisher":{"@id":"https:\/\/orientaeduc.com\/archivo\/#organization"},"potentialAction":[{"@type":"SearchAction","target":{"@type":"EntryPoint","urlTemplate":"https:\/\/orientaeduc.com\/archivo\/?s={search_term_string}"},"query-input":{"@type":"PropertyValueSpecification","valueRequired":true,"valueName":"search_term_string"}}],"inLanguage":"es"},{"@type":"Organization","@id":"https:\/\/orientaeduc.com\/archivo\/#organization","name":"Orientaeduc.com","url":"https:\/\/orientaeduc.com\/archivo\/","logo":{"@type":"ImageObject","inLanguage":"es","@id":"https:\/\/orientaeduc.com\/archivo\/#\/schema\/logo\/image\/","url":"https:\/\/orientaeduc.com\/archivo\/wp-content\/uploads\/sites\/2\/2020\/04\/orientaeduc_logo.png","contentUrl":"https:\/\/orientaeduc.com\/archivo\/wp-content\/uploads\/sites\/2\/2020\/04\/orientaeduc_logo.png","width":293,"height":76,"caption":"Orientaeduc.com"},"image":{"@id":"https:\/\/orientaeduc.com\/archivo\/#\/schema\/logo\/image\/"}},{"@type":"Person","@id":"https:\/\/orientaeduc.com\/archivo\/#\/schema\/person\/ca93077e3b8d4a14ff357012e2e9a41d","name":"lbarriocanal","image":{"@type":"ImageObject","inLanguage":"es","@id":"https:\/\/secure.gravatar.com\/avatar\/1f6884c182c7dd4f0f5329225cdf4f117f103647fc99811ff87bd059d99aae38?s=96&d=mm&r=g","url":"https:\/\/secure.gravatar.com\/avatar\/1f6884c182c7dd4f0f5329225cdf4f117f103647fc99811ff87bd059d99aae38?s=96&d=mm&r=g","contentUrl":"https:\/\/secure.gravatar.com\/avatar\/1f6884c182c7dd4f0f5329225cdf4f117f103647fc99811ff87bd059d99aae38?s=96&d=mm&r=g","caption":"lbarriocanal"},"sameAs":["https:\/\/www.facebook.com\/lbarriocanal","https:\/\/www.youtube.com\/user\/lbarriocanal\/"]}]}},"_links":{"self":[{"href":"https:\/\/orientaeduc.com\/archivo\/wp-json\/wp\/v2\/posts\/1386","targetHints":{"allow":["GET"]}}],"collection":[{"href":"https:\/\/orientaeduc.com\/archivo\/wp-json\/wp\/v2\/posts"}],"about":[{"href":"https:\/\/orientaeduc.com\/archivo\/wp-json\/wp\/v2\/types\/post"}],"author":[{"embeddable":true,"href":"https:\/\/orientaeduc.com\/archivo\/wp-json\/wp\/v2\/users\/4"}],"replies":[{"embeddable":true,"href":"https:\/\/orientaeduc.com\/archivo\/wp-json\/wp\/v2\/comments?post=1386"}],"version-history":[{"count":0,"href":"https:\/\/orientaeduc.com\/archivo\/wp-json\/wp\/v2\/posts\/1386\/revisions"}],"wp:featuredmedia":[{"embeddable":true,"href":"https:\/\/orientaeduc.com\/archivo\/wp-json\/wp\/v2\/media\/1385"}],"wp:attachment":[{"href":"https:\/\/orientaeduc.com\/archivo\/wp-json\/wp\/v2\/media?parent=1386"}],"wp:term":[{"taxonomy":"category","embeddable":true,"href":"https:\/\/orientaeduc.com\/archivo\/wp-json\/wp\/v2\/categories?post=1386"},{"taxonomy":"post_tag","embeddable":true,"href":"https:\/\/orientaeduc.com\/archivo\/wp-json\/wp\/v2\/tags?post=1386"}],"curies":[{"name":"wp","href":"https:\/\/api.w.org\/{rel}","templated":true}]}}