{"id":1415,"date":"2006-04-07T07:33:26","date_gmt":"2006-04-07T07:33:26","guid":{"rendered":"https:\/\/orientaeduc.com\/archivo\/2006\/04\/07\/el-congreso-aprueba-la-loe\/"},"modified":"2020-04-07T21:58:17","modified_gmt":"2020-04-07T21:58:17","slug":"el-congreso-aprueba-la-loe","status":"publish","type":"post","link":"https:\/\/orientaeduc.com\/archivo\/educacion\/el-congreso-aprueba-la-loe","title":{"rendered":"El Congreso aprueba la LOE"},"content":{"rendered":"<p align=\"justify\">El Congreso di\u00f3 ayer su visto bueno definitivo a la nueva <a target=\"_blank\" href=\"http:\/\/www.stecyl.es\/LOE\/LOE_Aprobacion_definitiva_Congreso.pdf\" rel=\"noopener noreferrer\">Ley Org\u00e1nica de Educaci\u00f3n (LOE)<\/a>. Sin embargo, las escasas novedades que se incorporan con respecto a la LOCE&nbsp; no afectar\u00e1n a los estudiantes hasta dentro dos cursos acad\u00e9micos. <br \/> El siguiente paso ser\u00e1 la publicaci\u00f3n de un Real Decreto que establezca el calendario de aplicaci\u00f3n, lo que no es previsible que ocurra antes de junio. <\/p>\n<p>  <!--more--> <\/p>\n<p align=\"left\">Las medidas que conciernen a la Educaci\u00f3n Infantil se aplicar\u00e1n a partir del curso 2008\/2009, mientras que Primaria entrar\u00e1 en vigor por ciclos. As\u00ed, en el curso 2007\/2008 lo har\u00e1n los alumnos de 1&ordm; y 2&ordm;; los de 3&ordm; y 4&ordm; en el curso siguiente, y los de 5&ordm; y 6&ordm; en 2009\/2010. Conforme a este calendario, los primeros escolares en enfrentarse a las pruebas de diagn\u00f3stico previstas para 4&ordm; de Primaria (a los 9 a&ntilde;os) no lo har\u00e1n hasta dentro de dos a&ntilde;os.<\/p>\n<p align=\"left\"> Al final de cada ciclo de Primaria, los escolares con peores calificaciones tendr\u00e1n clases de refuerzo, con el objetivo de mejorar en las materias que van peor para seguir progresando en la etapa y conseguir un \u00f3ptimo paso a Secundaria.<\/p>\n<p align=\"left\"> Por su parte, la nueva asignatura de Educaci\u00f3n para la Ciudadan\u00eda no ser\u00e1 una realidad para los escolares de entre 10 y 12 a&ntilde;os hasta dentro de al menos tres a&ntilde;os. Los estudiantes de Secundaria se encontrar\u00e1n esta materia en 1&ordm; \u00f3 3&ordm; dentro de a&ntilde;o y medio (2007\/2008) o un a&ntilde;o m\u00e1s tarde en el segundo curso de ESO. Las repeticiones con cuatro suspensos y la promoci\u00f3n con dos (o tres, seg\u00fan decida el equipo docente) tampoco llegar\u00e1n hasta esa fecha.<\/p>\n<p align=\"left\"> Respecto a la ense&ntilde;anza de Religi\u00f3n, no se puede establecer el mismo criterio de fechas al no estar contemplada como asignatura espec\u00edfica dentro de cada una de las etapas. En cuanto al Bachillerato, est\u00e1 por ultimar si los aspectos que afectan al primer curso entrar\u00edan en vigor en 2007\/2008 y el segundo en 2008\/2009, o si se retrasar\u00eda a un a&ntilde;o despu\u00e9s.<\/p>\n<p align=\"left\">M\u00e1s informaci\u00f3n en:<\/p>\n<div align=\"left\">\n<ul>\n<li><a href=\"http:\/\/www.consumer.es\/web\/es\/educacion\/2006\/04\/06\/150802.php\" target=\"_blank\" rel=\"noopener noreferrer\">Consumer Educaci\u00f3n<\/a><\/li>\n<li><a href=\"http:\/\/www.concejoeducativo.org\/article.php?id_article=103\" target=\"_blank\" rel=\"noopener noreferrer\">Concejo Educativo CyL<\/a><\/li>\n<li><a href=\"http:\/\/www.stecyl.es\/LOE\/LOE_Calendario_Aplicacion.htm\" target=\"_blank\" rel=\"noopener noreferrer\">Stecyl.es<\/a><\/li>\n<\/ul>\n<p>Texto definitivo de la  <a target=\"_blank\" href=\"http:\/\/www.stecyl.es\/LOE\/LOE_Aprobacion_definitiva_Congreso.pdf\" rel=\"noopener noreferrer\">Ley Org\u00e1nica de Educaci\u00f3n (LOE)<\/a><\/p>\n<\/div>\n","protected":false},"excerpt":{"rendered":"<p>El Congreso di\u00f3 ayer su visto bueno definitivo a la nueva Ley Org\u00e1nica de Educaci\u00f3n (LOE). Sin embargo, las escasas novedades que se incorporan con respecto a la LOCE&nbsp; no afectar\u00e1n a los estudiantes hasta dentro dos cursos acad\u00e9micos. El siguiente paso ser\u00e1 la publicaci\u00f3n de un Real Decreto que establezca el calendario de aplicaci\u00f3n, [&hellip;]<\/p>\n","protected":false},"author":4,"featured_media":0,"comment_status":"open","ping_status":"open","sticky":false,"template":"","format":"standard","meta":{"_et_pb_use_builder":"","_et_pb_old_content":"","_et_gb_content_width":"","footnotes":""},"categories":[50],"tags":[],"class_list":["post-1415","post","type-post","status-publish","format-standard","hentry","category-educacion","et-doesnt-have-format-content","et_post_format-et-post-format-standard"],"yoast_head":"<!-- This site is optimized with the Yoast SEO plugin v27.4 - https:\/\/yoast.com\/product\/yoast-seo-wordpress\/ -->\n<title>El Congreso aprueba la LOE - Orientaeduc<\/title>\n<meta name=\"robots\" content=\"index, follow, max-snippet:-1, max-image-preview:large, max-video-preview:-1\" \/>\n<link rel=\"canonical\" href=\"https:\/\/orientaeduc.com\/archivo\/educacion\/el-congreso-aprueba-la-loe\" \/>\n<meta property=\"og:locale\" content=\"es_ES\" \/>\n<meta property=\"og:type\" content=\"article\" \/>\n<meta property=\"og:title\" content=\"El Congreso aprueba la LOE - Orientaeduc\" \/>\n<meta property=\"og:description\" content=\"El Congreso di\u00f3 ayer su visto bueno definitivo a la nueva Ley Org\u00e1nica de Educaci\u00f3n (LOE). Sin embargo, las escasas novedades que se incorporan con respecto a la LOCE&nbsp; no afectar\u00e1n a los estudiantes hasta dentro dos cursos acad\u00e9micos. El siguiente paso ser\u00e1 la publicaci\u00f3n de un Real Decreto que establezca el calendario de aplicaci\u00f3n, [&hellip;]\" \/>\n<meta property=\"og:url\" content=\"https:\/\/orientaeduc.com\/archivo\/educacion\/el-congreso-aprueba-la-loe\" \/>\n<meta property=\"og:site_name\" content=\"Orientaeduc\" \/>\n<meta property=\"article:author\" content=\"https:\/\/www.facebook.com\/lbarriocanal\" \/>\n<meta property=\"article:published_time\" content=\"2006-04-07T07:33:26+00:00\" \/>\n<meta property=\"article:modified_time\" content=\"2020-04-07T21:58:17+00:00\" \/>\n<meta property=\"og:image\" content=\"https:\/\/storage.googleapis.com\/orientaeduc\/2020\/09\/orientaeduc-orienta-image.jpg\" \/>\n\t<meta property=\"og:image:width\" content=\"978\" \/>\n\t<meta property=\"og:image:height\" content=\"684\" \/>\n\t<meta property=\"og:image:type\" content=\"image\/jpeg\" \/>\n<meta name=\"author\" content=\"lbarriocanal\" \/>\n<meta name=\"twitter:card\" content=\"summary_large_image\" \/>\n<meta name=\"twitter:label1\" content=\"Escrito por\" \/>\n\t<meta name=\"twitter:data1\" content=\"lbarriocanal\" \/>\n\t<meta name=\"twitter:label2\" content=\"Tiempo de lectura\" \/>\n\t<meta name=\"twitter:data2\" content=\"2 minutos\" \/>\n<script type=\"application\/ld+json\" class=\"yoast-schema-graph\">{\"@context\":\"https:\\\/\\\/schema.org\",\"@graph\":[{\"@type\":\"Article\",\"@id\":\"https:\\\/\\\/orientaeduc.com\\\/archivo\\\/educacion\\\/el-congreso-aprueba-la-loe#article\",\"isPartOf\":{\"@id\":\"https:\\\/\\\/orientaeduc.com\\\/archivo\\\/educacion\\\/el-congreso-aprueba-la-loe\"},\"author\":{\"name\":\"lbarriocanal\",\"@id\":\"https:\\\/\\\/orientaeduc.com\\\/archivo\\\/#\\\/schema\\\/person\\\/ca93077e3b8d4a14ff357012e2e9a41d\"},\"headline\":\"El Congreso aprueba la LOE\",\"datePublished\":\"2006-04-07T07:33:26+00:00\",\"dateModified\":\"2020-04-07T21:58:17+00:00\",\"mainEntityOfPage\":{\"@id\":\"https:\\\/\\\/orientaeduc.com\\\/archivo\\\/educacion\\\/el-congreso-aprueba-la-loe\"},\"wordCount\":393,\"commentCount\":0,\"publisher\":{\"@id\":\"https:\\\/\\\/orientaeduc.com\\\/archivo\\\/#organization\"},\"articleSection\":[\"Educaci\u00f3n\"],\"inLanguage\":\"es\",\"potentialAction\":[{\"@type\":\"CommentAction\",\"name\":\"Comment\",\"target\":[\"https:\\\/\\\/orientaeduc.com\\\/archivo\\\/educacion\\\/el-congreso-aprueba-la-loe#respond\"]}]},{\"@type\":\"WebPage\",\"@id\":\"https:\\\/\\\/orientaeduc.com\\\/archivo\\\/educacion\\\/el-congreso-aprueba-la-loe\",\"url\":\"https:\\\/\\\/orientaeduc.com\\\/archivo\\\/educacion\\\/el-congreso-aprueba-la-loe\",\"name\":\"El Congreso aprueba la LOE - Orientaeduc\",\"isPartOf\":{\"@id\":\"https:\\\/\\\/orientaeduc.com\\\/archivo\\\/#website\"},\"datePublished\":\"2006-04-07T07:33:26+00:00\",\"dateModified\":\"2020-04-07T21:58:17+00:00\",\"breadcrumb\":{\"@id\":\"https:\\\/\\\/orientaeduc.com\\\/archivo\\\/educacion\\\/el-congreso-aprueba-la-loe#breadcrumb\"},\"inLanguage\":\"es\",\"potentialAction\":[{\"@type\":\"ReadAction\",\"target\":[\"https:\\\/\\\/orientaeduc.com\\\/archivo\\\/educacion\\\/el-congreso-aprueba-la-loe\"]}]},{\"@type\":\"BreadcrumbList\",\"@id\":\"https:\\\/\\\/orientaeduc.com\\\/archivo\\\/educacion\\\/el-congreso-aprueba-la-loe#breadcrumb\",\"itemListElement\":[{\"@type\":\"ListItem\",\"position\":1,\"name\":\"Portada\",\"item\":\"https:\\\/\\\/orientaeduc.com\\\/archivo\"},{\"@type\":\"ListItem\",\"position\":2,\"name\":\"El Congreso aprueba la LOE\"}]},{\"@type\":\"WebSite\",\"@id\":\"https:\\\/\\\/orientaeduc.com\\\/archivo\\\/#website\",\"url\":\"https:\\\/\\\/orientaeduc.com\\\/archivo\\\/\",\"name\":\"Orientaeduc\",\"description\":\"Recursos para la Orientaci\u00f3n Educativa\",\"publisher\":{\"@id\":\"https:\\\/\\\/orientaeduc.com\\\/archivo\\\/#organization\"},\"potentialAction\":[{\"@type\":\"SearchAction\",\"target\":{\"@type\":\"EntryPoint\",\"urlTemplate\":\"https:\\\/\\\/orientaeduc.com\\\/archivo\\\/?s={search_term_string}\"},\"query-input\":{\"@type\":\"PropertyValueSpecification\",\"valueRequired\":true,\"valueName\":\"search_term_string\"}}],\"inLanguage\":\"es\"},{\"@type\":\"Organization\",\"@id\":\"https:\\\/\\\/orientaeduc.com\\\/archivo\\\/#organization\",\"name\":\"Orientaeduc.com\",\"url\":\"https:\\\/\\\/orientaeduc.com\\\/archivo\\\/\",\"logo\":{\"@type\":\"ImageObject\",\"inLanguage\":\"es\",\"@id\":\"https:\\\/\\\/orientaeduc.com\\\/archivo\\\/#\\\/schema\\\/logo\\\/image\\\/\",\"url\":\"https:\\\/\\\/orientaeduc.com\\\/archivo\\\/wp-content\\\/uploads\\\/sites\\\/2\\\/2020\\\/04\\\/orientaeduc_logo.png\",\"contentUrl\":\"https:\\\/\\\/orientaeduc.com\\\/archivo\\\/wp-content\\\/uploads\\\/sites\\\/2\\\/2020\\\/04\\\/orientaeduc_logo.png\",\"width\":293,\"height\":76,\"caption\":\"Orientaeduc.com\"},\"image\":{\"@id\":\"https:\\\/\\\/orientaeduc.com\\\/archivo\\\/#\\\/schema\\\/logo\\\/image\\\/\"}},{\"@type\":\"Person\",\"@id\":\"https:\\\/\\\/orientaeduc.com\\\/archivo\\\/#\\\/schema\\\/person\\\/ca93077e3b8d4a14ff357012e2e9a41d\",\"name\":\"lbarriocanal\",\"image\":{\"@type\":\"ImageObject\",\"inLanguage\":\"es\",\"@id\":\"https:\\\/\\\/secure.gravatar.com\\\/avatar\\\/1f6884c182c7dd4f0f5329225cdf4f117f103647fc99811ff87bd059d99aae38?s=96&d=mm&r=g\",\"url\":\"https:\\\/\\\/secure.gravatar.com\\\/avatar\\\/1f6884c182c7dd4f0f5329225cdf4f117f103647fc99811ff87bd059d99aae38?s=96&d=mm&r=g\",\"contentUrl\":\"https:\\\/\\\/secure.gravatar.com\\\/avatar\\\/1f6884c182c7dd4f0f5329225cdf4f117f103647fc99811ff87bd059d99aae38?s=96&d=mm&r=g\",\"caption\":\"lbarriocanal\"},\"sameAs\":[\"https:\\\/\\\/www.facebook.com\\\/lbarriocanal\",\"https:\\\/\\\/www.youtube.com\\\/user\\\/lbarriocanal\\\/\"]}]}<\/script>\n<!-- \/ Yoast SEO plugin. -->","yoast_head_json":{"title":"El Congreso aprueba la LOE - Orientaeduc","robots":{"index":"index","follow":"follow","max-snippet":"max-snippet:-1","max-image-preview":"max-image-preview:large","max-video-preview":"max-video-preview:-1"},"canonical":"https:\/\/orientaeduc.com\/archivo\/educacion\/el-congreso-aprueba-la-loe","og_locale":"es_ES","og_type":"article","og_title":"El Congreso aprueba la LOE - Orientaeduc","og_description":"El Congreso di\u00f3 ayer su visto bueno definitivo a la nueva Ley Org\u00e1nica de Educaci\u00f3n (LOE). Sin embargo, las escasas novedades que se incorporan con respecto a la LOCE&nbsp; no afectar\u00e1n a los estudiantes hasta dentro dos cursos acad\u00e9micos. El siguiente paso ser\u00e1 la publicaci\u00f3n de un Real Decreto que establezca el calendario de aplicaci\u00f3n, [&hellip;]","og_url":"https:\/\/orientaeduc.com\/archivo\/educacion\/el-congreso-aprueba-la-loe","og_site_name":"Orientaeduc","article_author":"https:\/\/www.facebook.com\/lbarriocanal","article_published_time":"2006-04-07T07:33:26+00:00","article_modified_time":"2020-04-07T21:58:17+00:00","og_image":[{"width":978,"height":684,"url":"https:\/\/storage.googleapis.com\/orientaeduc\/2020\/09\/orientaeduc-orienta-image.jpg","type":"image\/jpeg"}],"author":"lbarriocanal","twitter_card":"summary_large_image","twitter_misc":{"Escrito por":"lbarriocanal","Tiempo de lectura":"2 minutos"},"schema":{"@context":"https:\/\/schema.org","@graph":[{"@type":"Article","@id":"https:\/\/orientaeduc.com\/archivo\/educacion\/el-congreso-aprueba-la-loe#article","isPartOf":{"@id":"https:\/\/orientaeduc.com\/archivo\/educacion\/el-congreso-aprueba-la-loe"},"author":{"name":"lbarriocanal","@id":"https:\/\/orientaeduc.com\/archivo\/#\/schema\/person\/ca93077e3b8d4a14ff357012e2e9a41d"},"headline":"El Congreso aprueba la LOE","datePublished":"2006-04-07T07:33:26+00:00","dateModified":"2020-04-07T21:58:17+00:00","mainEntityOfPage":{"@id":"https:\/\/orientaeduc.com\/archivo\/educacion\/el-congreso-aprueba-la-loe"},"wordCount":393,"commentCount":0,"publisher":{"@id":"https:\/\/orientaeduc.com\/archivo\/#organization"},"articleSection":["Educaci\u00f3n"],"inLanguage":"es","potentialAction":[{"@type":"CommentAction","name":"Comment","target":["https:\/\/orientaeduc.com\/archivo\/educacion\/el-congreso-aprueba-la-loe#respond"]}]},{"@type":"WebPage","@id":"https:\/\/orientaeduc.com\/archivo\/educacion\/el-congreso-aprueba-la-loe","url":"https:\/\/orientaeduc.com\/archivo\/educacion\/el-congreso-aprueba-la-loe","name":"El Congreso aprueba la LOE - Orientaeduc","isPartOf":{"@id":"https:\/\/orientaeduc.com\/archivo\/#website"},"datePublished":"2006-04-07T07:33:26+00:00","dateModified":"2020-04-07T21:58:17+00:00","breadcrumb":{"@id":"https:\/\/orientaeduc.com\/archivo\/educacion\/el-congreso-aprueba-la-loe#breadcrumb"},"inLanguage":"es","potentialAction":[{"@type":"ReadAction","target":["https:\/\/orientaeduc.com\/archivo\/educacion\/el-congreso-aprueba-la-loe"]}]},{"@type":"BreadcrumbList","@id":"https:\/\/orientaeduc.com\/archivo\/educacion\/el-congreso-aprueba-la-loe#breadcrumb","itemListElement":[{"@type":"ListItem","position":1,"name":"Portada","item":"https:\/\/orientaeduc.com\/archivo"},{"@type":"ListItem","position":2,"name":"El Congreso aprueba la LOE"}]},{"@type":"WebSite","@id":"https:\/\/orientaeduc.com\/archivo\/#website","url":"https:\/\/orientaeduc.com\/archivo\/","name":"Orientaeduc","description":"Recursos para la Orientaci\u00f3n Educativa","publisher":{"@id":"https:\/\/orientaeduc.com\/archivo\/#organization"},"potentialAction":[{"@type":"SearchAction","target":{"@type":"EntryPoint","urlTemplate":"https:\/\/orientaeduc.com\/archivo\/?s={search_term_string}"},"query-input":{"@type":"PropertyValueSpecification","valueRequired":true,"valueName":"search_term_string"}}],"inLanguage":"es"},{"@type":"Organization","@id":"https:\/\/orientaeduc.com\/archivo\/#organization","name":"Orientaeduc.com","url":"https:\/\/orientaeduc.com\/archivo\/","logo":{"@type":"ImageObject","inLanguage":"es","@id":"https:\/\/orientaeduc.com\/archivo\/#\/schema\/logo\/image\/","url":"https:\/\/orientaeduc.com\/archivo\/wp-content\/uploads\/sites\/2\/2020\/04\/orientaeduc_logo.png","contentUrl":"https:\/\/orientaeduc.com\/archivo\/wp-content\/uploads\/sites\/2\/2020\/04\/orientaeduc_logo.png","width":293,"height":76,"caption":"Orientaeduc.com"},"image":{"@id":"https:\/\/orientaeduc.com\/archivo\/#\/schema\/logo\/image\/"}},{"@type":"Person","@id":"https:\/\/orientaeduc.com\/archivo\/#\/schema\/person\/ca93077e3b8d4a14ff357012e2e9a41d","name":"lbarriocanal","image":{"@type":"ImageObject","inLanguage":"es","@id":"https:\/\/secure.gravatar.com\/avatar\/1f6884c182c7dd4f0f5329225cdf4f117f103647fc99811ff87bd059d99aae38?s=96&d=mm&r=g","url":"https:\/\/secure.gravatar.com\/avatar\/1f6884c182c7dd4f0f5329225cdf4f117f103647fc99811ff87bd059d99aae38?s=96&d=mm&r=g","contentUrl":"https:\/\/secure.gravatar.com\/avatar\/1f6884c182c7dd4f0f5329225cdf4f117f103647fc99811ff87bd059d99aae38?s=96&d=mm&r=g","caption":"lbarriocanal"},"sameAs":["https:\/\/www.facebook.com\/lbarriocanal","https:\/\/www.youtube.com\/user\/lbarriocanal\/"]}]}},"_links":{"self":[{"href":"https:\/\/orientaeduc.com\/archivo\/wp-json\/wp\/v2\/posts\/1415","targetHints":{"allow":["GET"]}}],"collection":[{"href":"https:\/\/orientaeduc.com\/archivo\/wp-json\/wp\/v2\/posts"}],"about":[{"href":"https:\/\/orientaeduc.com\/archivo\/wp-json\/wp\/v2\/types\/post"}],"author":[{"embeddable":true,"href":"https:\/\/orientaeduc.com\/archivo\/wp-json\/wp\/v2\/users\/4"}],"replies":[{"embeddable":true,"href":"https:\/\/orientaeduc.com\/archivo\/wp-json\/wp\/v2\/comments?post=1415"}],"version-history":[{"count":0,"href":"https:\/\/orientaeduc.com\/archivo\/wp-json\/wp\/v2\/posts\/1415\/revisions"}],"wp:attachment":[{"href":"https:\/\/orientaeduc.com\/archivo\/wp-json\/wp\/v2\/media?parent=1415"}],"wp:term":[{"taxonomy":"category","embeddable":true,"href":"https:\/\/orientaeduc.com\/archivo\/wp-json\/wp\/v2\/categories?post=1415"},{"taxonomy":"post_tag","embeddable":true,"href":"https:\/\/orientaeduc.com\/archivo\/wp-json\/wp\/v2\/tags?post=1415"}],"curies":[{"name":"wp","href":"https:\/\/api.w.org\/{rel}","templated":true}]}}