{"id":1420,"date":"2006-04-25T12:52:54","date_gmt":"2006-04-25T12:52:54","guid":{"rendered":"https:\/\/orientaeduc.com\/archivo\/2006\/04\/25\/todos-los-ninos-y-ninas-necesitan-profes\/"},"modified":"2020-04-07T21:58:17","modified_gmt":"2020-04-07T21:58:17","slug":"todos-los-ninos-y-ninas-necesitan-profes","status":"publish","type":"post","link":"https:\/\/orientaeduc.com\/archivo\/educacion\/todos-los-ninos-y-ninas-necesitan-profes","title":{"rendered":"Todos los ni\u00f1os y ni\u00f1as necesitan profes"},"content":{"rendered":"<p><span class=\"p\"><img decoding=\"async\" vspace=\"4\" hspace=\"4\" border=\"0\" align=\"left\" alt=\"Poster promocional de la campa\u00f1a \" src=\"http:\/\/www.canalsolidario.org\/web\/fotos\/fotos_noticias\/noticia_7625.jpg\" \/> <br \/> \t\t\t\t\t<\/span><\/p>\n<div align=\"left\">Durante estos d\u00edas, del 24 al 30 de abril, millones                        de personas se movilizar\u00e1n en 115 pa\u00edses por                        una sola causa: que todos los ni&ntilde;os y ni&ntilde;as                        del mundo puedan tener profes. <span class=\"p\">Con esta iniciativa, las ONGD, sindicatos y movimientos sociales, reunidos en la <a target=\"_new\" href=\"http:\/\/www.cme-espana.org\/\" rel=\"noopener noreferrer\">Campa&ntilde;a Mundial por la Educaci\u00f3n<\/a>, est\u00e1n exigiendo que los pol\u00edticos y representantes oficiales cumplan los compromisos asumidos<\/span>. <\/div>\n<p> <!--more--> <\/p>\n<div align=\"left\"><span class=\"p\"> Bajo el eslogan &#8216;Todos los ni&ntilde;os y ni&ntilde;as necesitan profes&#8217;, la Semana de Acci\u00f3n quiere hacer un llamamiento sobre la necesidad de garantizar que los menores no s\u00f3lo puedan ir a la escuela, sino que tengan un <strong>docente cualificado<\/strong> en una clase que no supere los 40 estudiantes.<\/p>\n<p><\/span><span class=\"p\">Si eres profesor\/a o trabajas en un centro educativo, puedes <a target=\"_new\" href=\"http:\/\/www.cme-espana.org\/contact.html\" rel=\"noopener noreferrer\">participar<\/a>, junto con tus alumnos, en la creaci\u00f3n de un dossier titulado &quot;El caso de los profes&quot; con alguno de los siguientes temas:<\/span><br \/><span class=\"p\"> &gt;Necesitamos un profe porque&#8230; <\/span><br \/><span class=\"p\"> &gt;Env\u00eden un profe a mi amigo\/a, mi amigo\/a no tiene un profe porque&#8230;<\/span><br \/><span class=\"p\">  &gt;Los profes son indispensables para una educaci\u00f3n de calidad para todos y todas, porque&#8230; <\/span><\/p>\n<p><span class=\"p\"> Tambi\u00e9n puedes <a target=\"_new\" href=\"http:\/\/www.cme-espana.org\/doc2006\/marzo\/UnidadDidactica.pdf\" rel=\"noopener noreferrer\">descargar<\/a> el material de la Unidad Did\u00e1ctica de la Semana de Acci\u00f3n Mundial 2006 para usarlo con informaci\u00f3n sobre las causas que impiden a muchos ni&ntilde;os y ni&ntilde;as acceder a la escuela y la realidad del profesorado. <\/span><\/p>\n<p><span class=\"p\">  <strong>M\u00e1s informaci\u00f3n:<\/strong><\/span><\/p>\n<ul>\n<li><span class=\"p\"> <a target=\"new\" href=\"http:\/\/www.cme-espana.org\/action.html\" rel=\"noopener noreferrer\">Sitio web de la Semana de Acci\u00f3n por la Educaci\u00f3n.<\/a><\/span><\/li>\n<li><a href=\"http:\/\/www.canalsolidario.org\/web\/noticias\/noticia\/?id_noticia=7625\" target=\"_blank\" rel=\"noopener noreferrer\">Canalsolidario.org<\/a><\/li>\n<\/ul>\n<p><\/div>\n","protected":false},"excerpt":{"rendered":"<p>Durante estos d\u00edas, del 24 al 30 de abril, millones de personas se movilizar\u00e1n en 115 pa\u00edses por una sola causa: que todos los ni&ntilde;os y ni&ntilde;as del mundo puedan tener profes. Con esta iniciativa, las ONGD, sindicatos y movimientos sociales, reunidos en la Campa&ntilde;a Mundial por la Educaci\u00f3n, est\u00e1n exigiendo que los pol\u00edticos y [&hellip;]<\/p>\n","protected":false},"author":4,"featured_media":0,"comment_status":"open","ping_status":"open","sticky":false,"template":"","format":"standard","meta":{"_et_pb_use_builder":"","_et_pb_old_content":"","_et_gb_content_width":"","footnotes":""},"categories":[50],"tags":[],"class_list":["post-1420","post","type-post","status-publish","format-standard","hentry","category-educacion","et-doesnt-have-format-content","et_post_format-et-post-format-standard"],"yoast_head":"<!-- This site is optimized with the Yoast SEO plugin v27.4 - https:\/\/yoast.com\/product\/yoast-seo-wordpress\/ -->\n<title>Todos los ni\u00f1os y ni\u00f1as necesitan profes - Orientaeduc<\/title>\n<meta name=\"robots\" content=\"index, follow, max-snippet:-1, max-image-preview:large, max-video-preview:-1\" \/>\n<link rel=\"canonical\" href=\"https:\/\/orientaeduc.com\/archivo\/educacion\/todos-los-ninos-y-ninas-necesitan-profes\" \/>\n<meta property=\"og:locale\" content=\"es_ES\" \/>\n<meta property=\"og:type\" content=\"article\" \/>\n<meta property=\"og:title\" content=\"Todos los ni\u00f1os y ni\u00f1as necesitan profes - Orientaeduc\" \/>\n<meta property=\"og:description\" content=\"Durante estos d\u00edas, del 24 al 30 de abril, millones de personas se movilizar\u00e1n en 115 pa\u00edses por una sola causa: que todos los ni&ntilde;os y ni&ntilde;as del mundo puedan tener profes. Con esta iniciativa, las ONGD, sindicatos y movimientos sociales, reunidos en la Campa&ntilde;a Mundial por la Educaci\u00f3n, est\u00e1n exigiendo que los pol\u00edticos y [&hellip;]\" \/>\n<meta property=\"og:url\" content=\"https:\/\/orientaeduc.com\/archivo\/educacion\/todos-los-ninos-y-ninas-necesitan-profes\" \/>\n<meta property=\"og:site_name\" content=\"Orientaeduc\" \/>\n<meta property=\"article:author\" content=\"https:\/\/www.facebook.com\/lbarriocanal\" \/>\n<meta property=\"article:published_time\" content=\"2006-04-25T12:52:54+00:00\" \/>\n<meta property=\"article:modified_time\" content=\"2020-04-07T21:58:17+00:00\" \/>\n<meta property=\"og:image\" content=\"http:\/\/www.canalsolidario.org\/web\/fotos\/fotos_noticias\/noticia_7625.jpg\" \/>\n<meta name=\"author\" content=\"lbarriocanal\" \/>\n<meta name=\"twitter:card\" content=\"summary_large_image\" \/>\n<meta name=\"twitter:label1\" content=\"Escrito por\" \/>\n\t<meta name=\"twitter:data1\" content=\"lbarriocanal\" \/>\n\t<meta name=\"twitter:label2\" content=\"Tiempo de lectura\" \/>\n\t<meta name=\"twitter:data2\" content=\"1 minuto\" \/>\n<script type=\"application\/ld+json\" class=\"yoast-schema-graph\">{\"@context\":\"https:\\\/\\\/schema.org\",\"@graph\":[{\"@type\":\"Article\",\"@id\":\"https:\\\/\\\/orientaeduc.com\\\/archivo\\\/educacion\\\/todos-los-ninos-y-ninas-necesitan-profes#article\",\"isPartOf\":{\"@id\":\"https:\\\/\\\/orientaeduc.com\\\/archivo\\\/educacion\\\/todos-los-ninos-y-ninas-necesitan-profes\"},\"author\":{\"name\":\"lbarriocanal\",\"@id\":\"https:\\\/\\\/orientaeduc.com\\\/archivo\\\/#\\\/schema\\\/person\\\/ca93077e3b8d4a14ff357012e2e9a41d\"},\"headline\":\"Todos los ni\u00f1os y ni\u00f1as necesitan profes\",\"datePublished\":\"2006-04-25T12:52:54+00:00\",\"dateModified\":\"2020-04-07T21:58:17+00:00\",\"mainEntityOfPage\":{\"@id\":\"https:\\\/\\\/orientaeduc.com\\\/archivo\\\/educacion\\\/todos-los-ninos-y-ninas-necesitan-profes\"},\"wordCount\":271,\"commentCount\":0,\"publisher\":{\"@id\":\"https:\\\/\\\/orientaeduc.com\\\/archivo\\\/#organization\"},\"image\":{\"@id\":\"https:\\\/\\\/orientaeduc.com\\\/archivo\\\/educacion\\\/todos-los-ninos-y-ninas-necesitan-profes#primaryimage\"},\"thumbnailUrl\":\"http:\\\/\\\/www.canalsolidario.org\\\/web\\\/fotos\\\/fotos_noticias\\\/noticia_7625.jpg\",\"articleSection\":[\"Educaci\u00f3n\"],\"inLanguage\":\"es\",\"potentialAction\":[{\"@type\":\"CommentAction\",\"name\":\"Comment\",\"target\":[\"https:\\\/\\\/orientaeduc.com\\\/archivo\\\/educacion\\\/todos-los-ninos-y-ninas-necesitan-profes#respond\"]}]},{\"@type\":\"WebPage\",\"@id\":\"https:\\\/\\\/orientaeduc.com\\\/archivo\\\/educacion\\\/todos-los-ninos-y-ninas-necesitan-profes\",\"url\":\"https:\\\/\\\/orientaeduc.com\\\/archivo\\\/educacion\\\/todos-los-ninos-y-ninas-necesitan-profes\",\"name\":\"Todos los ni\u00f1os y ni\u00f1as necesitan profes - Orientaeduc\",\"isPartOf\":{\"@id\":\"https:\\\/\\\/orientaeduc.com\\\/archivo\\\/#website\"},\"primaryImageOfPage\":{\"@id\":\"https:\\\/\\\/orientaeduc.com\\\/archivo\\\/educacion\\\/todos-los-ninos-y-ninas-necesitan-profes#primaryimage\"},\"image\":{\"@id\":\"https:\\\/\\\/orientaeduc.com\\\/archivo\\\/educacion\\\/todos-los-ninos-y-ninas-necesitan-profes#primaryimage\"},\"thumbnailUrl\":\"http:\\\/\\\/www.canalsolidario.org\\\/web\\\/fotos\\\/fotos_noticias\\\/noticia_7625.jpg\",\"datePublished\":\"2006-04-25T12:52:54+00:00\",\"dateModified\":\"2020-04-07T21:58:17+00:00\",\"breadcrumb\":{\"@id\":\"https:\\\/\\\/orientaeduc.com\\\/archivo\\\/educacion\\\/todos-los-ninos-y-ninas-necesitan-profes#breadcrumb\"},\"inLanguage\":\"es\",\"potentialAction\":[{\"@type\":\"ReadAction\",\"target\":[\"https:\\\/\\\/orientaeduc.com\\\/archivo\\\/educacion\\\/todos-los-ninos-y-ninas-necesitan-profes\"]}]},{\"@type\":\"ImageObject\",\"inLanguage\":\"es\",\"@id\":\"https:\\\/\\\/orientaeduc.com\\\/archivo\\\/educacion\\\/todos-los-ninos-y-ninas-necesitan-profes#primaryimage\",\"url\":\"http:\\\/\\\/www.canalsolidario.org\\\/web\\\/fotos\\\/fotos_noticias\\\/noticia_7625.jpg\",\"contentUrl\":\"http:\\\/\\\/www.canalsolidario.org\\\/web\\\/fotos\\\/fotos_noticias\\\/noticia_7625.jpg\"},{\"@type\":\"BreadcrumbList\",\"@id\":\"https:\\\/\\\/orientaeduc.com\\\/archivo\\\/educacion\\\/todos-los-ninos-y-ninas-necesitan-profes#breadcrumb\",\"itemListElement\":[{\"@type\":\"ListItem\",\"position\":1,\"name\":\"Portada\",\"item\":\"https:\\\/\\\/orientaeduc.com\\\/archivo\"},{\"@type\":\"ListItem\",\"position\":2,\"name\":\"Todos los ni\u00f1os y ni\u00f1as necesitan profes\"}]},{\"@type\":\"WebSite\",\"@id\":\"https:\\\/\\\/orientaeduc.com\\\/archivo\\\/#website\",\"url\":\"https:\\\/\\\/orientaeduc.com\\\/archivo\\\/\",\"name\":\"Orientaeduc\",\"description\":\"Recursos para la Orientaci\u00f3n Educativa\",\"publisher\":{\"@id\":\"https:\\\/\\\/orientaeduc.com\\\/archivo\\\/#organization\"},\"potentialAction\":[{\"@type\":\"SearchAction\",\"target\":{\"@type\":\"EntryPoint\",\"urlTemplate\":\"https:\\\/\\\/orientaeduc.com\\\/archivo\\\/?s={search_term_string}\"},\"query-input\":{\"@type\":\"PropertyValueSpecification\",\"valueRequired\":true,\"valueName\":\"search_term_string\"}}],\"inLanguage\":\"es\"},{\"@type\":\"Organization\",\"@id\":\"https:\\\/\\\/orientaeduc.com\\\/archivo\\\/#organization\",\"name\":\"Orientaeduc.com\",\"url\":\"https:\\\/\\\/orientaeduc.com\\\/archivo\\\/\",\"logo\":{\"@type\":\"ImageObject\",\"inLanguage\":\"es\",\"@id\":\"https:\\\/\\\/orientaeduc.com\\\/archivo\\\/#\\\/schema\\\/logo\\\/image\\\/\",\"url\":\"https:\\\/\\\/orientaeduc.com\\\/archivo\\\/wp-content\\\/uploads\\\/sites\\\/2\\\/2020\\\/04\\\/orientaeduc_logo.png\",\"contentUrl\":\"https:\\\/\\\/orientaeduc.com\\\/archivo\\\/wp-content\\\/uploads\\\/sites\\\/2\\\/2020\\\/04\\\/orientaeduc_logo.png\",\"width\":293,\"height\":76,\"caption\":\"Orientaeduc.com\"},\"image\":{\"@id\":\"https:\\\/\\\/orientaeduc.com\\\/archivo\\\/#\\\/schema\\\/logo\\\/image\\\/\"}},{\"@type\":\"Person\",\"@id\":\"https:\\\/\\\/orientaeduc.com\\\/archivo\\\/#\\\/schema\\\/person\\\/ca93077e3b8d4a14ff357012e2e9a41d\",\"name\":\"lbarriocanal\",\"image\":{\"@type\":\"ImageObject\",\"inLanguage\":\"es\",\"@id\":\"https:\\\/\\\/secure.gravatar.com\\\/avatar\\\/1f6884c182c7dd4f0f5329225cdf4f117f103647fc99811ff87bd059d99aae38?s=96&d=mm&r=g\",\"url\":\"https:\\\/\\\/secure.gravatar.com\\\/avatar\\\/1f6884c182c7dd4f0f5329225cdf4f117f103647fc99811ff87bd059d99aae38?s=96&d=mm&r=g\",\"contentUrl\":\"https:\\\/\\\/secure.gravatar.com\\\/avatar\\\/1f6884c182c7dd4f0f5329225cdf4f117f103647fc99811ff87bd059d99aae38?s=96&d=mm&r=g\",\"caption\":\"lbarriocanal\"},\"sameAs\":[\"https:\\\/\\\/www.facebook.com\\\/lbarriocanal\",\"https:\\\/\\\/www.youtube.com\\\/user\\\/lbarriocanal\\\/\"]}]}<\/script>\n<!-- \/ Yoast SEO plugin. -->","yoast_head_json":{"title":"Todos los ni\u00f1os y ni\u00f1as necesitan profes - Orientaeduc","robots":{"index":"index","follow":"follow","max-snippet":"max-snippet:-1","max-image-preview":"max-image-preview:large","max-video-preview":"max-video-preview:-1"},"canonical":"https:\/\/orientaeduc.com\/archivo\/educacion\/todos-los-ninos-y-ninas-necesitan-profes","og_locale":"es_ES","og_type":"article","og_title":"Todos los ni\u00f1os y ni\u00f1as necesitan profes - Orientaeduc","og_description":"Durante estos d\u00edas, del 24 al 30 de abril, millones de personas se movilizar\u00e1n en 115 pa\u00edses por una sola causa: que todos los ni&ntilde;os y ni&ntilde;as del mundo puedan tener profes. Con esta iniciativa, las ONGD, sindicatos y movimientos sociales, reunidos en la Campa&ntilde;a Mundial por la Educaci\u00f3n, est\u00e1n exigiendo que los pol\u00edticos y [&hellip;]","og_url":"https:\/\/orientaeduc.com\/archivo\/educacion\/todos-los-ninos-y-ninas-necesitan-profes","og_site_name":"Orientaeduc","article_author":"https:\/\/www.facebook.com\/lbarriocanal","article_published_time":"2006-04-25T12:52:54+00:00","article_modified_time":"2020-04-07T21:58:17+00:00","og_image":[{"url":"http:\/\/www.canalsolidario.org\/web\/fotos\/fotos_noticias\/noticia_7625.jpg","type":"","width":"","height":""}],"author":"lbarriocanal","twitter_card":"summary_large_image","twitter_misc":{"Escrito por":"lbarriocanal","Tiempo de lectura":"1 minuto"},"schema":{"@context":"https:\/\/schema.org","@graph":[{"@type":"Article","@id":"https:\/\/orientaeduc.com\/archivo\/educacion\/todos-los-ninos-y-ninas-necesitan-profes#article","isPartOf":{"@id":"https:\/\/orientaeduc.com\/archivo\/educacion\/todos-los-ninos-y-ninas-necesitan-profes"},"author":{"name":"lbarriocanal","@id":"https:\/\/orientaeduc.com\/archivo\/#\/schema\/person\/ca93077e3b8d4a14ff357012e2e9a41d"},"headline":"Todos los ni\u00f1os y ni\u00f1as necesitan profes","datePublished":"2006-04-25T12:52:54+00:00","dateModified":"2020-04-07T21:58:17+00:00","mainEntityOfPage":{"@id":"https:\/\/orientaeduc.com\/archivo\/educacion\/todos-los-ninos-y-ninas-necesitan-profes"},"wordCount":271,"commentCount":0,"publisher":{"@id":"https:\/\/orientaeduc.com\/archivo\/#organization"},"image":{"@id":"https:\/\/orientaeduc.com\/archivo\/educacion\/todos-los-ninos-y-ninas-necesitan-profes#primaryimage"},"thumbnailUrl":"http:\/\/www.canalsolidario.org\/web\/fotos\/fotos_noticias\/noticia_7625.jpg","articleSection":["Educaci\u00f3n"],"inLanguage":"es","potentialAction":[{"@type":"CommentAction","name":"Comment","target":["https:\/\/orientaeduc.com\/archivo\/educacion\/todos-los-ninos-y-ninas-necesitan-profes#respond"]}]},{"@type":"WebPage","@id":"https:\/\/orientaeduc.com\/archivo\/educacion\/todos-los-ninos-y-ninas-necesitan-profes","url":"https:\/\/orientaeduc.com\/archivo\/educacion\/todos-los-ninos-y-ninas-necesitan-profes","name":"Todos los ni\u00f1os y ni\u00f1as necesitan profes - Orientaeduc","isPartOf":{"@id":"https:\/\/orientaeduc.com\/archivo\/#website"},"primaryImageOfPage":{"@id":"https:\/\/orientaeduc.com\/archivo\/educacion\/todos-los-ninos-y-ninas-necesitan-profes#primaryimage"},"image":{"@id":"https:\/\/orientaeduc.com\/archivo\/educacion\/todos-los-ninos-y-ninas-necesitan-profes#primaryimage"},"thumbnailUrl":"http:\/\/www.canalsolidario.org\/web\/fotos\/fotos_noticias\/noticia_7625.jpg","datePublished":"2006-04-25T12:52:54+00:00","dateModified":"2020-04-07T21:58:17+00:00","breadcrumb":{"@id":"https:\/\/orientaeduc.com\/archivo\/educacion\/todos-los-ninos-y-ninas-necesitan-profes#breadcrumb"},"inLanguage":"es","potentialAction":[{"@type":"ReadAction","target":["https:\/\/orientaeduc.com\/archivo\/educacion\/todos-los-ninos-y-ninas-necesitan-profes"]}]},{"@type":"ImageObject","inLanguage":"es","@id":"https:\/\/orientaeduc.com\/archivo\/educacion\/todos-los-ninos-y-ninas-necesitan-profes#primaryimage","url":"http:\/\/www.canalsolidario.org\/web\/fotos\/fotos_noticias\/noticia_7625.jpg","contentUrl":"http:\/\/www.canalsolidario.org\/web\/fotos\/fotos_noticias\/noticia_7625.jpg"},{"@type":"BreadcrumbList","@id":"https:\/\/orientaeduc.com\/archivo\/educacion\/todos-los-ninos-y-ninas-necesitan-profes#breadcrumb","itemListElement":[{"@type":"ListItem","position":1,"name":"Portada","item":"https:\/\/orientaeduc.com\/archivo"},{"@type":"ListItem","position":2,"name":"Todos los ni\u00f1os y ni\u00f1as necesitan profes"}]},{"@type":"WebSite","@id":"https:\/\/orientaeduc.com\/archivo\/#website","url":"https:\/\/orientaeduc.com\/archivo\/","name":"Orientaeduc","description":"Recursos para la Orientaci\u00f3n Educativa","publisher":{"@id":"https:\/\/orientaeduc.com\/archivo\/#organization"},"potentialAction":[{"@type":"SearchAction","target":{"@type":"EntryPoint","urlTemplate":"https:\/\/orientaeduc.com\/archivo\/?s={search_term_string}"},"query-input":{"@type":"PropertyValueSpecification","valueRequired":true,"valueName":"search_term_string"}}],"inLanguage":"es"},{"@type":"Organization","@id":"https:\/\/orientaeduc.com\/archivo\/#organization","name":"Orientaeduc.com","url":"https:\/\/orientaeduc.com\/archivo\/","logo":{"@type":"ImageObject","inLanguage":"es","@id":"https:\/\/orientaeduc.com\/archivo\/#\/schema\/logo\/image\/","url":"https:\/\/orientaeduc.com\/archivo\/wp-content\/uploads\/sites\/2\/2020\/04\/orientaeduc_logo.png","contentUrl":"https:\/\/orientaeduc.com\/archivo\/wp-content\/uploads\/sites\/2\/2020\/04\/orientaeduc_logo.png","width":293,"height":76,"caption":"Orientaeduc.com"},"image":{"@id":"https:\/\/orientaeduc.com\/archivo\/#\/schema\/logo\/image\/"}},{"@type":"Person","@id":"https:\/\/orientaeduc.com\/archivo\/#\/schema\/person\/ca93077e3b8d4a14ff357012e2e9a41d","name":"lbarriocanal","image":{"@type":"ImageObject","inLanguage":"es","@id":"https:\/\/secure.gravatar.com\/avatar\/1f6884c182c7dd4f0f5329225cdf4f117f103647fc99811ff87bd059d99aae38?s=96&d=mm&r=g","url":"https:\/\/secure.gravatar.com\/avatar\/1f6884c182c7dd4f0f5329225cdf4f117f103647fc99811ff87bd059d99aae38?s=96&d=mm&r=g","contentUrl":"https:\/\/secure.gravatar.com\/avatar\/1f6884c182c7dd4f0f5329225cdf4f117f103647fc99811ff87bd059d99aae38?s=96&d=mm&r=g","caption":"lbarriocanal"},"sameAs":["https:\/\/www.facebook.com\/lbarriocanal","https:\/\/www.youtube.com\/user\/lbarriocanal\/"]}]}},"_links":{"self":[{"href":"https:\/\/orientaeduc.com\/archivo\/wp-json\/wp\/v2\/posts\/1420","targetHints":{"allow":["GET"]}}],"collection":[{"href":"https:\/\/orientaeduc.com\/archivo\/wp-json\/wp\/v2\/posts"}],"about":[{"href":"https:\/\/orientaeduc.com\/archivo\/wp-json\/wp\/v2\/types\/post"}],"author":[{"embeddable":true,"href":"https:\/\/orientaeduc.com\/archivo\/wp-json\/wp\/v2\/users\/4"}],"replies":[{"embeddable":true,"href":"https:\/\/orientaeduc.com\/archivo\/wp-json\/wp\/v2\/comments?post=1420"}],"version-history":[{"count":0,"href":"https:\/\/orientaeduc.com\/archivo\/wp-json\/wp\/v2\/posts\/1420\/revisions"}],"wp:attachment":[{"href":"https:\/\/orientaeduc.com\/archivo\/wp-json\/wp\/v2\/media?parent=1420"}],"wp:term":[{"taxonomy":"category","embeddable":true,"href":"https:\/\/orientaeduc.com\/archivo\/wp-json\/wp\/v2\/categories?post=1420"},{"taxonomy":"post_tag","embeddable":true,"href":"https:\/\/orientaeduc.com\/archivo\/wp-json\/wp\/v2\/tags?post=1420"}],"curies":[{"name":"wp","href":"https:\/\/api.w.org\/{rel}","templated":true}]}}