{"id":1421,"date":"2006-05-10T07:11:27","date_gmt":"2006-05-10T07:11:27","guid":{"rendered":"https:\/\/orientaeduc.com\/archivo\/2006\/05\/10\/desigualdades-de-la-educacion-en-espana\/"},"modified":"2020-04-07T21:58:17","modified_gmt":"2020-04-07T21:58:17","slug":"desigualdades-de-la-educacion-en-espana","status":"publish","type":"post","link":"https:\/\/orientaeduc.com\/archivo\/educacion\/desigualdades-de-la-educacion-en-espana","title":{"rendered":"Desigualdades de la educaci\u00f3n en Espa\u00f1a"},"content":{"rendered":"<p align=\"left\">Un reciente estudio de la <a target=\"_blank\" href=\"\" rel=\"noopener noreferrer\">Fundaci\u00f3n Alternativas <\/a>revela que el 72% de los hijos de obreros no contin\u00faa estudiando despu\u00e9s de la E.S.O.<\/p>\n<p align=\"left\"> Como el propio t\u00edtulo del informe indica, son nuevas evidencias de un fen\u00f3meno bien documentado por la sociolog\u00eda de la educaci\u00f3n: la <strong>teor\u00eda de la reproducci\u00f3n<\/strong>.<\/p>\n<p>  <!--more--> <\/p>\n<div align=\"left\">Los medios econ\u00f3micos y el nivel de estudios de los progenitores -en definitiva, la case social- son un determinante primordial del logro escolar. El destino social de los individuos est\u00e1 condicionado por su origen y en la reproducci\u00f3n de las clases sociales tambi\u00e9n interviene la escuela.<\/p>\n<p>Aunque las desigualdades educativas han disminuido en los \u00faltimos a&ntilde;os, a\u00fan son necesarias transformaciones importantes en el sistema educativo en favor de una mayor equidad a trav\u00e9s de una ense&ntilde;anza m\u00e1s inclusiva, de un curr\u00edculum menos sesgado culturalmente y de medidas compensatorias.<\/p>\n<p>Con el resurgir del pedagog\u00eda de la exclusi\u00f3n que hemos presenciado en estos \u00faltimos a&ntilde;os no parece que vayamos en la direcci\u00f3n deseada.<\/p>\n<p>Para saber m\u00e1s<\/div>\n<p><\/p>\n<div align=\"left\">\n<ul>\n<li>Fundaci\u00f3n Alternativas: \t<a href=\"http:\/\/www.falternativas.org\/base\/download\/8c9e_23-03-06_resumen83.pdf\"> \tDesigualdades tras la educaci\u00f3n obligatoria: nuevas evidencias<\/a><\/li>\n<li><span class=\"titulo\">MEC: <a target=\"_blank\" href=\"http:\/\/www.mec.es\/cide\/espanol\/publicaciones\/estudios\/inv2000dee2\/inv2000dee2.html\" rel=\"noopener noreferrer\">Las desigualdades de la educaci\u00f3n en Espa&ntilde;a<\/a><\/span><\/li>\n<li><span class=\"titulo\">Fern\u00e1ndez Enguita, M. : <\/span><a href=\"http:\/\/www3.usal.es\/%7Emfe\/enguita\/Textos\/Recientes\/Desigualdades%20ante%20la%20educaci%F3n%20-%20Una%20herida%20que%20no%20cierra.pdf\" target=\"_blank\" rel=\"noopener noreferrer\">Desigualdades            ante la educaci\u00f3n. Una herida que no cierra<\/a>.<\/li>\n<\/ul>\n<p><\/div>\n","protected":false},"excerpt":{"rendered":"<p>Un reciente estudio de la Fundaci\u00f3n Alternativas revela que el 72% de los hijos de obreros no contin\u00faa estudiando despu\u00e9s de la E.S.O. Como el propio t\u00edtulo del informe indica, son nuevas evidencias de un fen\u00f3meno bien documentado por la sociolog\u00eda de la educaci\u00f3n: la teor\u00eda de la reproducci\u00f3n.<\/p>\n","protected":false},"author":4,"featured_media":0,"comment_status":"open","ping_status":"open","sticky":false,"template":"","format":"standard","meta":{"_et_pb_use_builder":"","_et_pb_old_content":"","_et_gb_content_width":"","footnotes":""},"categories":[50],"tags":[],"class_list":["post-1421","post","type-post","status-publish","format-standard","hentry","category-educacion","et-doesnt-have-format-content","et_post_format-et-post-format-standard"],"yoast_head":"<!-- This site is optimized with the Yoast SEO plugin v27.4 - https:\/\/yoast.com\/product\/yoast-seo-wordpress\/ -->\n<title>Desigualdades de la educaci\u00f3n en Espa\u00f1a - Orientaeduc<\/title>\n<meta name=\"robots\" content=\"index, follow, max-snippet:-1, max-image-preview:large, max-video-preview:-1\" \/>\n<link rel=\"canonical\" href=\"https:\/\/orientaeduc.com\/archivo\/educacion\/desigualdades-de-la-educacion-en-espana\" \/>\n<meta property=\"og:locale\" content=\"es_ES\" \/>\n<meta property=\"og:type\" content=\"article\" \/>\n<meta property=\"og:title\" content=\"Desigualdades de la educaci\u00f3n en Espa\u00f1a - Orientaeduc\" \/>\n<meta property=\"og:description\" content=\"Un reciente estudio de la Fundaci\u00f3n Alternativas revela que el 72% de los hijos de obreros no contin\u00faa estudiando despu\u00e9s de la E.S.O. Como el propio t\u00edtulo del informe indica, son nuevas evidencias de un fen\u00f3meno bien documentado por la sociolog\u00eda de la educaci\u00f3n: la teor\u00eda de la reproducci\u00f3n.\" \/>\n<meta property=\"og:url\" content=\"https:\/\/orientaeduc.com\/archivo\/educacion\/desigualdades-de-la-educacion-en-espana\" \/>\n<meta property=\"og:site_name\" content=\"Orientaeduc\" \/>\n<meta property=\"article:author\" content=\"https:\/\/www.facebook.com\/lbarriocanal\" \/>\n<meta property=\"article:published_time\" content=\"2006-05-10T07:11:27+00:00\" \/>\n<meta property=\"article:modified_time\" content=\"2020-04-07T21:58:17+00:00\" \/>\n<meta property=\"og:image\" content=\"https:\/\/storage.googleapis.com\/orientaeduc\/2020\/09\/orientaeduc-orienta-image.jpg\" \/>\n\t<meta property=\"og:image:width\" content=\"978\" \/>\n\t<meta property=\"og:image:height\" content=\"684\" \/>\n\t<meta property=\"og:image:type\" content=\"image\/jpeg\" \/>\n<meta name=\"author\" content=\"lbarriocanal\" \/>\n<meta name=\"twitter:card\" content=\"summary_large_image\" \/>\n<meta name=\"twitter:label1\" content=\"Escrito por\" \/>\n\t<meta name=\"twitter:data1\" content=\"lbarriocanal\" \/>\n\t<meta name=\"twitter:label2\" content=\"Tiempo de lectura\" \/>\n\t<meta name=\"twitter:data2\" content=\"1 minuto\" \/>\n<script type=\"application\/ld+json\" class=\"yoast-schema-graph\">{\"@context\":\"https:\\\/\\\/schema.org\",\"@graph\":[{\"@type\":\"Article\",\"@id\":\"https:\\\/\\\/orientaeduc.com\\\/archivo\\\/educacion\\\/desigualdades-de-la-educacion-en-espana#article\",\"isPartOf\":{\"@id\":\"https:\\\/\\\/orientaeduc.com\\\/archivo\\\/educacion\\\/desigualdades-de-la-educacion-en-espana\"},\"author\":{\"name\":\"lbarriocanal\",\"@id\":\"https:\\\/\\\/orientaeduc.com\\\/archivo\\\/#\\\/schema\\\/person\\\/ca93077e3b8d4a14ff357012e2e9a41d\"},\"headline\":\"Desigualdades de la educaci\u00f3n en Espa\u00f1a\",\"datePublished\":\"2006-05-10T07:11:27+00:00\",\"dateModified\":\"2020-04-07T21:58:17+00:00\",\"mainEntityOfPage\":{\"@id\":\"https:\\\/\\\/orientaeduc.com\\\/archivo\\\/educacion\\\/desigualdades-de-la-educacion-en-espana\"},\"wordCount\":234,\"commentCount\":0,\"publisher\":{\"@id\":\"https:\\\/\\\/orientaeduc.com\\\/archivo\\\/#organization\"},\"articleSection\":[\"Educaci\u00f3n\"],\"inLanguage\":\"es\",\"potentialAction\":[{\"@type\":\"CommentAction\",\"name\":\"Comment\",\"target\":[\"https:\\\/\\\/orientaeduc.com\\\/archivo\\\/educacion\\\/desigualdades-de-la-educacion-en-espana#respond\"]}]},{\"@type\":\"WebPage\",\"@id\":\"https:\\\/\\\/orientaeduc.com\\\/archivo\\\/educacion\\\/desigualdades-de-la-educacion-en-espana\",\"url\":\"https:\\\/\\\/orientaeduc.com\\\/archivo\\\/educacion\\\/desigualdades-de-la-educacion-en-espana\",\"name\":\"Desigualdades de la educaci\u00f3n en Espa\u00f1a - Orientaeduc\",\"isPartOf\":{\"@id\":\"https:\\\/\\\/orientaeduc.com\\\/archivo\\\/#website\"},\"datePublished\":\"2006-05-10T07:11:27+00:00\",\"dateModified\":\"2020-04-07T21:58:17+00:00\",\"breadcrumb\":{\"@id\":\"https:\\\/\\\/orientaeduc.com\\\/archivo\\\/educacion\\\/desigualdades-de-la-educacion-en-espana#breadcrumb\"},\"inLanguage\":\"es\",\"potentialAction\":[{\"@type\":\"ReadAction\",\"target\":[\"https:\\\/\\\/orientaeduc.com\\\/archivo\\\/educacion\\\/desigualdades-de-la-educacion-en-espana\"]}]},{\"@type\":\"BreadcrumbList\",\"@id\":\"https:\\\/\\\/orientaeduc.com\\\/archivo\\\/educacion\\\/desigualdades-de-la-educacion-en-espana#breadcrumb\",\"itemListElement\":[{\"@type\":\"ListItem\",\"position\":1,\"name\":\"Portada\",\"item\":\"https:\\\/\\\/orientaeduc.com\\\/archivo\"},{\"@type\":\"ListItem\",\"position\":2,\"name\":\"Desigualdades de la educaci\u00f3n en Espa\u00f1a\"}]},{\"@type\":\"WebSite\",\"@id\":\"https:\\\/\\\/orientaeduc.com\\\/archivo\\\/#website\",\"url\":\"https:\\\/\\\/orientaeduc.com\\\/archivo\\\/\",\"name\":\"Orientaeduc\",\"description\":\"Recursos para la Orientaci\u00f3n Educativa\",\"publisher\":{\"@id\":\"https:\\\/\\\/orientaeduc.com\\\/archivo\\\/#organization\"},\"potentialAction\":[{\"@type\":\"SearchAction\",\"target\":{\"@type\":\"EntryPoint\",\"urlTemplate\":\"https:\\\/\\\/orientaeduc.com\\\/archivo\\\/?s={search_term_string}\"},\"query-input\":{\"@type\":\"PropertyValueSpecification\",\"valueRequired\":true,\"valueName\":\"search_term_string\"}}],\"inLanguage\":\"es\"},{\"@type\":\"Organization\",\"@id\":\"https:\\\/\\\/orientaeduc.com\\\/archivo\\\/#organization\",\"name\":\"Orientaeduc.com\",\"url\":\"https:\\\/\\\/orientaeduc.com\\\/archivo\\\/\",\"logo\":{\"@type\":\"ImageObject\",\"inLanguage\":\"es\",\"@id\":\"https:\\\/\\\/orientaeduc.com\\\/archivo\\\/#\\\/schema\\\/logo\\\/image\\\/\",\"url\":\"https:\\\/\\\/orientaeduc.com\\\/archivo\\\/wp-content\\\/uploads\\\/sites\\\/2\\\/2020\\\/04\\\/orientaeduc_logo.png\",\"contentUrl\":\"https:\\\/\\\/orientaeduc.com\\\/archivo\\\/wp-content\\\/uploads\\\/sites\\\/2\\\/2020\\\/04\\\/orientaeduc_logo.png\",\"width\":293,\"height\":76,\"caption\":\"Orientaeduc.com\"},\"image\":{\"@id\":\"https:\\\/\\\/orientaeduc.com\\\/archivo\\\/#\\\/schema\\\/logo\\\/image\\\/\"}},{\"@type\":\"Person\",\"@id\":\"https:\\\/\\\/orientaeduc.com\\\/archivo\\\/#\\\/schema\\\/person\\\/ca93077e3b8d4a14ff357012e2e9a41d\",\"name\":\"lbarriocanal\",\"image\":{\"@type\":\"ImageObject\",\"inLanguage\":\"es\",\"@id\":\"https:\\\/\\\/secure.gravatar.com\\\/avatar\\\/1f6884c182c7dd4f0f5329225cdf4f117f103647fc99811ff87bd059d99aae38?s=96&d=mm&r=g\",\"url\":\"https:\\\/\\\/secure.gravatar.com\\\/avatar\\\/1f6884c182c7dd4f0f5329225cdf4f117f103647fc99811ff87bd059d99aae38?s=96&d=mm&r=g\",\"contentUrl\":\"https:\\\/\\\/secure.gravatar.com\\\/avatar\\\/1f6884c182c7dd4f0f5329225cdf4f117f103647fc99811ff87bd059d99aae38?s=96&d=mm&r=g\",\"caption\":\"lbarriocanal\"},\"sameAs\":[\"https:\\\/\\\/www.facebook.com\\\/lbarriocanal\",\"https:\\\/\\\/www.youtube.com\\\/user\\\/lbarriocanal\\\/\"]}]}<\/script>\n<!-- \/ Yoast SEO plugin. -->","yoast_head_json":{"title":"Desigualdades de la educaci\u00f3n en Espa\u00f1a - Orientaeduc","robots":{"index":"index","follow":"follow","max-snippet":"max-snippet:-1","max-image-preview":"max-image-preview:large","max-video-preview":"max-video-preview:-1"},"canonical":"https:\/\/orientaeduc.com\/archivo\/educacion\/desigualdades-de-la-educacion-en-espana","og_locale":"es_ES","og_type":"article","og_title":"Desigualdades de la educaci\u00f3n en Espa\u00f1a - Orientaeduc","og_description":"Un reciente estudio de la Fundaci\u00f3n Alternativas revela que el 72% de los hijos de obreros no contin\u00faa estudiando despu\u00e9s de la E.S.O. Como el propio t\u00edtulo del informe indica, son nuevas evidencias de un fen\u00f3meno bien documentado por la sociolog\u00eda de la educaci\u00f3n: la teor\u00eda de la reproducci\u00f3n.","og_url":"https:\/\/orientaeduc.com\/archivo\/educacion\/desigualdades-de-la-educacion-en-espana","og_site_name":"Orientaeduc","article_author":"https:\/\/www.facebook.com\/lbarriocanal","article_published_time":"2006-05-10T07:11:27+00:00","article_modified_time":"2020-04-07T21:58:17+00:00","og_image":[{"width":978,"height":684,"url":"https:\/\/storage.googleapis.com\/orientaeduc\/2020\/09\/orientaeduc-orienta-image.jpg","type":"image\/jpeg"}],"author":"lbarriocanal","twitter_card":"summary_large_image","twitter_misc":{"Escrito por":"lbarriocanal","Tiempo de lectura":"1 minuto"},"schema":{"@context":"https:\/\/schema.org","@graph":[{"@type":"Article","@id":"https:\/\/orientaeduc.com\/archivo\/educacion\/desigualdades-de-la-educacion-en-espana#article","isPartOf":{"@id":"https:\/\/orientaeduc.com\/archivo\/educacion\/desigualdades-de-la-educacion-en-espana"},"author":{"name":"lbarriocanal","@id":"https:\/\/orientaeduc.com\/archivo\/#\/schema\/person\/ca93077e3b8d4a14ff357012e2e9a41d"},"headline":"Desigualdades de la educaci\u00f3n en Espa\u00f1a","datePublished":"2006-05-10T07:11:27+00:00","dateModified":"2020-04-07T21:58:17+00:00","mainEntityOfPage":{"@id":"https:\/\/orientaeduc.com\/archivo\/educacion\/desigualdades-de-la-educacion-en-espana"},"wordCount":234,"commentCount":0,"publisher":{"@id":"https:\/\/orientaeduc.com\/archivo\/#organization"},"articleSection":["Educaci\u00f3n"],"inLanguage":"es","potentialAction":[{"@type":"CommentAction","name":"Comment","target":["https:\/\/orientaeduc.com\/archivo\/educacion\/desigualdades-de-la-educacion-en-espana#respond"]}]},{"@type":"WebPage","@id":"https:\/\/orientaeduc.com\/archivo\/educacion\/desigualdades-de-la-educacion-en-espana","url":"https:\/\/orientaeduc.com\/archivo\/educacion\/desigualdades-de-la-educacion-en-espana","name":"Desigualdades de la educaci\u00f3n en Espa\u00f1a - Orientaeduc","isPartOf":{"@id":"https:\/\/orientaeduc.com\/archivo\/#website"},"datePublished":"2006-05-10T07:11:27+00:00","dateModified":"2020-04-07T21:58:17+00:00","breadcrumb":{"@id":"https:\/\/orientaeduc.com\/archivo\/educacion\/desigualdades-de-la-educacion-en-espana#breadcrumb"},"inLanguage":"es","potentialAction":[{"@type":"ReadAction","target":["https:\/\/orientaeduc.com\/archivo\/educacion\/desigualdades-de-la-educacion-en-espana"]}]},{"@type":"BreadcrumbList","@id":"https:\/\/orientaeduc.com\/archivo\/educacion\/desigualdades-de-la-educacion-en-espana#breadcrumb","itemListElement":[{"@type":"ListItem","position":1,"name":"Portada","item":"https:\/\/orientaeduc.com\/archivo"},{"@type":"ListItem","position":2,"name":"Desigualdades de la educaci\u00f3n en Espa\u00f1a"}]},{"@type":"WebSite","@id":"https:\/\/orientaeduc.com\/archivo\/#website","url":"https:\/\/orientaeduc.com\/archivo\/","name":"Orientaeduc","description":"Recursos para la Orientaci\u00f3n Educativa","publisher":{"@id":"https:\/\/orientaeduc.com\/archivo\/#organization"},"potentialAction":[{"@type":"SearchAction","target":{"@type":"EntryPoint","urlTemplate":"https:\/\/orientaeduc.com\/archivo\/?s={search_term_string}"},"query-input":{"@type":"PropertyValueSpecification","valueRequired":true,"valueName":"search_term_string"}}],"inLanguage":"es"},{"@type":"Organization","@id":"https:\/\/orientaeduc.com\/archivo\/#organization","name":"Orientaeduc.com","url":"https:\/\/orientaeduc.com\/archivo\/","logo":{"@type":"ImageObject","inLanguage":"es","@id":"https:\/\/orientaeduc.com\/archivo\/#\/schema\/logo\/image\/","url":"https:\/\/orientaeduc.com\/archivo\/wp-content\/uploads\/sites\/2\/2020\/04\/orientaeduc_logo.png","contentUrl":"https:\/\/orientaeduc.com\/archivo\/wp-content\/uploads\/sites\/2\/2020\/04\/orientaeduc_logo.png","width":293,"height":76,"caption":"Orientaeduc.com"},"image":{"@id":"https:\/\/orientaeduc.com\/archivo\/#\/schema\/logo\/image\/"}},{"@type":"Person","@id":"https:\/\/orientaeduc.com\/archivo\/#\/schema\/person\/ca93077e3b8d4a14ff357012e2e9a41d","name":"lbarriocanal","image":{"@type":"ImageObject","inLanguage":"es","@id":"https:\/\/secure.gravatar.com\/avatar\/1f6884c182c7dd4f0f5329225cdf4f117f103647fc99811ff87bd059d99aae38?s=96&d=mm&r=g","url":"https:\/\/secure.gravatar.com\/avatar\/1f6884c182c7dd4f0f5329225cdf4f117f103647fc99811ff87bd059d99aae38?s=96&d=mm&r=g","contentUrl":"https:\/\/secure.gravatar.com\/avatar\/1f6884c182c7dd4f0f5329225cdf4f117f103647fc99811ff87bd059d99aae38?s=96&d=mm&r=g","caption":"lbarriocanal"},"sameAs":["https:\/\/www.facebook.com\/lbarriocanal","https:\/\/www.youtube.com\/user\/lbarriocanal\/"]}]}},"_links":{"self":[{"href":"https:\/\/orientaeduc.com\/archivo\/wp-json\/wp\/v2\/posts\/1421","targetHints":{"allow":["GET"]}}],"collection":[{"href":"https:\/\/orientaeduc.com\/archivo\/wp-json\/wp\/v2\/posts"}],"about":[{"href":"https:\/\/orientaeduc.com\/archivo\/wp-json\/wp\/v2\/types\/post"}],"author":[{"embeddable":true,"href":"https:\/\/orientaeduc.com\/archivo\/wp-json\/wp\/v2\/users\/4"}],"replies":[{"embeddable":true,"href":"https:\/\/orientaeduc.com\/archivo\/wp-json\/wp\/v2\/comments?post=1421"}],"version-history":[{"count":0,"href":"https:\/\/orientaeduc.com\/archivo\/wp-json\/wp\/v2\/posts\/1421\/revisions"}],"wp:attachment":[{"href":"https:\/\/orientaeduc.com\/archivo\/wp-json\/wp\/v2\/media?parent=1421"}],"wp:term":[{"taxonomy":"category","embeddable":true,"href":"https:\/\/orientaeduc.com\/archivo\/wp-json\/wp\/v2\/categories?post=1421"},{"taxonomy":"post_tag","embeddable":true,"href":"https:\/\/orientaeduc.com\/archivo\/wp-json\/wp\/v2\/tags?post=1421"}],"curies":[{"name":"wp","href":"https:\/\/api.w.org\/{rel}","templated":true}]}}