{"id":1459,"date":"2007-05-19T11:04:34","date_gmt":"2007-05-19T11:04:34","guid":{"rendered":"https:\/\/orientaeduc.com\/archivo\/2007\/05\/19\/ceapa-acusa-a-9-comunidades-de-vetar-a-los-inmigrantes-en-la-escuela-concertada\/"},"modified":"2020-04-07T21:58:17","modified_gmt":"2020-04-07T21:58:17","slug":"ceapa-acusa-a-9-comunidades-de-vetar-a-los-inmigrantes-en-la-escuela-concertada","status":"publish","type":"post","link":"https:\/\/orientaeduc.com\/archivo\/educacion\/ceapa-acusa-a-9-comunidades-de-vetar-a-los-inmigrantes-en-la-escuela-concertada","title":{"rendered":"CEAPA acusa a 9 comunidades de vetar a los inmigrantes en la escuela concertada"},"content":{"rendered":"<p><img loading=\"lazy\" decoding=\"async\" class=\" alignleft size-full wp-image-1458\" width=\"103\" vspace=\"5\" hspace=\"5\" height=\"60\" border=\"0\" align=\"left\" title=\"ceapalogo.gif\" alt=\"ceapalogo.gif\" src=\"https:\/\/orientaeduc.com\/archivo\/wp-content\/uploads\/sites\/2\/2007\/05\/ceapalogo.gif\" \/>Mientras se desarrolla el proceso de admisi\u00f3n de alumnos en la mayor\u00eda de los colegios e institutos de educaci\u00f3n secundaria, la Confederaci\u00f3n Espa&ntilde;ola de Asociaciones de Padres y Madres de Alumnos (<a target=\"_blank\" href=\"http:\/\/www.ceapa.es\/\" rel=\"noopener noreferrer\">CEAPA<\/a>) denuncia que muchos colegios privados-concertados, como consecuencia de los criterios de escolarizaci\u00f3n que han fijado los gobiernos de algunas comunidades aut\u00f3nomas y de las pr\u00e1cticas disuasorias que estos centros tradicionalmente llevan a cabo, est\u00e1n impidiendo la escolarizaci\u00f3n en sus aulas del alumnado inmigrante, gitano, con bajo nivel socioecon\u00f3mico, con necesidades educativas especiales o con bajo rendimiento acad\u00e9mico.<\/p>\n<p> <!--more--> <\/p>\n<p><\/p>\n<p>Los Gobiernos auton\u00f3micos de Baleares, Canarias, Castilla y Le\u00f3n, Euskadi, Madrid, Murcia, Navarra, La Rioja y Comunidad Valenciana han fijado, dentro de la baremaci\u00f3n de los criterios para la admisi\u00f3n de alumnos, un punto de libre elecci\u00f3n para los centros educativos, que \u00e9stos utilizan para impedir la escolarizaci\u00f3n de determinado alumnado, incumpliendo as\u00ed la obligaci\u00f3n social que se deriva del r\u00e9gimen de concierto educativo al que se acogen, al recibir fondos p\u00fablicos.  Seg\u00fan Lola Abell\u00f3, presidenta de CEAPA este &quot;es un punto opaco, que se usa con total subjetividad y para cribar. En muchos centros se concede tras una entrevista. Si les cae bien la persona, sus hijos entran&quot;, sostiene en declaraciones a El Pais.<\/p>\n<p> El punto de libre elecci\u00f3n, a&ntilde;ade Abell\u00f3, se usa &quot;para impedir la escolarizaci\u00f3n de un determinado tipo de alumnado&quot;. &quot;Inmigrantes, alumnos de etnia gitana, personas con bajo nivel socioecon\u00f3mico, con necesidades educativas especiales o con bajo nivel acad\u00e9mico son los que se ven perjudicados por estos centros&quot;, seg\u00fan dice Abell\u00f3.<\/p>\n<p>  M\u00e1s Informaci\u00f3n: <\/p>\n<ul>\n<li><a target=\"_blank\" href=\"http:\/\/www.elpais.com\/articulo\/sociedad\/informe\/acusa\/comunidades\/vetar\/inmigrantes\/escuela\/concertada\/elpepisoc\/20070519elpepisoc_1\/Tes\" rel=\"noopener noreferrer\">El Pais<\/a> <\/li>\n<li><a target=\"_blank\" href=\"http:\/\/www.aulaintercultural.org\/breve.php3?id_breve=1089\" rel=\"noopener noreferrer\">Aula Intercultural<\/a><\/li>\n<li><a target=\"_blank\" href=\"http:\/\/www.ceapa.es\/files\/notasprensa\/File00151.pdf\" rel=\"noopener noreferrer\">Informe de CEAPA<\/a><\/li>\n<\/ul>\n","protected":false},"excerpt":{"rendered":"<p>Mientras se desarrolla el proceso de admisi\u00f3n de alumnos en la mayor\u00eda de los colegios e institutos de educaci\u00f3n secundaria, la Confederaci\u00f3n Espa&ntilde;ola de Asociaciones de Padres y Madres de Alumnos (CEAPA) denuncia que muchos colegios privados-concertados, como consecuencia de los criterios de escolarizaci\u00f3n que han fijado los gobiernos de algunas comunidades aut\u00f3nomas y de [&hellip;]<\/p>\n","protected":false},"author":4,"featured_media":1458,"comment_status":"open","ping_status":"open","sticky":false,"template":"","format":"standard","meta":{"_et_pb_use_builder":"","_et_pb_old_content":"","_et_gb_content_width":"","footnotes":""},"categories":[50],"tags":[],"class_list":["post-1459","post","type-post","status-publish","format-standard","has-post-thumbnail","hentry","category-educacion","et-has-post-format-content","et_post_format-et-post-format-standard"],"yoast_head":"<!-- This site is optimized with the Yoast SEO plugin v27.4 - https:\/\/yoast.com\/product\/yoast-seo-wordpress\/ -->\n<title>CEAPA acusa a 9 comunidades de vetar a los inmigrantes en la escuela concertada - Orientaeduc<\/title>\n<meta name=\"robots\" content=\"index, follow, max-snippet:-1, max-image-preview:large, max-video-preview:-1\" \/>\n<link rel=\"canonical\" href=\"https:\/\/orientaeduc.com\/archivo\/educacion\/ceapa-acusa-a-9-comunidades-de-vetar-a-los-inmigrantes-en-la-escuela-concertada\" \/>\n<meta property=\"og:locale\" content=\"es_ES\" \/>\n<meta property=\"og:type\" content=\"article\" \/>\n<meta property=\"og:title\" content=\"CEAPA acusa a 9 comunidades de vetar a los inmigrantes en la escuela concertada - Orientaeduc\" \/>\n<meta property=\"og:description\" content=\"Mientras se desarrolla el proceso de admisi\u00f3n de alumnos en la mayor\u00eda de los colegios e institutos de educaci\u00f3n secundaria, la Confederaci\u00f3n Espa&ntilde;ola de Asociaciones de Padres y Madres de Alumnos (CEAPA) denuncia que muchos colegios privados-concertados, como consecuencia de los criterios de escolarizaci\u00f3n que han fijado los gobiernos de algunas comunidades aut\u00f3nomas y de [&hellip;]\" \/>\n<meta property=\"og:url\" content=\"https:\/\/orientaeduc.com\/archivo\/educacion\/ceapa-acusa-a-9-comunidades-de-vetar-a-los-inmigrantes-en-la-escuela-concertada\" \/>\n<meta property=\"og:site_name\" content=\"Orientaeduc\" \/>\n<meta property=\"article:author\" content=\"https:\/\/www.facebook.com\/lbarriocanal\" \/>\n<meta property=\"article:published_time\" content=\"2007-05-19T11:04:34+00:00\" \/>\n<meta property=\"article:modified_time\" content=\"2020-04-07T21:58:17+00:00\" \/>\n<meta property=\"og:image\" content=\"https:\/\/storage.googleapis.com\/orientaeduc\/2007\/05\/ceapalogo.gif\" \/>\n\t<meta property=\"og:image:width\" content=\"1\" \/>\n\t<meta property=\"og:image:height\" content=\"1\" \/>\n\t<meta property=\"og:image:type\" content=\"image\/gif\" \/>\n<meta name=\"author\" content=\"lbarriocanal\" \/>\n<meta name=\"twitter:card\" content=\"summary_large_image\" \/>\n<meta name=\"twitter:label1\" content=\"Escrito por\" \/>\n\t<meta name=\"twitter:data1\" content=\"lbarriocanal\" \/>\n\t<meta name=\"twitter:label2\" content=\"Tiempo de lectura\" \/>\n\t<meta name=\"twitter:data2\" content=\"2 minutos\" \/>\n<script type=\"application\/ld+json\" class=\"yoast-schema-graph\">{\"@context\":\"https:\\\/\\\/schema.org\",\"@graph\":[{\"@type\":\"Article\",\"@id\":\"https:\\\/\\\/orientaeduc.com\\\/archivo\\\/educacion\\\/ceapa-acusa-a-9-comunidades-de-vetar-a-los-inmigrantes-en-la-escuela-concertada#article\",\"isPartOf\":{\"@id\":\"https:\\\/\\\/orientaeduc.com\\\/archivo\\\/educacion\\\/ceapa-acusa-a-9-comunidades-de-vetar-a-los-inmigrantes-en-la-escuela-concertada\"},\"author\":{\"name\":\"lbarriocanal\",\"@id\":\"https:\\\/\\\/orientaeduc.com\\\/archivo\\\/#\\\/schema\\\/person\\\/ca93077e3b8d4a14ff357012e2e9a41d\"},\"headline\":\"CEAPA acusa a 9 comunidades de vetar a los inmigrantes en la escuela concertada\",\"datePublished\":\"2007-05-19T11:04:34+00:00\",\"dateModified\":\"2020-04-07T21:58:17+00:00\",\"mainEntityOfPage\":{\"@id\":\"https:\\\/\\\/orientaeduc.com\\\/archivo\\\/educacion\\\/ceapa-acusa-a-9-comunidades-de-vetar-a-los-inmigrantes-en-la-escuela-concertada\"},\"wordCount\":314,\"commentCount\":0,\"publisher\":{\"@id\":\"https:\\\/\\\/orientaeduc.com\\\/archivo\\\/#organization\"},\"image\":{\"@id\":\"https:\\\/\\\/orientaeduc.com\\\/archivo\\\/educacion\\\/ceapa-acusa-a-9-comunidades-de-vetar-a-los-inmigrantes-en-la-escuela-concertada#primaryimage\"},\"thumbnailUrl\":\"https:\\\/\\\/storage.googleapis.com\\\/orientaeduc\\\/2007\\\/05\\\/ceapalogo.gif\",\"articleSection\":[\"Educaci\u00f3n\"],\"inLanguage\":\"es\",\"potentialAction\":[{\"@type\":\"CommentAction\",\"name\":\"Comment\",\"target\":[\"https:\\\/\\\/orientaeduc.com\\\/archivo\\\/educacion\\\/ceapa-acusa-a-9-comunidades-de-vetar-a-los-inmigrantes-en-la-escuela-concertada#respond\"]}]},{\"@type\":\"WebPage\",\"@id\":\"https:\\\/\\\/orientaeduc.com\\\/archivo\\\/educacion\\\/ceapa-acusa-a-9-comunidades-de-vetar-a-los-inmigrantes-en-la-escuela-concertada\",\"url\":\"https:\\\/\\\/orientaeduc.com\\\/archivo\\\/educacion\\\/ceapa-acusa-a-9-comunidades-de-vetar-a-los-inmigrantes-en-la-escuela-concertada\",\"name\":\"CEAPA acusa a 9 comunidades de vetar a los inmigrantes en la escuela concertada - Orientaeduc\",\"isPartOf\":{\"@id\":\"https:\\\/\\\/orientaeduc.com\\\/archivo\\\/#website\"},\"primaryImageOfPage\":{\"@id\":\"https:\\\/\\\/orientaeduc.com\\\/archivo\\\/educacion\\\/ceapa-acusa-a-9-comunidades-de-vetar-a-los-inmigrantes-en-la-escuela-concertada#primaryimage\"},\"image\":{\"@id\":\"https:\\\/\\\/orientaeduc.com\\\/archivo\\\/educacion\\\/ceapa-acusa-a-9-comunidades-de-vetar-a-los-inmigrantes-en-la-escuela-concertada#primaryimage\"},\"thumbnailUrl\":\"https:\\\/\\\/storage.googleapis.com\\\/orientaeduc\\\/2007\\\/05\\\/ceapalogo.gif\",\"datePublished\":\"2007-05-19T11:04:34+00:00\",\"dateModified\":\"2020-04-07T21:58:17+00:00\",\"breadcrumb\":{\"@id\":\"https:\\\/\\\/orientaeduc.com\\\/archivo\\\/educacion\\\/ceapa-acusa-a-9-comunidades-de-vetar-a-los-inmigrantes-en-la-escuela-concertada#breadcrumb\"},\"inLanguage\":\"es\",\"potentialAction\":[{\"@type\":\"ReadAction\",\"target\":[\"https:\\\/\\\/orientaeduc.com\\\/archivo\\\/educacion\\\/ceapa-acusa-a-9-comunidades-de-vetar-a-los-inmigrantes-en-la-escuela-concertada\"]}]},{\"@type\":\"ImageObject\",\"inLanguage\":\"es\",\"@id\":\"https:\\\/\\\/orientaeduc.com\\\/archivo\\\/educacion\\\/ceapa-acusa-a-9-comunidades-de-vetar-a-los-inmigrantes-en-la-escuela-concertada#primaryimage\",\"url\":\"https:\\\/\\\/storage.googleapis.com\\\/orientaeduc\\\/2007\\\/05\\\/ceapalogo.gif\",\"contentUrl\":\"https:\\\/\\\/storage.googleapis.com\\\/orientaeduc\\\/2007\\\/05\\\/ceapalogo.gif\",\"caption\":\"ceapalogo.gif\"},{\"@type\":\"BreadcrumbList\",\"@id\":\"https:\\\/\\\/orientaeduc.com\\\/archivo\\\/educacion\\\/ceapa-acusa-a-9-comunidades-de-vetar-a-los-inmigrantes-en-la-escuela-concertada#breadcrumb\",\"itemListElement\":[{\"@type\":\"ListItem\",\"position\":1,\"name\":\"Portada\",\"item\":\"https:\\\/\\\/orientaeduc.com\\\/archivo\"},{\"@type\":\"ListItem\",\"position\":2,\"name\":\"CEAPA acusa a 9 comunidades de vetar a los inmigrantes en la escuela concertada\"}]},{\"@type\":\"WebSite\",\"@id\":\"https:\\\/\\\/orientaeduc.com\\\/archivo\\\/#website\",\"url\":\"https:\\\/\\\/orientaeduc.com\\\/archivo\\\/\",\"name\":\"Orientaeduc\",\"description\":\"Recursos para la Orientaci\u00f3n Educativa\",\"publisher\":{\"@id\":\"https:\\\/\\\/orientaeduc.com\\\/archivo\\\/#organization\"},\"potentialAction\":[{\"@type\":\"SearchAction\",\"target\":{\"@type\":\"EntryPoint\",\"urlTemplate\":\"https:\\\/\\\/orientaeduc.com\\\/archivo\\\/?s={search_term_string}\"},\"query-input\":{\"@type\":\"PropertyValueSpecification\",\"valueRequired\":true,\"valueName\":\"search_term_string\"}}],\"inLanguage\":\"es\"},{\"@type\":\"Organization\",\"@id\":\"https:\\\/\\\/orientaeduc.com\\\/archivo\\\/#organization\",\"name\":\"Orientaeduc.com\",\"url\":\"https:\\\/\\\/orientaeduc.com\\\/archivo\\\/\",\"logo\":{\"@type\":\"ImageObject\",\"inLanguage\":\"es\",\"@id\":\"https:\\\/\\\/orientaeduc.com\\\/archivo\\\/#\\\/schema\\\/logo\\\/image\\\/\",\"url\":\"https:\\\/\\\/orientaeduc.com\\\/archivo\\\/wp-content\\\/uploads\\\/sites\\\/2\\\/2020\\\/04\\\/orientaeduc_logo.png\",\"contentUrl\":\"https:\\\/\\\/orientaeduc.com\\\/archivo\\\/wp-content\\\/uploads\\\/sites\\\/2\\\/2020\\\/04\\\/orientaeduc_logo.png\",\"width\":293,\"height\":76,\"caption\":\"Orientaeduc.com\"},\"image\":{\"@id\":\"https:\\\/\\\/orientaeduc.com\\\/archivo\\\/#\\\/schema\\\/logo\\\/image\\\/\"}},{\"@type\":\"Person\",\"@id\":\"https:\\\/\\\/orientaeduc.com\\\/archivo\\\/#\\\/schema\\\/person\\\/ca93077e3b8d4a14ff357012e2e9a41d\",\"name\":\"lbarriocanal\",\"image\":{\"@type\":\"ImageObject\",\"inLanguage\":\"es\",\"@id\":\"https:\\\/\\\/secure.gravatar.com\\\/avatar\\\/1f6884c182c7dd4f0f5329225cdf4f117f103647fc99811ff87bd059d99aae38?s=96&d=mm&r=g\",\"url\":\"https:\\\/\\\/secure.gravatar.com\\\/avatar\\\/1f6884c182c7dd4f0f5329225cdf4f117f103647fc99811ff87bd059d99aae38?s=96&d=mm&r=g\",\"contentUrl\":\"https:\\\/\\\/secure.gravatar.com\\\/avatar\\\/1f6884c182c7dd4f0f5329225cdf4f117f103647fc99811ff87bd059d99aae38?s=96&d=mm&r=g\",\"caption\":\"lbarriocanal\"},\"sameAs\":[\"https:\\\/\\\/www.facebook.com\\\/lbarriocanal\",\"https:\\\/\\\/www.youtube.com\\\/user\\\/lbarriocanal\\\/\"]}]}<\/script>\n<!-- \/ Yoast SEO plugin. -->","yoast_head_json":{"title":"CEAPA acusa a 9 comunidades de vetar a los inmigrantes en la escuela concertada - Orientaeduc","robots":{"index":"index","follow":"follow","max-snippet":"max-snippet:-1","max-image-preview":"max-image-preview:large","max-video-preview":"max-video-preview:-1"},"canonical":"https:\/\/orientaeduc.com\/archivo\/educacion\/ceapa-acusa-a-9-comunidades-de-vetar-a-los-inmigrantes-en-la-escuela-concertada","og_locale":"es_ES","og_type":"article","og_title":"CEAPA acusa a 9 comunidades de vetar a los inmigrantes en la escuela concertada - Orientaeduc","og_description":"Mientras se desarrolla el proceso de admisi\u00f3n de alumnos en la mayor\u00eda de los colegios e institutos de educaci\u00f3n secundaria, la Confederaci\u00f3n Espa&ntilde;ola de Asociaciones de Padres y Madres de Alumnos (CEAPA) denuncia que muchos colegios privados-concertados, como consecuencia de los criterios de escolarizaci\u00f3n que han fijado los gobiernos de algunas comunidades aut\u00f3nomas y de [&hellip;]","og_url":"https:\/\/orientaeduc.com\/archivo\/educacion\/ceapa-acusa-a-9-comunidades-de-vetar-a-los-inmigrantes-en-la-escuela-concertada","og_site_name":"Orientaeduc","article_author":"https:\/\/www.facebook.com\/lbarriocanal","article_published_time":"2007-05-19T11:04:34+00:00","article_modified_time":"2020-04-07T21:58:17+00:00","og_image":[{"url":"https:\/\/storage.googleapis.com\/orientaeduc\/2007\/05\/ceapalogo.gif","width":1,"height":1,"type":"image\/gif"}],"author":"lbarriocanal","twitter_card":"summary_large_image","twitter_misc":{"Escrito por":"lbarriocanal","Tiempo de lectura":"2 minutos"},"schema":{"@context":"https:\/\/schema.org","@graph":[{"@type":"Article","@id":"https:\/\/orientaeduc.com\/archivo\/educacion\/ceapa-acusa-a-9-comunidades-de-vetar-a-los-inmigrantes-en-la-escuela-concertada#article","isPartOf":{"@id":"https:\/\/orientaeduc.com\/archivo\/educacion\/ceapa-acusa-a-9-comunidades-de-vetar-a-los-inmigrantes-en-la-escuela-concertada"},"author":{"name":"lbarriocanal","@id":"https:\/\/orientaeduc.com\/archivo\/#\/schema\/person\/ca93077e3b8d4a14ff357012e2e9a41d"},"headline":"CEAPA acusa a 9 comunidades de vetar a los inmigrantes en la escuela concertada","datePublished":"2007-05-19T11:04:34+00:00","dateModified":"2020-04-07T21:58:17+00:00","mainEntityOfPage":{"@id":"https:\/\/orientaeduc.com\/archivo\/educacion\/ceapa-acusa-a-9-comunidades-de-vetar-a-los-inmigrantes-en-la-escuela-concertada"},"wordCount":314,"commentCount":0,"publisher":{"@id":"https:\/\/orientaeduc.com\/archivo\/#organization"},"image":{"@id":"https:\/\/orientaeduc.com\/archivo\/educacion\/ceapa-acusa-a-9-comunidades-de-vetar-a-los-inmigrantes-en-la-escuela-concertada#primaryimage"},"thumbnailUrl":"https:\/\/storage.googleapis.com\/orientaeduc\/2007\/05\/ceapalogo.gif","articleSection":["Educaci\u00f3n"],"inLanguage":"es","potentialAction":[{"@type":"CommentAction","name":"Comment","target":["https:\/\/orientaeduc.com\/archivo\/educacion\/ceapa-acusa-a-9-comunidades-de-vetar-a-los-inmigrantes-en-la-escuela-concertada#respond"]}]},{"@type":"WebPage","@id":"https:\/\/orientaeduc.com\/archivo\/educacion\/ceapa-acusa-a-9-comunidades-de-vetar-a-los-inmigrantes-en-la-escuela-concertada","url":"https:\/\/orientaeduc.com\/archivo\/educacion\/ceapa-acusa-a-9-comunidades-de-vetar-a-los-inmigrantes-en-la-escuela-concertada","name":"CEAPA acusa a 9 comunidades de vetar a los inmigrantes en la escuela concertada - Orientaeduc","isPartOf":{"@id":"https:\/\/orientaeduc.com\/archivo\/#website"},"primaryImageOfPage":{"@id":"https:\/\/orientaeduc.com\/archivo\/educacion\/ceapa-acusa-a-9-comunidades-de-vetar-a-los-inmigrantes-en-la-escuela-concertada#primaryimage"},"image":{"@id":"https:\/\/orientaeduc.com\/archivo\/educacion\/ceapa-acusa-a-9-comunidades-de-vetar-a-los-inmigrantes-en-la-escuela-concertada#primaryimage"},"thumbnailUrl":"https:\/\/storage.googleapis.com\/orientaeduc\/2007\/05\/ceapalogo.gif","datePublished":"2007-05-19T11:04:34+00:00","dateModified":"2020-04-07T21:58:17+00:00","breadcrumb":{"@id":"https:\/\/orientaeduc.com\/archivo\/educacion\/ceapa-acusa-a-9-comunidades-de-vetar-a-los-inmigrantes-en-la-escuela-concertada#breadcrumb"},"inLanguage":"es","potentialAction":[{"@type":"ReadAction","target":["https:\/\/orientaeduc.com\/archivo\/educacion\/ceapa-acusa-a-9-comunidades-de-vetar-a-los-inmigrantes-en-la-escuela-concertada"]}]},{"@type":"ImageObject","inLanguage":"es","@id":"https:\/\/orientaeduc.com\/archivo\/educacion\/ceapa-acusa-a-9-comunidades-de-vetar-a-los-inmigrantes-en-la-escuela-concertada#primaryimage","url":"https:\/\/storage.googleapis.com\/orientaeduc\/2007\/05\/ceapalogo.gif","contentUrl":"https:\/\/storage.googleapis.com\/orientaeduc\/2007\/05\/ceapalogo.gif","caption":"ceapalogo.gif"},{"@type":"BreadcrumbList","@id":"https:\/\/orientaeduc.com\/archivo\/educacion\/ceapa-acusa-a-9-comunidades-de-vetar-a-los-inmigrantes-en-la-escuela-concertada#breadcrumb","itemListElement":[{"@type":"ListItem","position":1,"name":"Portada","item":"https:\/\/orientaeduc.com\/archivo"},{"@type":"ListItem","position":2,"name":"CEAPA acusa a 9 comunidades de vetar a los inmigrantes en la escuela concertada"}]},{"@type":"WebSite","@id":"https:\/\/orientaeduc.com\/archivo\/#website","url":"https:\/\/orientaeduc.com\/archivo\/","name":"Orientaeduc","description":"Recursos para la Orientaci\u00f3n Educativa","publisher":{"@id":"https:\/\/orientaeduc.com\/archivo\/#organization"},"potentialAction":[{"@type":"SearchAction","target":{"@type":"EntryPoint","urlTemplate":"https:\/\/orientaeduc.com\/archivo\/?s={search_term_string}"},"query-input":{"@type":"PropertyValueSpecification","valueRequired":true,"valueName":"search_term_string"}}],"inLanguage":"es"},{"@type":"Organization","@id":"https:\/\/orientaeduc.com\/archivo\/#organization","name":"Orientaeduc.com","url":"https:\/\/orientaeduc.com\/archivo\/","logo":{"@type":"ImageObject","inLanguage":"es","@id":"https:\/\/orientaeduc.com\/archivo\/#\/schema\/logo\/image\/","url":"https:\/\/orientaeduc.com\/archivo\/wp-content\/uploads\/sites\/2\/2020\/04\/orientaeduc_logo.png","contentUrl":"https:\/\/orientaeduc.com\/archivo\/wp-content\/uploads\/sites\/2\/2020\/04\/orientaeduc_logo.png","width":293,"height":76,"caption":"Orientaeduc.com"},"image":{"@id":"https:\/\/orientaeduc.com\/archivo\/#\/schema\/logo\/image\/"}},{"@type":"Person","@id":"https:\/\/orientaeduc.com\/archivo\/#\/schema\/person\/ca93077e3b8d4a14ff357012e2e9a41d","name":"lbarriocanal","image":{"@type":"ImageObject","inLanguage":"es","@id":"https:\/\/secure.gravatar.com\/avatar\/1f6884c182c7dd4f0f5329225cdf4f117f103647fc99811ff87bd059d99aae38?s=96&d=mm&r=g","url":"https:\/\/secure.gravatar.com\/avatar\/1f6884c182c7dd4f0f5329225cdf4f117f103647fc99811ff87bd059d99aae38?s=96&d=mm&r=g","contentUrl":"https:\/\/secure.gravatar.com\/avatar\/1f6884c182c7dd4f0f5329225cdf4f117f103647fc99811ff87bd059d99aae38?s=96&d=mm&r=g","caption":"lbarriocanal"},"sameAs":["https:\/\/www.facebook.com\/lbarriocanal","https:\/\/www.youtube.com\/user\/lbarriocanal\/"]}]}},"_links":{"self":[{"href":"https:\/\/orientaeduc.com\/archivo\/wp-json\/wp\/v2\/posts\/1459","targetHints":{"allow":["GET"]}}],"collection":[{"href":"https:\/\/orientaeduc.com\/archivo\/wp-json\/wp\/v2\/posts"}],"about":[{"href":"https:\/\/orientaeduc.com\/archivo\/wp-json\/wp\/v2\/types\/post"}],"author":[{"embeddable":true,"href":"https:\/\/orientaeduc.com\/archivo\/wp-json\/wp\/v2\/users\/4"}],"replies":[{"embeddable":true,"href":"https:\/\/orientaeduc.com\/archivo\/wp-json\/wp\/v2\/comments?post=1459"}],"version-history":[{"count":0,"href":"https:\/\/orientaeduc.com\/archivo\/wp-json\/wp\/v2\/posts\/1459\/revisions"}],"wp:featuredmedia":[{"embeddable":true,"href":"https:\/\/orientaeduc.com\/archivo\/wp-json\/wp\/v2\/media\/1458"}],"wp:attachment":[{"href":"https:\/\/orientaeduc.com\/archivo\/wp-json\/wp\/v2\/media?parent=1459"}],"wp:term":[{"taxonomy":"category","embeddable":true,"href":"https:\/\/orientaeduc.com\/archivo\/wp-json\/wp\/v2\/categories?post=1459"},{"taxonomy":"post_tag","embeddable":true,"href":"https:\/\/orientaeduc.com\/archivo\/wp-json\/wp\/v2\/tags?post=1459"}],"curies":[{"name":"wp","href":"https:\/\/api.w.org\/{rel}","templated":true}]}}