{"id":1467,"date":"2007-11-20T14:17:15","date_gmt":"2007-11-20T14:17:15","guid":{"rendered":"https:\/\/orientaeduc.com\/archivo\/2007\/11\/20\/programa-educativo-de-difusion-de-los-derechos-de-la-infancia-en-castilla-y-leon\/"},"modified":"2020-04-07T21:58:17","modified_gmt":"2020-04-07T21:58:17","slug":"programa-educativo-de-difusion-de-los-derechos-de-la-infancia-en-castilla-y-leon","status":"publish","type":"post","link":"https:\/\/orientaeduc.com\/archivo\/educacion\/programa-educativo-de-difusion-de-los-derechos-de-la-infancia-en-castilla-y-leon","title":{"rendered":"Programa educativo de difusi\u00f3n de los Derechos de la Infancia en Castilla y Le\u00f3n"},"content":{"rendered":"<p><img loading=\"lazy\" decoding=\"async\" class=\" alignleft size-full wp-image-1465\" style=\"margin-right: 6px; float: left;\" src=\"https:\/\/orientaeduc.com\/archivo\/wp-content\/uploads\/sites\/2\/2007\/11\/derechos_buzon.jpg\" alt=\"Image\" height=\"130\" width=\"120\" \/>Se trata de un programa de informaci\u00f3n y sensibilizaci\u00f3n en materia de Derechos de la Infancia dirigido a que ni\u00f1os y adolescentes conozcan mejor sus derechos y deberes. Los materiales est\u00e1n dirigidos a alumnos de Educaci\u00f3n Primaria y&nbsp; Secundaria Obligatoria y vienen acompa\u00f1ados de las correspondientes&nbsp; gu\u00edas did\u00e1cticas para los docentes.<\/p>\n<p>  <!--more-->  El Programa de \u00abDifusi\u00f3n de los Derechos de la Infancia en Castilla y Le\u00f3n\u00bb es una iniciativa de la Consejer\u00eda de Familia e Igualdad de Oportunidades a trav\u00e9s de la Gerencia de Servicios Sociales y en colaboraci\u00f3n con la POI (Plataforma de Organizaciones de Infancia). Cuenta tambi\u00e9n con el apoyo de la Consejer\u00eda de Educaci\u00f3n.<\/p>\n<p><img loading=\"lazy\" decoding=\"async\" class=\" alignright size-full wp-image-1466\" style=\"margin-left: 8px; float: right;\" src=\"https:\/\/orientaeduc.com\/archivo\/wp-content\/uploads\/sites\/2\/2007\/11\/entre_nos.jpg\" alt=\" \" height=\"167\" width=\"225\" \/>Este material tiene como marco de referencia com\u00fan la Convenci\u00f3n de los Derechos del Ni\u00f1o (CDN) de 1989 y como marco de referencia espec\u00edfico el T\u00edtulo I de la Ley 14\/2002, de 25 de julio, de Promoci\u00f3n Atenci\u00f3n y Protecci\u00f3n a la Infancia en&nbsp; Castilla y Le\u00f3n.<\/p>\n<p>Todos ellos pueden descargarse en formato pdf desde <a href=\"http:\/\/educa.jcyl.es\/educacyl\/cm\/educacyl\/tkContent;jsessionid=c0a80202ce5d87df4431d4f41739455c66ac581fd58.mlbQp6eMahCNaN0LcybtahyM-x4Qc2SM-x8ImxmLnAeL-Anwc3uPnxaLc6mI-huKa30xmRjGr7jMmkzvqMTvqRnGn38L8NeTbhePch0S8Oexo6XHngbynknvrkLOlQzNp65In0__?pgseed=1195544696850&amp;idContent=41219&amp;locale=es_ES&amp;textOnly=false\" target=\"_blank\" rel=\"noopener noreferrer\">www.educa.jcyl.es<\/a> y pueden solicitarse tambi\u00e9n las copias necesarias en formato impreso<\/p>\n<ul>\n<li><strong>\u00abDerechos al Buz\u00f3n\u00bb <\/strong>est\u00e1 dirigido a la&nbsp; poblaci\u00f3n infantil de 8 a 11 a\u00f1os. La presentaci\u00f3n de los derechos se realiza a trav\u00e9s de la din\u00e1mica establecida entre un grupo de amigos que se cartean, a su vez, a los ni\u00f1os destinatarios, se les da la oportunidad de expresar sus dudas y opiniones enviando unas cartas, incluidas en el libro, para su remisi\u00f3n a la Gerencia de Servicios Sociales.&nbsp; &nbsp;<\/li>\n<\/ul>\n<ul>\n<li><strong>\u201cAqu\u00ed entre Nos\u00bb<\/strong> va dirigido a la poblaci\u00f3n infanto-juvenil de 12 a 16 a\u00f1os. Se presentan los derechos&nbsp; mediante conversaciones de varios amigos por messenger. En este material se incluye una direcci\u00f3n de correo electr\u00f3nico nuestrosderechos@jcyl.es que se ha creado con el fin de ofrecer a los adolescentes la oportunidad de expresar sus dudas y opiniones, como en el material anterior, y dar respuesta a todas sus peticiones.&nbsp;<\/li>\n<\/ul>\n<ul>\n<li><strong>\u00abDiccionario Pr\u00e1ctico, para&nbsp; conocer y entender mejor tus derechos\u00bb<\/strong>, dirigido tambi\u00e9n a la poblaci\u00f3n infanto-juvenil de 12 a 16 a\u00f1os. Pretende acercar los conceptos jur\u00eddicos b\u00e1sicos y definiciones de palabras relacionados con la Ley y los derechos de la infancia. <\/li>\n<\/ul>\n<ul>\n<li><strong>\u201cGu\u00edas de Trabajo\u201d <\/strong>dirigidas a monitores y profesores como apoyo y refuerzo de los contenidos de los materiales descritos. <\/li>\n<\/ul>\n<p> &nbsp;<br \/>M\u00e1s infomaci\u00f3n y descarga de material en  <a href=\"http:\/\/educa.jcyl.es\/educacyl\/cm\/educacyl\/tkContent;jsessionid=c0a80202ce5d87df4431d4f41739455c66ac581fd58.mlbQp6eMahCNaN0LcybtahyM-x4Qc2SM-x8ImxmLnAeL-Anwc3uPnxaLc6mI-huKa30xmRjGr7jMmkzvqMTvqRnGn38L8NeTbhePch0S8Oexo6XHngbynknvrkLOlQzNp65In0__?pgseed=1195544696850&amp;idContent=41219&amp;locale=es_ES&amp;textOnly=false\" target=\"_blank\" rel=\"noopener noreferrer\">www.educa.jcyl.es<\/a><\/p>\n","protected":false},"excerpt":{"rendered":"<p>Se trata de un programa de informaci\u00f3n y sensibilizaci\u00f3n en materia de Derechos de la Infancia dirigido a que ni\u00f1os y adolescentes conozcan mejor sus derechos y deberes. Los materiales est\u00e1n dirigidos a alumnos de Educaci\u00f3n Primaria y&nbsp; Secundaria Obligatoria y vienen acompa\u00f1ados de las correspondientes&nbsp; gu\u00edas did\u00e1cticas para los docentes.<\/p>\n","protected":false},"author":4,"featured_media":1464,"comment_status":"open","ping_status":"open","sticky":false,"template":"","format":"standard","meta":{"_et_pb_use_builder":"","_et_pb_old_content":"","_et_gb_content_width":"","footnotes":""},"categories":[50],"tags":[],"class_list":["post-1467","post","type-post","status-publish","format-standard","has-post-thumbnail","hentry","category-educacion","et-has-post-format-content","et_post_format-et-post-format-standard"],"yoast_head":"<!-- This site is optimized with the Yoast SEO plugin v27.4 - https:\/\/yoast.com\/product\/yoast-seo-wordpress\/ -->\n<title>Programa educativo de difusi\u00f3n de los Derechos de la Infancia en Castilla y Le\u00f3n - Orientaeduc<\/title>\n<meta name=\"robots\" content=\"index, follow, max-snippet:-1, max-image-preview:large, max-video-preview:-1\" \/>\n<link rel=\"canonical\" href=\"https:\/\/orientaeduc.com\/archivo\/educacion\/programa-educativo-de-difusion-de-los-derechos-de-la-infancia-en-castilla-y-leon\" \/>\n<meta property=\"og:locale\" content=\"es_ES\" \/>\n<meta property=\"og:type\" content=\"article\" \/>\n<meta property=\"og:title\" content=\"Programa educativo de difusi\u00f3n de los Derechos de la Infancia en Castilla y Le\u00f3n - Orientaeduc\" \/>\n<meta property=\"og:description\" content=\"Se trata de un programa de informaci\u00f3n y sensibilizaci\u00f3n en materia de Derechos de la Infancia dirigido a que ni\u00f1os y adolescentes conozcan mejor sus derechos y deberes. Los materiales est\u00e1n dirigidos a alumnos de Educaci\u00f3n Primaria y&nbsp; Secundaria Obligatoria y vienen acompa\u00f1ados de las correspondientes&nbsp; gu\u00edas did\u00e1cticas para los docentes.\" \/>\n<meta property=\"og:url\" content=\"https:\/\/orientaeduc.com\/archivo\/educacion\/programa-educativo-de-difusion-de-los-derechos-de-la-infancia-en-castilla-y-leon\" \/>\n<meta property=\"og:site_name\" content=\"Orientaeduc\" \/>\n<meta property=\"article:author\" content=\"https:\/\/www.facebook.com\/lbarriocanal\" \/>\n<meta property=\"article:published_time\" content=\"2007-11-20T14:17:15+00:00\" \/>\n<meta property=\"article:modified_time\" content=\"2020-04-07T21:58:17+00:00\" \/>\n<meta property=\"og:image\" content=\"https:\/\/storage.googleapis.com\/orientaeduc\/2007\/11\/derechos_buzon.jpg\" \/>\n\t<meta property=\"og:image:width\" content=\"187\" \/>\n\t<meta property=\"og:image:height\" content=\"203\" \/>\n\t<meta property=\"og:image:type\" content=\"image\/jpeg\" \/>\n<meta name=\"author\" content=\"lbarriocanal\" \/>\n<meta name=\"twitter:card\" content=\"summary_large_image\" \/>\n<meta name=\"twitter:label1\" content=\"Escrito por\" \/>\n\t<meta name=\"twitter:data1\" content=\"lbarriocanal\" \/>\n\t<meta name=\"twitter:label2\" content=\"Tiempo de lectura\" \/>\n\t<meta name=\"twitter:data2\" content=\"2 minutos\" \/>\n<script type=\"application\/ld+json\" class=\"yoast-schema-graph\">{\"@context\":\"https:\\\/\\\/schema.org\",\"@graph\":[{\"@type\":\"Article\",\"@id\":\"https:\\\/\\\/orientaeduc.com\\\/archivo\\\/educacion\\\/programa-educativo-de-difusion-de-los-derechos-de-la-infancia-en-castilla-y-leon#article\",\"isPartOf\":{\"@id\":\"https:\\\/\\\/orientaeduc.com\\\/archivo\\\/educacion\\\/programa-educativo-de-difusion-de-los-derechos-de-la-infancia-en-castilla-y-leon\"},\"author\":{\"name\":\"lbarriocanal\",\"@id\":\"https:\\\/\\\/orientaeduc.com\\\/archivo\\\/#\\\/schema\\\/person\\\/ca93077e3b8d4a14ff357012e2e9a41d\"},\"headline\":\"Programa educativo de difusi\u00f3n de los Derechos de la Infancia en Castilla y Le\u00f3n\",\"datePublished\":\"2007-11-20T14:17:15+00:00\",\"dateModified\":\"2020-04-07T21:58:17+00:00\",\"mainEntityOfPage\":{\"@id\":\"https:\\\/\\\/orientaeduc.com\\\/archivo\\\/educacion\\\/programa-educativo-de-difusion-de-los-derechos-de-la-infancia-en-castilla-y-leon\"},\"wordCount\":448,\"commentCount\":0,\"publisher\":{\"@id\":\"https:\\\/\\\/orientaeduc.com\\\/archivo\\\/#organization\"},\"image\":{\"@id\":\"https:\\\/\\\/orientaeduc.com\\\/archivo\\\/educacion\\\/programa-educativo-de-difusion-de-los-derechos-de-la-infancia-en-castilla-y-leon#primaryimage\"},\"thumbnailUrl\":\"https:\\\/\\\/storage.googleapis.com\\\/orientaeduc\\\/2007\\\/11\\\/derechos_buzon.jpg\",\"articleSection\":[\"Educaci\u00f3n\"],\"inLanguage\":\"es\",\"potentialAction\":[{\"@type\":\"CommentAction\",\"name\":\"Comment\",\"target\":[\"https:\\\/\\\/orientaeduc.com\\\/archivo\\\/educacion\\\/programa-educativo-de-difusion-de-los-derechos-de-la-infancia-en-castilla-y-leon#respond\"]}]},{\"@type\":\"WebPage\",\"@id\":\"https:\\\/\\\/orientaeduc.com\\\/archivo\\\/educacion\\\/programa-educativo-de-difusion-de-los-derechos-de-la-infancia-en-castilla-y-leon\",\"url\":\"https:\\\/\\\/orientaeduc.com\\\/archivo\\\/educacion\\\/programa-educativo-de-difusion-de-los-derechos-de-la-infancia-en-castilla-y-leon\",\"name\":\"Programa educativo de difusi\u00f3n de los Derechos de la Infancia en Castilla y Le\u00f3n - Orientaeduc\",\"isPartOf\":{\"@id\":\"https:\\\/\\\/orientaeduc.com\\\/archivo\\\/#website\"},\"primaryImageOfPage\":{\"@id\":\"https:\\\/\\\/orientaeduc.com\\\/archivo\\\/educacion\\\/programa-educativo-de-difusion-de-los-derechos-de-la-infancia-en-castilla-y-leon#primaryimage\"},\"image\":{\"@id\":\"https:\\\/\\\/orientaeduc.com\\\/archivo\\\/educacion\\\/programa-educativo-de-difusion-de-los-derechos-de-la-infancia-en-castilla-y-leon#primaryimage\"},\"thumbnailUrl\":\"https:\\\/\\\/storage.googleapis.com\\\/orientaeduc\\\/2007\\\/11\\\/derechos_buzon.jpg\",\"datePublished\":\"2007-11-20T14:17:15+00:00\",\"dateModified\":\"2020-04-07T21:58:17+00:00\",\"breadcrumb\":{\"@id\":\"https:\\\/\\\/orientaeduc.com\\\/archivo\\\/educacion\\\/programa-educativo-de-difusion-de-los-derechos-de-la-infancia-en-castilla-y-leon#breadcrumb\"},\"inLanguage\":\"es\",\"potentialAction\":[{\"@type\":\"ReadAction\",\"target\":[\"https:\\\/\\\/orientaeduc.com\\\/archivo\\\/educacion\\\/programa-educativo-de-difusion-de-los-derechos-de-la-infancia-en-castilla-y-leon\"]}]},{\"@type\":\"ImageObject\",\"inLanguage\":\"es\",\"@id\":\"https:\\\/\\\/orientaeduc.com\\\/archivo\\\/educacion\\\/programa-educativo-de-difusion-de-los-derechos-de-la-infancia-en-castilla-y-leon#primaryimage\",\"url\":\"https:\\\/\\\/storage.googleapis.com\\\/orientaeduc\\\/2007\\\/11\\\/derechos_buzon.jpg\",\"contentUrl\":\"https:\\\/\\\/storage.googleapis.com\\\/orientaeduc\\\/2007\\\/11\\\/derechos_buzon.jpg\",\"width\":187,\"height\":203,\"caption\":\"Image\"},{\"@type\":\"BreadcrumbList\",\"@id\":\"https:\\\/\\\/orientaeduc.com\\\/archivo\\\/educacion\\\/programa-educativo-de-difusion-de-los-derechos-de-la-infancia-en-castilla-y-leon#breadcrumb\",\"itemListElement\":[{\"@type\":\"ListItem\",\"position\":1,\"name\":\"Portada\",\"item\":\"https:\\\/\\\/orientaeduc.com\\\/archivo\"},{\"@type\":\"ListItem\",\"position\":2,\"name\":\"Programa educativo de difusi\u00f3n de los Derechos de la Infancia en Castilla y Le\u00f3n\"}]},{\"@type\":\"WebSite\",\"@id\":\"https:\\\/\\\/orientaeduc.com\\\/archivo\\\/#website\",\"url\":\"https:\\\/\\\/orientaeduc.com\\\/archivo\\\/\",\"name\":\"Orientaeduc\",\"description\":\"Recursos para la Orientaci\u00f3n Educativa\",\"publisher\":{\"@id\":\"https:\\\/\\\/orientaeduc.com\\\/archivo\\\/#organization\"},\"potentialAction\":[{\"@type\":\"SearchAction\",\"target\":{\"@type\":\"EntryPoint\",\"urlTemplate\":\"https:\\\/\\\/orientaeduc.com\\\/archivo\\\/?s={search_term_string}\"},\"query-input\":{\"@type\":\"PropertyValueSpecification\",\"valueRequired\":true,\"valueName\":\"search_term_string\"}}],\"inLanguage\":\"es\"},{\"@type\":\"Organization\",\"@id\":\"https:\\\/\\\/orientaeduc.com\\\/archivo\\\/#organization\",\"name\":\"Orientaeduc.com\",\"url\":\"https:\\\/\\\/orientaeduc.com\\\/archivo\\\/\",\"logo\":{\"@type\":\"ImageObject\",\"inLanguage\":\"es\",\"@id\":\"https:\\\/\\\/orientaeduc.com\\\/archivo\\\/#\\\/schema\\\/logo\\\/image\\\/\",\"url\":\"https:\\\/\\\/orientaeduc.com\\\/archivo\\\/wp-content\\\/uploads\\\/sites\\\/2\\\/2020\\\/04\\\/orientaeduc_logo.png\",\"contentUrl\":\"https:\\\/\\\/orientaeduc.com\\\/archivo\\\/wp-content\\\/uploads\\\/sites\\\/2\\\/2020\\\/04\\\/orientaeduc_logo.png\",\"width\":293,\"height\":76,\"caption\":\"Orientaeduc.com\"},\"image\":{\"@id\":\"https:\\\/\\\/orientaeduc.com\\\/archivo\\\/#\\\/schema\\\/logo\\\/image\\\/\"}},{\"@type\":\"Person\",\"@id\":\"https:\\\/\\\/orientaeduc.com\\\/archivo\\\/#\\\/schema\\\/person\\\/ca93077e3b8d4a14ff357012e2e9a41d\",\"name\":\"lbarriocanal\",\"image\":{\"@type\":\"ImageObject\",\"inLanguage\":\"es\",\"@id\":\"https:\\\/\\\/secure.gravatar.com\\\/avatar\\\/1f6884c182c7dd4f0f5329225cdf4f117f103647fc99811ff87bd059d99aae38?s=96&d=mm&r=g\",\"url\":\"https:\\\/\\\/secure.gravatar.com\\\/avatar\\\/1f6884c182c7dd4f0f5329225cdf4f117f103647fc99811ff87bd059d99aae38?s=96&d=mm&r=g\",\"contentUrl\":\"https:\\\/\\\/secure.gravatar.com\\\/avatar\\\/1f6884c182c7dd4f0f5329225cdf4f117f103647fc99811ff87bd059d99aae38?s=96&d=mm&r=g\",\"caption\":\"lbarriocanal\"},\"sameAs\":[\"https:\\\/\\\/www.facebook.com\\\/lbarriocanal\",\"https:\\\/\\\/www.youtube.com\\\/user\\\/lbarriocanal\\\/\"]}]}<\/script>\n<!-- \/ Yoast SEO plugin. -->","yoast_head_json":{"title":"Programa educativo de difusi\u00f3n de los Derechos de la Infancia en Castilla y Le\u00f3n - Orientaeduc","robots":{"index":"index","follow":"follow","max-snippet":"max-snippet:-1","max-image-preview":"max-image-preview:large","max-video-preview":"max-video-preview:-1"},"canonical":"https:\/\/orientaeduc.com\/archivo\/educacion\/programa-educativo-de-difusion-de-los-derechos-de-la-infancia-en-castilla-y-leon","og_locale":"es_ES","og_type":"article","og_title":"Programa educativo de difusi\u00f3n de los Derechos de la Infancia en Castilla y Le\u00f3n - Orientaeduc","og_description":"Se trata de un programa de informaci\u00f3n y sensibilizaci\u00f3n en materia de Derechos de la Infancia dirigido a que ni\u00f1os y adolescentes conozcan mejor sus derechos y deberes. Los materiales est\u00e1n dirigidos a alumnos de Educaci\u00f3n Primaria y&nbsp; Secundaria Obligatoria y vienen acompa\u00f1ados de las correspondientes&nbsp; gu\u00edas did\u00e1cticas para los docentes.","og_url":"https:\/\/orientaeduc.com\/archivo\/educacion\/programa-educativo-de-difusion-de-los-derechos-de-la-infancia-en-castilla-y-leon","og_site_name":"Orientaeduc","article_author":"https:\/\/www.facebook.com\/lbarriocanal","article_published_time":"2007-11-20T14:17:15+00:00","article_modified_time":"2020-04-07T21:58:17+00:00","og_image":[{"width":187,"height":203,"url":"https:\/\/storage.googleapis.com\/orientaeduc\/2007\/11\/derechos_buzon.jpg","type":"image\/jpeg"}],"author":"lbarriocanal","twitter_card":"summary_large_image","twitter_misc":{"Escrito por":"lbarriocanal","Tiempo de lectura":"2 minutos"},"schema":{"@context":"https:\/\/schema.org","@graph":[{"@type":"Article","@id":"https:\/\/orientaeduc.com\/archivo\/educacion\/programa-educativo-de-difusion-de-los-derechos-de-la-infancia-en-castilla-y-leon#article","isPartOf":{"@id":"https:\/\/orientaeduc.com\/archivo\/educacion\/programa-educativo-de-difusion-de-los-derechos-de-la-infancia-en-castilla-y-leon"},"author":{"name":"lbarriocanal","@id":"https:\/\/orientaeduc.com\/archivo\/#\/schema\/person\/ca93077e3b8d4a14ff357012e2e9a41d"},"headline":"Programa educativo de difusi\u00f3n de los Derechos de la Infancia en Castilla y Le\u00f3n","datePublished":"2007-11-20T14:17:15+00:00","dateModified":"2020-04-07T21:58:17+00:00","mainEntityOfPage":{"@id":"https:\/\/orientaeduc.com\/archivo\/educacion\/programa-educativo-de-difusion-de-los-derechos-de-la-infancia-en-castilla-y-leon"},"wordCount":448,"commentCount":0,"publisher":{"@id":"https:\/\/orientaeduc.com\/archivo\/#organization"},"image":{"@id":"https:\/\/orientaeduc.com\/archivo\/educacion\/programa-educativo-de-difusion-de-los-derechos-de-la-infancia-en-castilla-y-leon#primaryimage"},"thumbnailUrl":"https:\/\/storage.googleapis.com\/orientaeduc\/2007\/11\/derechos_buzon.jpg","articleSection":["Educaci\u00f3n"],"inLanguage":"es","potentialAction":[{"@type":"CommentAction","name":"Comment","target":["https:\/\/orientaeduc.com\/archivo\/educacion\/programa-educativo-de-difusion-de-los-derechos-de-la-infancia-en-castilla-y-leon#respond"]}]},{"@type":"WebPage","@id":"https:\/\/orientaeduc.com\/archivo\/educacion\/programa-educativo-de-difusion-de-los-derechos-de-la-infancia-en-castilla-y-leon","url":"https:\/\/orientaeduc.com\/archivo\/educacion\/programa-educativo-de-difusion-de-los-derechos-de-la-infancia-en-castilla-y-leon","name":"Programa educativo de difusi\u00f3n de los Derechos de la Infancia en Castilla y Le\u00f3n - Orientaeduc","isPartOf":{"@id":"https:\/\/orientaeduc.com\/archivo\/#website"},"primaryImageOfPage":{"@id":"https:\/\/orientaeduc.com\/archivo\/educacion\/programa-educativo-de-difusion-de-los-derechos-de-la-infancia-en-castilla-y-leon#primaryimage"},"image":{"@id":"https:\/\/orientaeduc.com\/archivo\/educacion\/programa-educativo-de-difusion-de-los-derechos-de-la-infancia-en-castilla-y-leon#primaryimage"},"thumbnailUrl":"https:\/\/storage.googleapis.com\/orientaeduc\/2007\/11\/derechos_buzon.jpg","datePublished":"2007-11-20T14:17:15+00:00","dateModified":"2020-04-07T21:58:17+00:00","breadcrumb":{"@id":"https:\/\/orientaeduc.com\/archivo\/educacion\/programa-educativo-de-difusion-de-los-derechos-de-la-infancia-en-castilla-y-leon#breadcrumb"},"inLanguage":"es","potentialAction":[{"@type":"ReadAction","target":["https:\/\/orientaeduc.com\/archivo\/educacion\/programa-educativo-de-difusion-de-los-derechos-de-la-infancia-en-castilla-y-leon"]}]},{"@type":"ImageObject","inLanguage":"es","@id":"https:\/\/orientaeduc.com\/archivo\/educacion\/programa-educativo-de-difusion-de-los-derechos-de-la-infancia-en-castilla-y-leon#primaryimage","url":"https:\/\/storage.googleapis.com\/orientaeduc\/2007\/11\/derechos_buzon.jpg","contentUrl":"https:\/\/storage.googleapis.com\/orientaeduc\/2007\/11\/derechos_buzon.jpg","width":187,"height":203,"caption":"Image"},{"@type":"BreadcrumbList","@id":"https:\/\/orientaeduc.com\/archivo\/educacion\/programa-educativo-de-difusion-de-los-derechos-de-la-infancia-en-castilla-y-leon#breadcrumb","itemListElement":[{"@type":"ListItem","position":1,"name":"Portada","item":"https:\/\/orientaeduc.com\/archivo"},{"@type":"ListItem","position":2,"name":"Programa educativo de difusi\u00f3n de los Derechos de la Infancia en Castilla y Le\u00f3n"}]},{"@type":"WebSite","@id":"https:\/\/orientaeduc.com\/archivo\/#website","url":"https:\/\/orientaeduc.com\/archivo\/","name":"Orientaeduc","description":"Recursos para la Orientaci\u00f3n Educativa","publisher":{"@id":"https:\/\/orientaeduc.com\/archivo\/#organization"},"potentialAction":[{"@type":"SearchAction","target":{"@type":"EntryPoint","urlTemplate":"https:\/\/orientaeduc.com\/archivo\/?s={search_term_string}"},"query-input":{"@type":"PropertyValueSpecification","valueRequired":true,"valueName":"search_term_string"}}],"inLanguage":"es"},{"@type":"Organization","@id":"https:\/\/orientaeduc.com\/archivo\/#organization","name":"Orientaeduc.com","url":"https:\/\/orientaeduc.com\/archivo\/","logo":{"@type":"ImageObject","inLanguage":"es","@id":"https:\/\/orientaeduc.com\/archivo\/#\/schema\/logo\/image\/","url":"https:\/\/orientaeduc.com\/archivo\/wp-content\/uploads\/sites\/2\/2020\/04\/orientaeduc_logo.png","contentUrl":"https:\/\/orientaeduc.com\/archivo\/wp-content\/uploads\/sites\/2\/2020\/04\/orientaeduc_logo.png","width":293,"height":76,"caption":"Orientaeduc.com"},"image":{"@id":"https:\/\/orientaeduc.com\/archivo\/#\/schema\/logo\/image\/"}},{"@type":"Person","@id":"https:\/\/orientaeduc.com\/archivo\/#\/schema\/person\/ca93077e3b8d4a14ff357012e2e9a41d","name":"lbarriocanal","image":{"@type":"ImageObject","inLanguage":"es","@id":"https:\/\/secure.gravatar.com\/avatar\/1f6884c182c7dd4f0f5329225cdf4f117f103647fc99811ff87bd059d99aae38?s=96&d=mm&r=g","url":"https:\/\/secure.gravatar.com\/avatar\/1f6884c182c7dd4f0f5329225cdf4f117f103647fc99811ff87bd059d99aae38?s=96&d=mm&r=g","contentUrl":"https:\/\/secure.gravatar.com\/avatar\/1f6884c182c7dd4f0f5329225cdf4f117f103647fc99811ff87bd059d99aae38?s=96&d=mm&r=g","caption":"lbarriocanal"},"sameAs":["https:\/\/www.facebook.com\/lbarriocanal","https:\/\/www.youtube.com\/user\/lbarriocanal\/"]}]}},"_links":{"self":[{"href":"https:\/\/orientaeduc.com\/archivo\/wp-json\/wp\/v2\/posts\/1467","targetHints":{"allow":["GET"]}}],"collection":[{"href":"https:\/\/orientaeduc.com\/archivo\/wp-json\/wp\/v2\/posts"}],"about":[{"href":"https:\/\/orientaeduc.com\/archivo\/wp-json\/wp\/v2\/types\/post"}],"author":[{"embeddable":true,"href":"https:\/\/orientaeduc.com\/archivo\/wp-json\/wp\/v2\/users\/4"}],"replies":[{"embeddable":true,"href":"https:\/\/orientaeduc.com\/archivo\/wp-json\/wp\/v2\/comments?post=1467"}],"version-history":[{"count":0,"href":"https:\/\/orientaeduc.com\/archivo\/wp-json\/wp\/v2\/posts\/1467\/revisions"}],"wp:featuredmedia":[{"embeddable":true,"href":"https:\/\/orientaeduc.com\/archivo\/wp-json\/wp\/v2\/media\/1464"}],"wp:attachment":[{"href":"https:\/\/orientaeduc.com\/archivo\/wp-json\/wp\/v2\/media?parent=1467"}],"wp:term":[{"taxonomy":"category","embeddable":true,"href":"https:\/\/orientaeduc.com\/archivo\/wp-json\/wp\/v2\/categories?post=1467"},{"taxonomy":"post_tag","embeddable":true,"href":"https:\/\/orientaeduc.com\/archivo\/wp-json\/wp\/v2\/tags?post=1467"}],"curies":[{"name":"wp","href":"https:\/\/api.w.org\/{rel}","templated":true}]}}