{"id":1471,"date":"2007-12-17T04:11:35","date_gmt":"2007-12-17T04:11:35","guid":{"rendered":"https:\/\/orientaeduc.com\/archivo\/2007\/12\/17\/radiografia-del-alumnado-extranjero-en-espana\/"},"modified":"2020-04-08T15:55:55","modified_gmt":"2020-04-08T15:55:55","slug":"radiografia-del-alumnado-extranjero-en-espana","status":"publish","type":"post","link":"https:\/\/orientaeduc.com\/archivo\/educacion\/ed-intercultural\/radiografia-del-alumnado-extranjero-en-espana","title":{"rendered":"Radiograf\u00eda del alumnado extranjero en Espa\u00f1a"},"content":{"rendered":"<p><img loading=\"lazy\" decoding=\"async\" class=\" alignleft size-full wp-image-1470\" style=\"margin-right: 6px; float: left;\" title=\"inmigracionescuelas.portadilla.jpg\" src=\"https:\/\/orientaeduc.com\/archivo\/wp-content\/uploads\/sites\/2\/2007\/12\/inmigracionescuelas.portadilla.jpg\" alt=\"inmigracionescuelas.portadilla.jpg\" width=\"80\" height=\"100\" \/>M\u00e1s de 600.000 extranjeros cursan actualmente ense\u00f1anzas no universitarias en Espa\u00f1a, representando a un 8,4% de los alumnos matriculados en ense\u00f1anzas no universitarias en nuestro pa\u00eds. \u00bfDe d\u00f3nde vienen estos alumnos? \u00bfEn qu\u00e9 centros estudian? \u00bfEn qu\u00e9 niveles educativos tienen mayor presencia?<\/p>\n<p><a href=\"http:\/\/www.consumer.es\/web\/es\/educacion\/escolar\/2007\/12\/16\/172986.php\">Radiograf\u00eda del alumnado extranjero en Espa\u00f1a<\/a>\u00a0 [<a href=\"http:\/\/www.consumer.es\/educacion\/\">Consumer Educaci\u00f3n<\/a>]<\/p>\n","protected":false},"excerpt":{"rendered":"<p>M\u00e1s de 600.000 extranjeros cursan actualmente ense\u00f1anzas no universitarias en Espa\u00f1a, representando a un 8,4% de los alumnos matriculados en ense\u00f1anzas no universitarias en nuestro pa\u00eds. \u00bfDe d\u00f3nde vienen estos alumnos? \u00bfEn qu\u00e9 centros estudian? \u00bfEn qu\u00e9 niveles educativos tienen mayor presencia? Radiograf\u00eda del alumnado extranjero en Espa\u00f1a\u00a0 [Consumer Educaci\u00f3n]<\/p>\n","protected":false},"author":4,"featured_media":1946,"comment_status":"open","ping_status":"open","sticky":false,"template":"","format":"standard","meta":{"_et_pb_use_builder":"","_et_pb_old_content":"","_et_gb_content_width":"","footnotes":""},"categories":[27],"tags":[],"class_list":["post-1471","post","type-post","status-publish","format-standard","has-post-thumbnail","hentry","category-ed-intercultural","et-has-post-format-content","et_post_format-et-post-format-standard"],"yoast_head":"<!-- This site is optimized with the Yoast SEO plugin v27.4 - https:\/\/yoast.com\/product\/yoast-seo-wordpress\/ -->\n<title>Radiograf\u00eda del alumnado extranjero en Espa\u00f1a - Orientaeduc<\/title>\n<meta name=\"robots\" content=\"index, follow, max-snippet:-1, max-image-preview:large, max-video-preview:-1\" \/>\n<link rel=\"canonical\" href=\"https:\/\/orientaeduc.com\/archivo\/educacion\/ed-intercultural\/radiografia-del-alumnado-extranjero-en-espana\" \/>\n<meta property=\"og:locale\" content=\"es_ES\" \/>\n<meta property=\"og:type\" content=\"article\" \/>\n<meta property=\"og:title\" content=\"Radiograf\u00eda del alumnado extranjero en Espa\u00f1a - Orientaeduc\" \/>\n<meta property=\"og:description\" content=\"M\u00e1s de 600.000 extranjeros cursan actualmente ense\u00f1anzas no universitarias en Espa\u00f1a, representando a un 8,4% de los alumnos matriculados en ense\u00f1anzas no universitarias en nuestro pa\u00eds. \u00bfDe d\u00f3nde vienen estos alumnos? \u00bfEn qu\u00e9 centros estudian? \u00bfEn qu\u00e9 niveles educativos tienen mayor presencia? Radiograf\u00eda del alumnado extranjero en Espa\u00f1a\u00a0 [Consumer Educaci\u00f3n]\" \/>\n<meta property=\"og:url\" content=\"https:\/\/orientaeduc.com\/archivo\/educacion\/ed-intercultural\/radiografia-del-alumnado-extranjero-en-espana\" \/>\n<meta property=\"og:site_name\" content=\"Orientaeduc\" \/>\n<meta property=\"article:author\" content=\"https:\/\/www.facebook.com\/lbarriocanal\" \/>\n<meta property=\"article:published_time\" content=\"2007-12-17T04:11:35+00:00\" \/>\n<meta property=\"article:modified_time\" content=\"2020-04-08T15:55:55+00:00\" \/>\n<meta property=\"og:image\" content=\"https:\/\/storage.googleapis.com\/orientaeduc\/2007\/12\/alumnado-extranjero.jpg\" \/>\n\t<meta property=\"og:image:width\" content=\"649\" \/>\n\t<meta property=\"og:image:height\" content=\"406\" \/>\n\t<meta property=\"og:image:type\" content=\"image\/jpeg\" \/>\n<meta name=\"author\" content=\"lbarriocanal\" \/>\n<meta name=\"twitter:card\" content=\"summary_large_image\" \/>\n<meta name=\"twitter:label1\" content=\"Escrito por\" \/>\n\t<meta name=\"twitter:data1\" content=\"lbarriocanal\" \/>\n<script type=\"application\/ld+json\" class=\"yoast-schema-graph\">{\"@context\":\"https:\\\/\\\/schema.org\",\"@graph\":[{\"@type\":\"Article\",\"@id\":\"https:\\\/\\\/orientaeduc.com\\\/archivo\\\/educacion\\\/ed-intercultural\\\/radiografia-del-alumnado-extranjero-en-espana#article\",\"isPartOf\":{\"@id\":\"https:\\\/\\\/orientaeduc.com\\\/archivo\\\/educacion\\\/ed-intercultural\\\/radiografia-del-alumnado-extranjero-en-espana\"},\"author\":{\"name\":\"lbarriocanal\",\"@id\":\"https:\\\/\\\/orientaeduc.com\\\/archivo\\\/#\\\/schema\\\/person\\\/ca93077e3b8d4a14ff357012e2e9a41d\"},\"headline\":\"Radiograf\u00eda del alumnado extranjero en Espa\u00f1a\",\"datePublished\":\"2007-12-17T04:11:35+00:00\",\"dateModified\":\"2020-04-08T15:55:55+00:00\",\"mainEntityOfPage\":{\"@id\":\"https:\\\/\\\/orientaeduc.com\\\/archivo\\\/educacion\\\/ed-intercultural\\\/radiografia-del-alumnado-extranjero-en-espana\"},\"wordCount\":65,\"commentCount\":0,\"publisher\":{\"@id\":\"https:\\\/\\\/orientaeduc.com\\\/archivo\\\/#organization\"},\"image\":{\"@id\":\"https:\\\/\\\/orientaeduc.com\\\/archivo\\\/educacion\\\/ed-intercultural\\\/radiografia-del-alumnado-extranjero-en-espana#primaryimage\"},\"thumbnailUrl\":\"https:\\\/\\\/storage.googleapis.com\\\/orientaeduc\\\/2007\\\/12\\\/alumnado-extranjero.jpg\",\"articleSection\":[\"Ed.Intercultural\"],\"inLanguage\":\"es\",\"potentialAction\":[{\"@type\":\"CommentAction\",\"name\":\"Comment\",\"target\":[\"https:\\\/\\\/orientaeduc.com\\\/archivo\\\/educacion\\\/ed-intercultural\\\/radiografia-del-alumnado-extranjero-en-espana#respond\"]}]},{\"@type\":\"WebPage\",\"@id\":\"https:\\\/\\\/orientaeduc.com\\\/archivo\\\/educacion\\\/ed-intercultural\\\/radiografia-del-alumnado-extranjero-en-espana\",\"url\":\"https:\\\/\\\/orientaeduc.com\\\/archivo\\\/educacion\\\/ed-intercultural\\\/radiografia-del-alumnado-extranjero-en-espana\",\"name\":\"Radiograf\u00eda del alumnado extranjero en Espa\u00f1a - Orientaeduc\",\"isPartOf\":{\"@id\":\"https:\\\/\\\/orientaeduc.com\\\/archivo\\\/#website\"},\"primaryImageOfPage\":{\"@id\":\"https:\\\/\\\/orientaeduc.com\\\/archivo\\\/educacion\\\/ed-intercultural\\\/radiografia-del-alumnado-extranjero-en-espana#primaryimage\"},\"image\":{\"@id\":\"https:\\\/\\\/orientaeduc.com\\\/archivo\\\/educacion\\\/ed-intercultural\\\/radiografia-del-alumnado-extranjero-en-espana#primaryimage\"},\"thumbnailUrl\":\"https:\\\/\\\/storage.googleapis.com\\\/orientaeduc\\\/2007\\\/12\\\/alumnado-extranjero.jpg\",\"datePublished\":\"2007-12-17T04:11:35+00:00\",\"dateModified\":\"2020-04-08T15:55:55+00:00\",\"breadcrumb\":{\"@id\":\"https:\\\/\\\/orientaeduc.com\\\/archivo\\\/educacion\\\/ed-intercultural\\\/radiografia-del-alumnado-extranjero-en-espana#breadcrumb\"},\"inLanguage\":\"es\",\"potentialAction\":[{\"@type\":\"ReadAction\",\"target\":[\"https:\\\/\\\/orientaeduc.com\\\/archivo\\\/educacion\\\/ed-intercultural\\\/radiografia-del-alumnado-extranjero-en-espana\"]}]},{\"@type\":\"ImageObject\",\"inLanguage\":\"es\",\"@id\":\"https:\\\/\\\/orientaeduc.com\\\/archivo\\\/educacion\\\/ed-intercultural\\\/radiografia-del-alumnado-extranjero-en-espana#primaryimage\",\"url\":\"https:\\\/\\\/storage.googleapis.com\\\/orientaeduc\\\/2007\\\/12\\\/alumnado-extranjero.jpg\",\"contentUrl\":\"https:\\\/\\\/storage.googleapis.com\\\/orientaeduc\\\/2007\\\/12\\\/alumnado-extranjero.jpg\",\"width\":649,\"height\":406,\"caption\":\"alumnado extranjero\"},{\"@type\":\"BreadcrumbList\",\"@id\":\"https:\\\/\\\/orientaeduc.com\\\/archivo\\\/educacion\\\/ed-intercultural\\\/radiografia-del-alumnado-extranjero-en-espana#breadcrumb\",\"itemListElement\":[{\"@type\":\"ListItem\",\"position\":1,\"name\":\"Portada\",\"item\":\"https:\\\/\\\/orientaeduc.com\\\/archivo\"},{\"@type\":\"ListItem\",\"position\":2,\"name\":\"Radiograf\u00eda del alumnado extranjero en Espa\u00f1a\"}]},{\"@type\":\"WebSite\",\"@id\":\"https:\\\/\\\/orientaeduc.com\\\/archivo\\\/#website\",\"url\":\"https:\\\/\\\/orientaeduc.com\\\/archivo\\\/\",\"name\":\"Orientaeduc\",\"description\":\"Recursos para la Orientaci\u00f3n Educativa\",\"publisher\":{\"@id\":\"https:\\\/\\\/orientaeduc.com\\\/archivo\\\/#organization\"},\"potentialAction\":[{\"@type\":\"SearchAction\",\"target\":{\"@type\":\"EntryPoint\",\"urlTemplate\":\"https:\\\/\\\/orientaeduc.com\\\/archivo\\\/?s={search_term_string}\"},\"query-input\":{\"@type\":\"PropertyValueSpecification\",\"valueRequired\":true,\"valueName\":\"search_term_string\"}}],\"inLanguage\":\"es\"},{\"@type\":\"Organization\",\"@id\":\"https:\\\/\\\/orientaeduc.com\\\/archivo\\\/#organization\",\"name\":\"Orientaeduc.com\",\"url\":\"https:\\\/\\\/orientaeduc.com\\\/archivo\\\/\",\"logo\":{\"@type\":\"ImageObject\",\"inLanguage\":\"es\",\"@id\":\"https:\\\/\\\/orientaeduc.com\\\/archivo\\\/#\\\/schema\\\/logo\\\/image\\\/\",\"url\":\"https:\\\/\\\/orientaeduc.com\\\/archivo\\\/wp-content\\\/uploads\\\/sites\\\/2\\\/2020\\\/04\\\/orientaeduc_logo.png\",\"contentUrl\":\"https:\\\/\\\/orientaeduc.com\\\/archivo\\\/wp-content\\\/uploads\\\/sites\\\/2\\\/2020\\\/04\\\/orientaeduc_logo.png\",\"width\":293,\"height\":76,\"caption\":\"Orientaeduc.com\"},\"image\":{\"@id\":\"https:\\\/\\\/orientaeduc.com\\\/archivo\\\/#\\\/schema\\\/logo\\\/image\\\/\"}},{\"@type\":\"Person\",\"@id\":\"https:\\\/\\\/orientaeduc.com\\\/archivo\\\/#\\\/schema\\\/person\\\/ca93077e3b8d4a14ff357012e2e9a41d\",\"name\":\"lbarriocanal\",\"image\":{\"@type\":\"ImageObject\",\"inLanguage\":\"es\",\"@id\":\"https:\\\/\\\/secure.gravatar.com\\\/avatar\\\/1f6884c182c7dd4f0f5329225cdf4f117f103647fc99811ff87bd059d99aae38?s=96&d=mm&r=g\",\"url\":\"https:\\\/\\\/secure.gravatar.com\\\/avatar\\\/1f6884c182c7dd4f0f5329225cdf4f117f103647fc99811ff87bd059d99aae38?s=96&d=mm&r=g\",\"contentUrl\":\"https:\\\/\\\/secure.gravatar.com\\\/avatar\\\/1f6884c182c7dd4f0f5329225cdf4f117f103647fc99811ff87bd059d99aae38?s=96&d=mm&r=g\",\"caption\":\"lbarriocanal\"},\"sameAs\":[\"https:\\\/\\\/www.facebook.com\\\/lbarriocanal\",\"https:\\\/\\\/www.youtube.com\\\/user\\\/lbarriocanal\\\/\"]}]}<\/script>\n<!-- \/ Yoast SEO plugin. -->","yoast_head_json":{"title":"Radiograf\u00eda del alumnado extranjero en Espa\u00f1a - Orientaeduc","robots":{"index":"index","follow":"follow","max-snippet":"max-snippet:-1","max-image-preview":"max-image-preview:large","max-video-preview":"max-video-preview:-1"},"canonical":"https:\/\/orientaeduc.com\/archivo\/educacion\/ed-intercultural\/radiografia-del-alumnado-extranjero-en-espana","og_locale":"es_ES","og_type":"article","og_title":"Radiograf\u00eda del alumnado extranjero en Espa\u00f1a - Orientaeduc","og_description":"M\u00e1s de 600.000 extranjeros cursan actualmente ense\u00f1anzas no universitarias en Espa\u00f1a, representando a un 8,4% de los alumnos matriculados en ense\u00f1anzas no universitarias en nuestro pa\u00eds. \u00bfDe d\u00f3nde vienen estos alumnos? \u00bfEn qu\u00e9 centros estudian? \u00bfEn qu\u00e9 niveles educativos tienen mayor presencia? Radiograf\u00eda del alumnado extranjero en Espa\u00f1a\u00a0 [Consumer Educaci\u00f3n]","og_url":"https:\/\/orientaeduc.com\/archivo\/educacion\/ed-intercultural\/radiografia-del-alumnado-extranjero-en-espana","og_site_name":"Orientaeduc","article_author":"https:\/\/www.facebook.com\/lbarriocanal","article_published_time":"2007-12-17T04:11:35+00:00","article_modified_time":"2020-04-08T15:55:55+00:00","og_image":[{"width":649,"height":406,"url":"https:\/\/storage.googleapis.com\/orientaeduc\/2007\/12\/alumnado-extranjero.jpg","type":"image\/jpeg"}],"author":"lbarriocanal","twitter_card":"summary_large_image","twitter_misc":{"Escrito por":"lbarriocanal"},"schema":{"@context":"https:\/\/schema.org","@graph":[{"@type":"Article","@id":"https:\/\/orientaeduc.com\/archivo\/educacion\/ed-intercultural\/radiografia-del-alumnado-extranjero-en-espana#article","isPartOf":{"@id":"https:\/\/orientaeduc.com\/archivo\/educacion\/ed-intercultural\/radiografia-del-alumnado-extranjero-en-espana"},"author":{"name":"lbarriocanal","@id":"https:\/\/orientaeduc.com\/archivo\/#\/schema\/person\/ca93077e3b8d4a14ff357012e2e9a41d"},"headline":"Radiograf\u00eda del alumnado extranjero en Espa\u00f1a","datePublished":"2007-12-17T04:11:35+00:00","dateModified":"2020-04-08T15:55:55+00:00","mainEntityOfPage":{"@id":"https:\/\/orientaeduc.com\/archivo\/educacion\/ed-intercultural\/radiografia-del-alumnado-extranjero-en-espana"},"wordCount":65,"commentCount":0,"publisher":{"@id":"https:\/\/orientaeduc.com\/archivo\/#organization"},"image":{"@id":"https:\/\/orientaeduc.com\/archivo\/educacion\/ed-intercultural\/radiografia-del-alumnado-extranjero-en-espana#primaryimage"},"thumbnailUrl":"https:\/\/storage.googleapis.com\/orientaeduc\/2007\/12\/alumnado-extranjero.jpg","articleSection":["Ed.Intercultural"],"inLanguage":"es","potentialAction":[{"@type":"CommentAction","name":"Comment","target":["https:\/\/orientaeduc.com\/archivo\/educacion\/ed-intercultural\/radiografia-del-alumnado-extranjero-en-espana#respond"]}]},{"@type":"WebPage","@id":"https:\/\/orientaeduc.com\/archivo\/educacion\/ed-intercultural\/radiografia-del-alumnado-extranjero-en-espana","url":"https:\/\/orientaeduc.com\/archivo\/educacion\/ed-intercultural\/radiografia-del-alumnado-extranjero-en-espana","name":"Radiograf\u00eda del alumnado extranjero en Espa\u00f1a - Orientaeduc","isPartOf":{"@id":"https:\/\/orientaeduc.com\/archivo\/#website"},"primaryImageOfPage":{"@id":"https:\/\/orientaeduc.com\/archivo\/educacion\/ed-intercultural\/radiografia-del-alumnado-extranjero-en-espana#primaryimage"},"image":{"@id":"https:\/\/orientaeduc.com\/archivo\/educacion\/ed-intercultural\/radiografia-del-alumnado-extranjero-en-espana#primaryimage"},"thumbnailUrl":"https:\/\/storage.googleapis.com\/orientaeduc\/2007\/12\/alumnado-extranjero.jpg","datePublished":"2007-12-17T04:11:35+00:00","dateModified":"2020-04-08T15:55:55+00:00","breadcrumb":{"@id":"https:\/\/orientaeduc.com\/archivo\/educacion\/ed-intercultural\/radiografia-del-alumnado-extranjero-en-espana#breadcrumb"},"inLanguage":"es","potentialAction":[{"@type":"ReadAction","target":["https:\/\/orientaeduc.com\/archivo\/educacion\/ed-intercultural\/radiografia-del-alumnado-extranjero-en-espana"]}]},{"@type":"ImageObject","inLanguage":"es","@id":"https:\/\/orientaeduc.com\/archivo\/educacion\/ed-intercultural\/radiografia-del-alumnado-extranjero-en-espana#primaryimage","url":"https:\/\/storage.googleapis.com\/orientaeduc\/2007\/12\/alumnado-extranjero.jpg","contentUrl":"https:\/\/storage.googleapis.com\/orientaeduc\/2007\/12\/alumnado-extranjero.jpg","width":649,"height":406,"caption":"alumnado extranjero"},{"@type":"BreadcrumbList","@id":"https:\/\/orientaeduc.com\/archivo\/educacion\/ed-intercultural\/radiografia-del-alumnado-extranjero-en-espana#breadcrumb","itemListElement":[{"@type":"ListItem","position":1,"name":"Portada","item":"https:\/\/orientaeduc.com\/archivo"},{"@type":"ListItem","position":2,"name":"Radiograf\u00eda del alumnado extranjero en Espa\u00f1a"}]},{"@type":"WebSite","@id":"https:\/\/orientaeduc.com\/archivo\/#website","url":"https:\/\/orientaeduc.com\/archivo\/","name":"Orientaeduc","description":"Recursos para la Orientaci\u00f3n Educativa","publisher":{"@id":"https:\/\/orientaeduc.com\/archivo\/#organization"},"potentialAction":[{"@type":"SearchAction","target":{"@type":"EntryPoint","urlTemplate":"https:\/\/orientaeduc.com\/archivo\/?s={search_term_string}"},"query-input":{"@type":"PropertyValueSpecification","valueRequired":true,"valueName":"search_term_string"}}],"inLanguage":"es"},{"@type":"Organization","@id":"https:\/\/orientaeduc.com\/archivo\/#organization","name":"Orientaeduc.com","url":"https:\/\/orientaeduc.com\/archivo\/","logo":{"@type":"ImageObject","inLanguage":"es","@id":"https:\/\/orientaeduc.com\/archivo\/#\/schema\/logo\/image\/","url":"https:\/\/orientaeduc.com\/archivo\/wp-content\/uploads\/sites\/2\/2020\/04\/orientaeduc_logo.png","contentUrl":"https:\/\/orientaeduc.com\/archivo\/wp-content\/uploads\/sites\/2\/2020\/04\/orientaeduc_logo.png","width":293,"height":76,"caption":"Orientaeduc.com"},"image":{"@id":"https:\/\/orientaeduc.com\/archivo\/#\/schema\/logo\/image\/"}},{"@type":"Person","@id":"https:\/\/orientaeduc.com\/archivo\/#\/schema\/person\/ca93077e3b8d4a14ff357012e2e9a41d","name":"lbarriocanal","image":{"@type":"ImageObject","inLanguage":"es","@id":"https:\/\/secure.gravatar.com\/avatar\/1f6884c182c7dd4f0f5329225cdf4f117f103647fc99811ff87bd059d99aae38?s=96&d=mm&r=g","url":"https:\/\/secure.gravatar.com\/avatar\/1f6884c182c7dd4f0f5329225cdf4f117f103647fc99811ff87bd059d99aae38?s=96&d=mm&r=g","contentUrl":"https:\/\/secure.gravatar.com\/avatar\/1f6884c182c7dd4f0f5329225cdf4f117f103647fc99811ff87bd059d99aae38?s=96&d=mm&r=g","caption":"lbarriocanal"},"sameAs":["https:\/\/www.facebook.com\/lbarriocanal","https:\/\/www.youtube.com\/user\/lbarriocanal\/"]}]}},"_links":{"self":[{"href":"https:\/\/orientaeduc.com\/archivo\/wp-json\/wp\/v2\/posts\/1471","targetHints":{"allow":["GET"]}}],"collection":[{"href":"https:\/\/orientaeduc.com\/archivo\/wp-json\/wp\/v2\/posts"}],"about":[{"href":"https:\/\/orientaeduc.com\/archivo\/wp-json\/wp\/v2\/types\/post"}],"author":[{"embeddable":true,"href":"https:\/\/orientaeduc.com\/archivo\/wp-json\/wp\/v2\/users\/4"}],"replies":[{"embeddable":true,"href":"https:\/\/orientaeduc.com\/archivo\/wp-json\/wp\/v2\/comments?post=1471"}],"version-history":[{"count":0,"href":"https:\/\/orientaeduc.com\/archivo\/wp-json\/wp\/v2\/posts\/1471\/revisions"}],"wp:featuredmedia":[{"embeddable":true,"href":"https:\/\/orientaeduc.com\/archivo\/wp-json\/wp\/v2\/media\/1946"}],"wp:attachment":[{"href":"https:\/\/orientaeduc.com\/archivo\/wp-json\/wp\/v2\/media?parent=1471"}],"wp:term":[{"taxonomy":"category","embeddable":true,"href":"https:\/\/orientaeduc.com\/archivo\/wp-json\/wp\/v2\/categories?post=1471"},{"taxonomy":"post_tag","embeddable":true,"href":"https:\/\/orientaeduc.com\/archivo\/wp-json\/wp\/v2\/tags?post=1471"}],"curies":[{"name":"wp","href":"https:\/\/api.w.org\/{rel}","templated":true}]}}