{"id":1473,"date":"2008-01-20T12:40:56","date_gmt":"2008-01-20T12:40:56","guid":{"rendered":"https:\/\/orientaeduc.com\/archivo\/2008\/01\/20\/la-actuacion-ante-el-maltrato-entre-iguales-en-el-centro-educativo\/"},"modified":"2020-04-07T18:32:00","modified_gmt":"2020-04-07T18:32:00","slug":"la-actuacion-ante-el-maltrato-entre-iguales-en-el-centro-educativo","status":"publish","type":"post","link":"https:\/\/orientaeduc.com\/archivo\/educacion\/convivencia\/la-actuacion-ante-el-maltrato-entre-iguales-en-el-centro-educativo","title":{"rendered":"La actuaci\u00f3n ante el maltrato entre iguales en el centro educativo"},"content":{"rendered":"<p><img loading=\"lazy\" decoding=\"async\" class=\" alignleft size-full wp-image-1472\" title=\"guia_sol.jpg\" alt=\"guia_sol.jpg\" src=\"https:\/\/orientaeduc.com\/archivo\/wp-content\/uploads\/sites\/2\/2008\/01\/guia_sol.jpg\" align=\"left\" width=\"99\" height=\"120\" \/>Una gu\u00eda de consulta para el profesorado y los equipos directivos, sin cuya participaci\u00f3n activa no es posible prevenir y encauzar las situaciones de maltrato entre iguales que ocasionalmente se producen en los centros educativos. Sus autoras son Soledad Andr\u00e9s y \u00c1ngela Barrios y tiene un car\u00e1cter eminentemente pr\u00e1ctico y divulgativo.<\/p>\n<p>  <!--more-->  <\/p>\n<p>Est\u00e1 dirigida a que los docentes tomen conciencia respecto a la existencia de casos y situaciones de maltrato entre escolares y act\u00faen en consecuencia colaborando en promover, crear y mantener una cultura de convivencia en el centro y, en consecuencia, se impliquen en la elaboraci\u00f3n de programas para prevenirlo, aprendan a detectarlo, sepan c\u00f3mo intervenir y manejen recursos o estrategias para resolverlo.<\/p>\n<p>La Gu\u00eda est\u00e1 estructurada en tres partes claramente diferenciadas: <br \/>La primera est\u00e1 destinada a aclarar conceptos relacionados con el maltrato entre iguales. Incluye la descripci\u00f3n y an\u00e1lisis de casos e intenta delimitar aquellas situaciones que pudieran ser calificadas como maltrato entre iguales de aquellas otras que no lo son. <br \/>La segunda parte incluye una aproximaci\u00f3n a las actuaciones y estrategias que pueden llevarse a cabo en los centros educativos para prevenir, intervenir, evaluar y realizar el seguimiento en materia de maltrato entre iguales. En esta parte se pone el \u00e9nfasis en la importancia de la tutor\u00eda como recurso educativo y se recuerda que todo lo que ocurre en el espacio y el tiempo escolar tiene car\u00e1cter educativo y es responsabilidad de de todos los miembros de la comunidad velar para que no se produzcan episodios de maltrato entre escolares. <br \/>Finalmente, la tercera parte incluye un breve listado de referencias para ampliar, profundizar y saber m\u00e1s en relaci\u00f3n con este tema.<\/p>\n<p>El material forma parte de una colecci\u00f3n de Gu\u00edas de Ayuda para Educadores editadas por El Defensor del Menor en la Comunidad de Madrid y Obra Social Caja Madrid. Dentro de esta colecci\u00f3n pueden encontrarse otros protocolos de respuesta para equipos directivos y profesorado ante situaciones problem\u00e1ticas en los centros educativos muy interesantes relacionados con accidentes, alergias, epilepsia, maltrato infantil, etc. Todas ellas se pueden descargar en formato PDF.<\/p>\n<ul>\n<li><strong><a href=\"http:\/\/www.obrasocialcajamadrid.es\/ObraSocial\/os_cruce\/0,0,0_1775841_0_0,00.html\"><strong>Acceso al material<\/strong><\/a><\/strong><\/li>\n<\/ul>\n<p><strong> <\/strong><\/p>\n<ul>\n<li>V\u00eda <a href=\"http:\/\/www.educacionenvalores.org\" target=\"_blank\" rel=\"noopener noreferrer\">www.educacionenvalores.org<\/a><\/li>\n<\/ul>\n","protected":false},"excerpt":{"rendered":"<p>Una gu\u00eda de consulta para el profesorado y los equipos directivos, sin cuya participaci\u00f3n activa no es posible prevenir y encauzar las situaciones de maltrato entre iguales que ocasionalmente se producen en los centros educativos. Sus autoras son Soledad Andr\u00e9s y \u00c1ngela Barrios y tiene un car\u00e1cter eminentemente pr\u00e1ctico y divulgativo.<\/p>\n","protected":false},"author":4,"featured_media":1472,"comment_status":"open","ping_status":"open","sticky":false,"template":"","format":"standard","meta":{"_et_pb_use_builder":"","_et_pb_old_content":"","_et_gb_content_width":"","footnotes":""},"categories":[66],"tags":[],"class_list":["post-1473","post","type-post","status-publish","format-standard","has-post-thumbnail","hentry","category-convivencia","et-has-post-format-content","et_post_format-et-post-format-standard"],"yoast_head":"<!-- This site is optimized with the Yoast SEO plugin v27.4 - https:\/\/yoast.com\/product\/yoast-seo-wordpress\/ -->\n<title>La actuaci\u00f3n ante el maltrato entre iguales en el centro educativo - Orientaeduc<\/title>\n<meta name=\"robots\" content=\"index, follow, max-snippet:-1, max-image-preview:large, max-video-preview:-1\" \/>\n<link rel=\"canonical\" href=\"https:\/\/orientaeduc.com\/archivo\/educacion\/convivencia\/la-actuacion-ante-el-maltrato-entre-iguales-en-el-centro-educativo\" \/>\n<meta property=\"og:locale\" content=\"es_ES\" \/>\n<meta property=\"og:type\" content=\"article\" \/>\n<meta property=\"og:title\" content=\"La actuaci\u00f3n ante el maltrato entre iguales en el centro educativo - Orientaeduc\" \/>\n<meta property=\"og:description\" content=\"Una gu\u00eda de consulta para el profesorado y los equipos directivos, sin cuya participaci\u00f3n activa no es posible prevenir y encauzar las situaciones de maltrato entre iguales que ocasionalmente se producen en los centros educativos. Sus autoras son Soledad Andr\u00e9s y \u00c1ngela Barrios y tiene un car\u00e1cter eminentemente pr\u00e1ctico y divulgativo.\" \/>\n<meta property=\"og:url\" content=\"https:\/\/orientaeduc.com\/archivo\/educacion\/convivencia\/la-actuacion-ante-el-maltrato-entre-iguales-en-el-centro-educativo\" \/>\n<meta property=\"og:site_name\" content=\"Orientaeduc\" \/>\n<meta property=\"article:author\" content=\"https:\/\/www.facebook.com\/lbarriocanal\" \/>\n<meta property=\"article:published_time\" content=\"2008-01-20T12:40:56+00:00\" \/>\n<meta property=\"article:modified_time\" content=\"2020-04-07T18:32:00+00:00\" \/>\n<meta property=\"og:image\" content=\"https:\/\/storage.googleapis.com\/orientaeduc\/2008\/01\/guia_sol.jpg\" \/>\n\t<meta property=\"og:image:width\" content=\"1\" \/>\n\t<meta property=\"og:image:height\" content=\"1\" \/>\n\t<meta property=\"og:image:type\" content=\"image\/jpeg\" \/>\n<meta name=\"author\" content=\"lbarriocanal\" \/>\n<meta name=\"twitter:card\" content=\"summary_large_image\" \/>\n<meta name=\"twitter:label1\" content=\"Escrito por\" \/>\n\t<meta name=\"twitter:data1\" content=\"lbarriocanal\" \/>\n\t<meta name=\"twitter:label2\" content=\"Tiempo de lectura\" \/>\n\t<meta name=\"twitter:data2\" content=\"2 minutos\" \/>\n<script type=\"application\/ld+json\" class=\"yoast-schema-graph\">{\"@context\":\"https:\\\/\\\/schema.org\",\"@graph\":[{\"@type\":\"Article\",\"@id\":\"https:\\\/\\\/orientaeduc.com\\\/archivo\\\/educacion\\\/convivencia\\\/la-actuacion-ante-el-maltrato-entre-iguales-en-el-centro-educativo#article\",\"isPartOf\":{\"@id\":\"https:\\\/\\\/orientaeduc.com\\\/archivo\\\/educacion\\\/convivencia\\\/la-actuacion-ante-el-maltrato-entre-iguales-en-el-centro-educativo\"},\"author\":{\"name\":\"lbarriocanal\",\"@id\":\"https:\\\/\\\/orientaeduc.com\\\/archivo\\\/#\\\/schema\\\/person\\\/ca93077e3b8d4a14ff357012e2e9a41d\"},\"headline\":\"La actuaci\u00f3n ante el maltrato entre iguales en el centro educativo\",\"datePublished\":\"2008-01-20T12:40:56+00:00\",\"dateModified\":\"2020-04-07T18:32:00+00:00\",\"mainEntityOfPage\":{\"@id\":\"https:\\\/\\\/orientaeduc.com\\\/archivo\\\/educacion\\\/convivencia\\\/la-actuacion-ante-el-maltrato-entre-iguales-en-el-centro-educativo\"},\"wordCount\":382,\"commentCount\":0,\"publisher\":{\"@id\":\"https:\\\/\\\/orientaeduc.com\\\/archivo\\\/#organization\"},\"image\":{\"@id\":\"https:\\\/\\\/orientaeduc.com\\\/archivo\\\/educacion\\\/convivencia\\\/la-actuacion-ante-el-maltrato-entre-iguales-en-el-centro-educativo#primaryimage\"},\"thumbnailUrl\":\"https:\\\/\\\/storage.googleapis.com\\\/orientaeduc\\\/2008\\\/01\\\/guia_sol.jpg\",\"articleSection\":[\"Convivencia Escolar\"],\"inLanguage\":\"es\",\"potentialAction\":[{\"@type\":\"CommentAction\",\"name\":\"Comment\",\"target\":[\"https:\\\/\\\/orientaeduc.com\\\/archivo\\\/educacion\\\/convivencia\\\/la-actuacion-ante-el-maltrato-entre-iguales-en-el-centro-educativo#respond\"]}]},{\"@type\":\"WebPage\",\"@id\":\"https:\\\/\\\/orientaeduc.com\\\/archivo\\\/educacion\\\/convivencia\\\/la-actuacion-ante-el-maltrato-entre-iguales-en-el-centro-educativo\",\"url\":\"https:\\\/\\\/orientaeduc.com\\\/archivo\\\/educacion\\\/convivencia\\\/la-actuacion-ante-el-maltrato-entre-iguales-en-el-centro-educativo\",\"name\":\"La actuaci\u00f3n ante el maltrato entre iguales en el centro educativo - Orientaeduc\",\"isPartOf\":{\"@id\":\"https:\\\/\\\/orientaeduc.com\\\/archivo\\\/#website\"},\"primaryImageOfPage\":{\"@id\":\"https:\\\/\\\/orientaeduc.com\\\/archivo\\\/educacion\\\/convivencia\\\/la-actuacion-ante-el-maltrato-entre-iguales-en-el-centro-educativo#primaryimage\"},\"image\":{\"@id\":\"https:\\\/\\\/orientaeduc.com\\\/archivo\\\/educacion\\\/convivencia\\\/la-actuacion-ante-el-maltrato-entre-iguales-en-el-centro-educativo#primaryimage\"},\"thumbnailUrl\":\"https:\\\/\\\/storage.googleapis.com\\\/orientaeduc\\\/2008\\\/01\\\/guia_sol.jpg\",\"datePublished\":\"2008-01-20T12:40:56+00:00\",\"dateModified\":\"2020-04-07T18:32:00+00:00\",\"breadcrumb\":{\"@id\":\"https:\\\/\\\/orientaeduc.com\\\/archivo\\\/educacion\\\/convivencia\\\/la-actuacion-ante-el-maltrato-entre-iguales-en-el-centro-educativo#breadcrumb\"},\"inLanguage\":\"es\",\"potentialAction\":[{\"@type\":\"ReadAction\",\"target\":[\"https:\\\/\\\/orientaeduc.com\\\/archivo\\\/educacion\\\/convivencia\\\/la-actuacion-ante-el-maltrato-entre-iguales-en-el-centro-educativo\"]}]},{\"@type\":\"ImageObject\",\"inLanguage\":\"es\",\"@id\":\"https:\\\/\\\/orientaeduc.com\\\/archivo\\\/educacion\\\/convivencia\\\/la-actuacion-ante-el-maltrato-entre-iguales-en-el-centro-educativo#primaryimage\",\"url\":\"https:\\\/\\\/storage.googleapis.com\\\/orientaeduc\\\/2008\\\/01\\\/guia_sol.jpg\",\"contentUrl\":\"https:\\\/\\\/storage.googleapis.com\\\/orientaeduc\\\/2008\\\/01\\\/guia_sol.jpg\",\"caption\":\"guia_sol.jpg\"},{\"@type\":\"BreadcrumbList\",\"@id\":\"https:\\\/\\\/orientaeduc.com\\\/archivo\\\/educacion\\\/convivencia\\\/la-actuacion-ante-el-maltrato-entre-iguales-en-el-centro-educativo#breadcrumb\",\"itemListElement\":[{\"@type\":\"ListItem\",\"position\":1,\"name\":\"Portada\",\"item\":\"https:\\\/\\\/orientaeduc.com\\\/archivo\"},{\"@type\":\"ListItem\",\"position\":2,\"name\":\"La actuaci\u00f3n ante el maltrato entre iguales en el centro educativo\"}]},{\"@type\":\"WebSite\",\"@id\":\"https:\\\/\\\/orientaeduc.com\\\/archivo\\\/#website\",\"url\":\"https:\\\/\\\/orientaeduc.com\\\/archivo\\\/\",\"name\":\"Orientaeduc\",\"description\":\"Recursos para la Orientaci\u00f3n Educativa\",\"publisher\":{\"@id\":\"https:\\\/\\\/orientaeduc.com\\\/archivo\\\/#organization\"},\"potentialAction\":[{\"@type\":\"SearchAction\",\"target\":{\"@type\":\"EntryPoint\",\"urlTemplate\":\"https:\\\/\\\/orientaeduc.com\\\/archivo\\\/?s={search_term_string}\"},\"query-input\":{\"@type\":\"PropertyValueSpecification\",\"valueRequired\":true,\"valueName\":\"search_term_string\"}}],\"inLanguage\":\"es\"},{\"@type\":\"Organization\",\"@id\":\"https:\\\/\\\/orientaeduc.com\\\/archivo\\\/#organization\",\"name\":\"Orientaeduc.com\",\"url\":\"https:\\\/\\\/orientaeduc.com\\\/archivo\\\/\",\"logo\":{\"@type\":\"ImageObject\",\"inLanguage\":\"es\",\"@id\":\"https:\\\/\\\/orientaeduc.com\\\/archivo\\\/#\\\/schema\\\/logo\\\/image\\\/\",\"url\":\"https:\\\/\\\/orientaeduc.com\\\/archivo\\\/wp-content\\\/uploads\\\/sites\\\/2\\\/2020\\\/04\\\/orientaeduc_logo.png\",\"contentUrl\":\"https:\\\/\\\/orientaeduc.com\\\/archivo\\\/wp-content\\\/uploads\\\/sites\\\/2\\\/2020\\\/04\\\/orientaeduc_logo.png\",\"width\":293,\"height\":76,\"caption\":\"Orientaeduc.com\"},\"image\":{\"@id\":\"https:\\\/\\\/orientaeduc.com\\\/archivo\\\/#\\\/schema\\\/logo\\\/image\\\/\"}},{\"@type\":\"Person\",\"@id\":\"https:\\\/\\\/orientaeduc.com\\\/archivo\\\/#\\\/schema\\\/person\\\/ca93077e3b8d4a14ff357012e2e9a41d\",\"name\":\"lbarriocanal\",\"image\":{\"@type\":\"ImageObject\",\"inLanguage\":\"es\",\"@id\":\"https:\\\/\\\/secure.gravatar.com\\\/avatar\\\/1f6884c182c7dd4f0f5329225cdf4f117f103647fc99811ff87bd059d99aae38?s=96&d=mm&r=g\",\"url\":\"https:\\\/\\\/secure.gravatar.com\\\/avatar\\\/1f6884c182c7dd4f0f5329225cdf4f117f103647fc99811ff87bd059d99aae38?s=96&d=mm&r=g\",\"contentUrl\":\"https:\\\/\\\/secure.gravatar.com\\\/avatar\\\/1f6884c182c7dd4f0f5329225cdf4f117f103647fc99811ff87bd059d99aae38?s=96&d=mm&r=g\",\"caption\":\"lbarriocanal\"},\"sameAs\":[\"https:\\\/\\\/www.facebook.com\\\/lbarriocanal\",\"https:\\\/\\\/www.youtube.com\\\/user\\\/lbarriocanal\\\/\"]}]}<\/script>\n<!-- \/ Yoast SEO plugin. -->","yoast_head_json":{"title":"La actuaci\u00f3n ante el maltrato entre iguales en el centro educativo - Orientaeduc","robots":{"index":"index","follow":"follow","max-snippet":"max-snippet:-1","max-image-preview":"max-image-preview:large","max-video-preview":"max-video-preview:-1"},"canonical":"https:\/\/orientaeduc.com\/archivo\/educacion\/convivencia\/la-actuacion-ante-el-maltrato-entre-iguales-en-el-centro-educativo","og_locale":"es_ES","og_type":"article","og_title":"La actuaci\u00f3n ante el maltrato entre iguales en el centro educativo - Orientaeduc","og_description":"Una gu\u00eda de consulta para el profesorado y los equipos directivos, sin cuya participaci\u00f3n activa no es posible prevenir y encauzar las situaciones de maltrato entre iguales que ocasionalmente se producen en los centros educativos. Sus autoras son Soledad Andr\u00e9s y \u00c1ngela Barrios y tiene un car\u00e1cter eminentemente pr\u00e1ctico y divulgativo.","og_url":"https:\/\/orientaeduc.com\/archivo\/educacion\/convivencia\/la-actuacion-ante-el-maltrato-entre-iguales-en-el-centro-educativo","og_site_name":"Orientaeduc","article_author":"https:\/\/www.facebook.com\/lbarriocanal","article_published_time":"2008-01-20T12:40:56+00:00","article_modified_time":"2020-04-07T18:32:00+00:00","og_image":[{"url":"https:\/\/storage.googleapis.com\/orientaeduc\/2008\/01\/guia_sol.jpg","width":1,"height":1,"type":"image\/jpeg"}],"author":"lbarriocanal","twitter_card":"summary_large_image","twitter_misc":{"Escrito por":"lbarriocanal","Tiempo de lectura":"2 minutos"},"schema":{"@context":"https:\/\/schema.org","@graph":[{"@type":"Article","@id":"https:\/\/orientaeduc.com\/archivo\/educacion\/convivencia\/la-actuacion-ante-el-maltrato-entre-iguales-en-el-centro-educativo#article","isPartOf":{"@id":"https:\/\/orientaeduc.com\/archivo\/educacion\/convivencia\/la-actuacion-ante-el-maltrato-entre-iguales-en-el-centro-educativo"},"author":{"name":"lbarriocanal","@id":"https:\/\/orientaeduc.com\/archivo\/#\/schema\/person\/ca93077e3b8d4a14ff357012e2e9a41d"},"headline":"La actuaci\u00f3n ante el maltrato entre iguales en el centro educativo","datePublished":"2008-01-20T12:40:56+00:00","dateModified":"2020-04-07T18:32:00+00:00","mainEntityOfPage":{"@id":"https:\/\/orientaeduc.com\/archivo\/educacion\/convivencia\/la-actuacion-ante-el-maltrato-entre-iguales-en-el-centro-educativo"},"wordCount":382,"commentCount":0,"publisher":{"@id":"https:\/\/orientaeduc.com\/archivo\/#organization"},"image":{"@id":"https:\/\/orientaeduc.com\/archivo\/educacion\/convivencia\/la-actuacion-ante-el-maltrato-entre-iguales-en-el-centro-educativo#primaryimage"},"thumbnailUrl":"https:\/\/storage.googleapis.com\/orientaeduc\/2008\/01\/guia_sol.jpg","articleSection":["Convivencia Escolar"],"inLanguage":"es","potentialAction":[{"@type":"CommentAction","name":"Comment","target":["https:\/\/orientaeduc.com\/archivo\/educacion\/convivencia\/la-actuacion-ante-el-maltrato-entre-iguales-en-el-centro-educativo#respond"]}]},{"@type":"WebPage","@id":"https:\/\/orientaeduc.com\/archivo\/educacion\/convivencia\/la-actuacion-ante-el-maltrato-entre-iguales-en-el-centro-educativo","url":"https:\/\/orientaeduc.com\/archivo\/educacion\/convivencia\/la-actuacion-ante-el-maltrato-entre-iguales-en-el-centro-educativo","name":"La actuaci\u00f3n ante el maltrato entre iguales en el centro educativo - Orientaeduc","isPartOf":{"@id":"https:\/\/orientaeduc.com\/archivo\/#website"},"primaryImageOfPage":{"@id":"https:\/\/orientaeduc.com\/archivo\/educacion\/convivencia\/la-actuacion-ante-el-maltrato-entre-iguales-en-el-centro-educativo#primaryimage"},"image":{"@id":"https:\/\/orientaeduc.com\/archivo\/educacion\/convivencia\/la-actuacion-ante-el-maltrato-entre-iguales-en-el-centro-educativo#primaryimage"},"thumbnailUrl":"https:\/\/storage.googleapis.com\/orientaeduc\/2008\/01\/guia_sol.jpg","datePublished":"2008-01-20T12:40:56+00:00","dateModified":"2020-04-07T18:32:00+00:00","breadcrumb":{"@id":"https:\/\/orientaeduc.com\/archivo\/educacion\/convivencia\/la-actuacion-ante-el-maltrato-entre-iguales-en-el-centro-educativo#breadcrumb"},"inLanguage":"es","potentialAction":[{"@type":"ReadAction","target":["https:\/\/orientaeduc.com\/archivo\/educacion\/convivencia\/la-actuacion-ante-el-maltrato-entre-iguales-en-el-centro-educativo"]}]},{"@type":"ImageObject","inLanguage":"es","@id":"https:\/\/orientaeduc.com\/archivo\/educacion\/convivencia\/la-actuacion-ante-el-maltrato-entre-iguales-en-el-centro-educativo#primaryimage","url":"https:\/\/storage.googleapis.com\/orientaeduc\/2008\/01\/guia_sol.jpg","contentUrl":"https:\/\/storage.googleapis.com\/orientaeduc\/2008\/01\/guia_sol.jpg","caption":"guia_sol.jpg"},{"@type":"BreadcrumbList","@id":"https:\/\/orientaeduc.com\/archivo\/educacion\/convivencia\/la-actuacion-ante-el-maltrato-entre-iguales-en-el-centro-educativo#breadcrumb","itemListElement":[{"@type":"ListItem","position":1,"name":"Portada","item":"https:\/\/orientaeduc.com\/archivo"},{"@type":"ListItem","position":2,"name":"La actuaci\u00f3n ante el maltrato entre iguales en el centro educativo"}]},{"@type":"WebSite","@id":"https:\/\/orientaeduc.com\/archivo\/#website","url":"https:\/\/orientaeduc.com\/archivo\/","name":"Orientaeduc","description":"Recursos para la Orientaci\u00f3n Educativa","publisher":{"@id":"https:\/\/orientaeduc.com\/archivo\/#organization"},"potentialAction":[{"@type":"SearchAction","target":{"@type":"EntryPoint","urlTemplate":"https:\/\/orientaeduc.com\/archivo\/?s={search_term_string}"},"query-input":{"@type":"PropertyValueSpecification","valueRequired":true,"valueName":"search_term_string"}}],"inLanguage":"es"},{"@type":"Organization","@id":"https:\/\/orientaeduc.com\/archivo\/#organization","name":"Orientaeduc.com","url":"https:\/\/orientaeduc.com\/archivo\/","logo":{"@type":"ImageObject","inLanguage":"es","@id":"https:\/\/orientaeduc.com\/archivo\/#\/schema\/logo\/image\/","url":"https:\/\/orientaeduc.com\/archivo\/wp-content\/uploads\/sites\/2\/2020\/04\/orientaeduc_logo.png","contentUrl":"https:\/\/orientaeduc.com\/archivo\/wp-content\/uploads\/sites\/2\/2020\/04\/orientaeduc_logo.png","width":293,"height":76,"caption":"Orientaeduc.com"},"image":{"@id":"https:\/\/orientaeduc.com\/archivo\/#\/schema\/logo\/image\/"}},{"@type":"Person","@id":"https:\/\/orientaeduc.com\/archivo\/#\/schema\/person\/ca93077e3b8d4a14ff357012e2e9a41d","name":"lbarriocanal","image":{"@type":"ImageObject","inLanguage":"es","@id":"https:\/\/secure.gravatar.com\/avatar\/1f6884c182c7dd4f0f5329225cdf4f117f103647fc99811ff87bd059d99aae38?s=96&d=mm&r=g","url":"https:\/\/secure.gravatar.com\/avatar\/1f6884c182c7dd4f0f5329225cdf4f117f103647fc99811ff87bd059d99aae38?s=96&d=mm&r=g","contentUrl":"https:\/\/secure.gravatar.com\/avatar\/1f6884c182c7dd4f0f5329225cdf4f117f103647fc99811ff87bd059d99aae38?s=96&d=mm&r=g","caption":"lbarriocanal"},"sameAs":["https:\/\/www.facebook.com\/lbarriocanal","https:\/\/www.youtube.com\/user\/lbarriocanal\/"]}]}},"_links":{"self":[{"href":"https:\/\/orientaeduc.com\/archivo\/wp-json\/wp\/v2\/posts\/1473","targetHints":{"allow":["GET"]}}],"collection":[{"href":"https:\/\/orientaeduc.com\/archivo\/wp-json\/wp\/v2\/posts"}],"about":[{"href":"https:\/\/orientaeduc.com\/archivo\/wp-json\/wp\/v2\/types\/post"}],"author":[{"embeddable":true,"href":"https:\/\/orientaeduc.com\/archivo\/wp-json\/wp\/v2\/users\/4"}],"replies":[{"embeddable":true,"href":"https:\/\/orientaeduc.com\/archivo\/wp-json\/wp\/v2\/comments?post=1473"}],"version-history":[{"count":0,"href":"https:\/\/orientaeduc.com\/archivo\/wp-json\/wp\/v2\/posts\/1473\/revisions"}],"wp:featuredmedia":[{"embeddable":true,"href":"https:\/\/orientaeduc.com\/archivo\/wp-json\/wp\/v2\/media\/1472"}],"wp:attachment":[{"href":"https:\/\/orientaeduc.com\/archivo\/wp-json\/wp\/v2\/media?parent=1473"}],"wp:term":[{"taxonomy":"category","embeddable":true,"href":"https:\/\/orientaeduc.com\/archivo\/wp-json\/wp\/v2\/categories?post=1473"},{"taxonomy":"post_tag","embeddable":true,"href":"https:\/\/orientaeduc.com\/archivo\/wp-json\/wp\/v2\/tags?post=1473"}],"curies":[{"name":"wp","href":"https:\/\/api.w.org\/{rel}","templated":true}]}}