{"id":546,"date":"2005-10-25T08:47:17","date_gmt":"2005-10-25T06:47:17","guid":{"rendered":"https:\/\/orientaeduc.com\/archivos\/2005\/dia-de-internet\/"},"modified":"2020-04-07T18:34:10","modified_gmt":"2020-04-07T18:34:10","slug":"dia-de-internet-2","status":"publish","type":"post","link":"https:\/\/orientaeduc.com\/archivo\/blog\/general\/dia-de-internet-2","title":{"rendered":"D\u00eda de Internet"},"content":{"rendered":"\n<p> \t\t\t \t\t\t\t\t \t\t\t \t\t\t<img loading=\"lazy\" decoding=\"async\" width=\"100\" vspace=\"6\" hspace=\"6\" height=\"99\" border=\"0\" align=\"right\" src=\"http:\/\/www.aulablog.com\/images\/stories\/usuarios\/Dia_de_Internet_0.jpg\" alt=\"Dia_de_Internet_0.jpg\" title=\"Dia_de_Internet_0.jpg\" \/>Hoy se celebrar\u00e1 por primera vez en Espa&ntilde;a el <a target=\"_blank\" href=\"http:\/\/www.diadeinternet.es\/\" rel=\"noopener noreferrer\">D\u00eda de Internet<\/a>, una jornada con la se que pretende acercar la Red a los colectivos m\u00e1s &quot;desconectados&quot; de la Sociedad de la Informaci\u00f3n <\/p>\n<p>Empresas, universidades, ayuntamientos, asociaciones y organismos p\u00fablicos colaborar\u00e1n en numerosos eventos en todas las Comunidades Aut\u00f3nomas bajo el lema &iexcl;&iexcl;V\u00edvelo!!.<\/p>\n<p>   Nosotros nos vamos a sumar tambi&eacute;n a este evento proponi&eacute;ndote distintas actividades     <\/p>\n<p>1&ordm;. Pon a prueba tuis conocimientos sobre Internet&nbsp;<\/p>\n<ul>\n<li>Responde a  <a target=\"_blank\" href=\"http:\/\/www.elpais.es\/comunes\/2005\/especial_diainternet\/trivial.html\" rel=\"noopener noreferrer\">este Trivial de 25 preguntas<\/a>      <\/li>\n<li>Otro <a href=\"http:\/\/fresno.cnice.mecd.es\/%7Eavaler3\/tests\/internet.htm\" target=\"_blank\" rel=\"noopener noreferrer\">cuestionario<\/a> que ha elaborado el profesor Alejandro Valero&nbsp;<\/li>\n<li>&nbsp;<a href=\"http:\/\/icarito.aconcagua1.copesa.cl\/cuest10\/internet\/index.asp\" target=\"_blank\" rel=\"noopener noreferrer\">Test para comprobar cu\u00e1nto sabes de Internet<\/a><\/li>\n<\/ul>\n<div class=\"entry\"> \t<\/div>\n<blockquote>\n<div class=\"entry\">Puedes consultar una &quot;chuleta&quot; <a href=\"http:\/\/icarito.tercera.cl\/icarito\/2001\/840\/index.htm\" target=\"_blank\" rel=\"noopener noreferrer\">AQU\u00cd<\/a>&nbsp;<\/div>\n<\/blockquote>\n<p>2&ordm; Env\u00eda un regalo sorpresa desde <a target=\"_blank\" href=\"http:\/\/www.diadeinternet.es\/contenidos\/di_index.php3?body=parati&amp;dis=env\" rel=\"noopener noreferrer\">aqu\u00ed<\/a> a algun@s de tus contactos<\/p>\n<p>3&ordm; P\u00e1sate por <a href=\"http:\/\/www.aulablog.com\" target=\"_blank\" rel=\"noopener noreferrer\">www.aulablog.com<\/a> y aprende a crear tu propia web con un blog o bit\u00e1cora <\/p>\n<p> 4&ordm; Create una cuenta de correo-E en <a href=\"http:\/\/www.gmail.com\" target=\"_blank\" rel=\"noopener noreferrer\">GMail<\/a> para t\u00ed o para a alg\u00fan amigo o amiga que a\u00fan no tenga. Puedes abrirle t\u00fa mismo\/a la cuenta y luego le indicas la contrase&ntilde;a y le ense&ntilde;as a manejarla.<\/p>\n<p>Si sigues leyendo encontrar\u00e1s unas cuantas invitaciones<\/p>\n<p>    <!--more-->    <\/p>\n<p>&nbsp;<\/p>\n<\/p>\n<blockquote><p>     Para aceptar esta invitaci\u00f3n y registrarse en su cuenta, visite&nbsp; <\/p><\/blockquote>\n<blockquote><p>   <a href=\"http:\/\/mail.google.com\/mail\/a-66a9de6d7f-cdc588bc2a-870b69e18d\">http:\/\/mail.google.com\/mail\/a-66a9de6d7f-cdc588bc2a-870b69e18d<\/a>.      <br \/>   <a href=\"http:\/\/mail.google.com\/mail\/a-66a9de6d7f-4857ca632d-167511113f\">http:\/\/mail.google.com\/mail\/a-66a9de6d7f-4857ca632d-167511113f<\/a>.<br \/>   <a href=\"http:\/\/mail.google.com\/mail\/a-66a9de6d7f-13ea30d996-4b8f204d23\">http:\/\/mail.google.com\/mail\/a-66a9de6d7f-13ea30d996-4b8f204d23<\/a>.<br \/>   <a href=\"http:\/\/mail.google.com\/mail\/a-66a9de6d7f-b2e0673472-24dce65bd4\">http:\/\/mail.google.com\/mail\/a-66a9de6d7f-b2e0673472-24dce65bd4<\/a>.<br \/>   <a href=\"http:\/\/mail.google.com\/mail\/a-66a9de6d7f-a831eb8791-2449fcedc7\">http:\/\/mail.google.com\/mail\/a-66a9de6d7f-a831eb8791-2449fcedc7<\/a>.<br \/>   <a href=\"http:\/\/mail.google.com\/mail\/a-66a9de6d7f-29dc7484a7-6a3a5e266e\">http:\/\/mail.google.com\/mail\/a-66a9de6d7f-29dc7484a7-6a3a5e266e<\/a>.<br \/>   <a href=\"http:\/\/mail.google.com\/mail\/a-66a9de6d7f-27aa1b591e-d40463b479\">http:\/\/mail.google.com\/mail\/a-66a9de6d7f-27aa1b591e-d40463b479<\/a>.<br \/>   <a href=\"http:\/\/mail.google.com\/mail\/a-66a9de6d7f-1fc09c0190-b1ab27dde1\">http:\/\/mail.google.com\/mail\/a-66a9de6d7f-1fc09c0190-b1ab27dde1<\/a>.<br \/>   <a href=\"http:\/\/mail.google.com\/mail\/a-66a9de6d7f-c964104525-db08fb1b41\">http:\/\/mail.google.com\/mail\/a-66a9de6d7f-c964104525-db08fb1b41<\/a>.<br \/>      <a href=\"http:\/\/mail.google.com\/mail\/a-66a9de6d7f-c40b359dfe-c67fe83eb2\">http:\/\/mail.google.com\/mail\/a-66a9de6d7f-c40b359dfe-c67fe83eb2<\/a>.    <\/p><\/blockquote>\n<p>   Tambi&eacute;n puedes pedir invitaciones a     <img decoding=\"async\" border=\"0\" alt=\"\" src=\"http:\/\/www.orientasiloe.com\/psico\/wp-content\/uploads\/sites\/2\/gmail.png\" \/><\/p>\n<p>&nbsp;<\/p>\n","protected":false},"excerpt":{"rendered":"<p>Hoy se celebrar\u00e1 por primera vez en Espa&ntilde;a el D\u00eda de Internet, una jornada con la se que pretende acercar la Red a los colectivos m\u00e1s &quot;desconectados&quot; de la Sociedad de la Informaci\u00f3n Empresas, universidades, ayuntamientos, asociaciones y organismos p\u00fablicos colaborar\u00e1n en numerosos eventos en todas las Comunidades Aut\u00f3nomas bajo el lema &iexcl;&iexcl;V\u00edvelo!!. Nosotros nos [&hellip;]<\/p>\n","protected":false},"author":4,"featured_media":0,"comment_status":"open","ping_status":"open","sticky":false,"template":"","format":"standard","meta":{"_et_pb_use_builder":"","_et_pb_old_content":"","_et_gb_content_width":"","footnotes":""},"categories":[3],"tags":[],"class_list":["post-546","post","type-post","status-publish","format-standard","hentry","category-general","et-doesnt-have-format-content","et_post_format-et-post-format-standard"],"yoast_head":"<!-- This site is optimized with the Yoast SEO plugin v27.4 - https:\/\/yoast.com\/product\/yoast-seo-wordpress\/ -->\n<title>D\u00eda de Internet - Orientaeduc<\/title>\n<meta name=\"robots\" content=\"index, follow, max-snippet:-1, max-image-preview:large, max-video-preview:-1\" \/>\n<link rel=\"canonical\" href=\"https:\/\/orientaeduc.com\/archivo\/blog\/general\/dia-de-internet-2\" \/>\n<meta property=\"og:locale\" content=\"es_ES\" \/>\n<meta property=\"og:type\" content=\"article\" \/>\n<meta property=\"og:title\" content=\"D\u00eda de Internet - Orientaeduc\" \/>\n<meta property=\"og:description\" content=\"Hoy se celebrar\u00e1 por primera vez en Espa&ntilde;a el D\u00eda de Internet, una jornada con la se que pretende acercar la Red a los colectivos m\u00e1s &quot;desconectados&quot; de la Sociedad de la Informaci\u00f3n Empresas, universidades, ayuntamientos, asociaciones y organismos p\u00fablicos colaborar\u00e1n en numerosos eventos en todas las Comunidades Aut\u00f3nomas bajo el lema &iexcl;&iexcl;V\u00edvelo!!. Nosotros nos [&hellip;]\" \/>\n<meta property=\"og:url\" content=\"https:\/\/orientaeduc.com\/archivo\/blog\/general\/dia-de-internet-2\" \/>\n<meta property=\"og:site_name\" content=\"Orientaeduc\" \/>\n<meta property=\"article:author\" content=\"https:\/\/www.facebook.com\/lbarriocanal\" \/>\n<meta property=\"article:published_time\" content=\"2005-10-25T06:47:17+00:00\" \/>\n<meta property=\"article:modified_time\" content=\"2020-04-07T18:34:10+00:00\" \/>\n<meta property=\"og:image\" content=\"http:\/\/www.aulablog.com\/images\/stories\/usuarios\/Dia_de_Internet_0.jpg\" \/>\n<meta name=\"author\" content=\"lbarriocanal\" \/>\n<meta name=\"twitter:card\" content=\"summary_large_image\" \/>\n<meta name=\"twitter:label1\" content=\"Escrito por\" \/>\n\t<meta name=\"twitter:data1\" content=\"lbarriocanal\" \/>\n\t<meta name=\"twitter:label2\" content=\"Tiempo de lectura\" \/>\n\t<meta name=\"twitter:data2\" content=\"2 minutos\" \/>\n<script type=\"application\/ld+json\" class=\"yoast-schema-graph\">{\"@context\":\"https:\\\/\\\/schema.org\",\"@graph\":[{\"@type\":\"Article\",\"@id\":\"https:\\\/\\\/orientaeduc.com\\\/archivo\\\/blog\\\/general\\\/dia-de-internet-2#article\",\"isPartOf\":{\"@id\":\"https:\\\/\\\/orientaeduc.com\\\/archivo\\\/blog\\\/general\\\/dia-de-internet-2\"},\"author\":{\"name\":\"lbarriocanal\",\"@id\":\"https:\\\/\\\/orientaeduc.com\\\/archivo\\\/#\\\/schema\\\/person\\\/ca93077e3b8d4a14ff357012e2e9a41d\"},\"headline\":\"D\u00eda de Internet\",\"datePublished\":\"2005-10-25T06:47:17+00:00\",\"dateModified\":\"2020-04-07T18:34:10+00:00\",\"mainEntityOfPage\":{\"@id\":\"https:\\\/\\\/orientaeduc.com\\\/archivo\\\/blog\\\/general\\\/dia-de-internet-2\"},\"wordCount\":380,\"commentCount\":0,\"publisher\":{\"@id\":\"https:\\\/\\\/orientaeduc.com\\\/archivo\\\/#organization\"},\"image\":{\"@id\":\"https:\\\/\\\/orientaeduc.com\\\/archivo\\\/blog\\\/general\\\/dia-de-internet-2#primaryimage\"},\"thumbnailUrl\":\"http:\\\/\\\/www.aulablog.com\\\/images\\\/stories\\\/usuarios\\\/Dia_de_Internet_0.jpg\",\"articleSection\":[\"Miscel\u00e1nea\"],\"inLanguage\":\"es\",\"potentialAction\":[{\"@type\":\"CommentAction\",\"name\":\"Comment\",\"target\":[\"https:\\\/\\\/orientaeduc.com\\\/archivo\\\/blog\\\/general\\\/dia-de-internet-2#respond\"]}]},{\"@type\":\"WebPage\",\"@id\":\"https:\\\/\\\/orientaeduc.com\\\/archivo\\\/blog\\\/general\\\/dia-de-internet-2\",\"url\":\"https:\\\/\\\/orientaeduc.com\\\/archivo\\\/blog\\\/general\\\/dia-de-internet-2\",\"name\":\"D\u00eda de Internet - Orientaeduc\",\"isPartOf\":{\"@id\":\"https:\\\/\\\/orientaeduc.com\\\/archivo\\\/#website\"},\"primaryImageOfPage\":{\"@id\":\"https:\\\/\\\/orientaeduc.com\\\/archivo\\\/blog\\\/general\\\/dia-de-internet-2#primaryimage\"},\"image\":{\"@id\":\"https:\\\/\\\/orientaeduc.com\\\/archivo\\\/blog\\\/general\\\/dia-de-internet-2#primaryimage\"},\"thumbnailUrl\":\"http:\\\/\\\/www.aulablog.com\\\/images\\\/stories\\\/usuarios\\\/Dia_de_Internet_0.jpg\",\"datePublished\":\"2005-10-25T06:47:17+00:00\",\"dateModified\":\"2020-04-07T18:34:10+00:00\",\"breadcrumb\":{\"@id\":\"https:\\\/\\\/orientaeduc.com\\\/archivo\\\/blog\\\/general\\\/dia-de-internet-2#breadcrumb\"},\"inLanguage\":\"es\",\"potentialAction\":[{\"@type\":\"ReadAction\",\"target\":[\"https:\\\/\\\/orientaeduc.com\\\/archivo\\\/blog\\\/general\\\/dia-de-internet-2\"]}]},{\"@type\":\"ImageObject\",\"inLanguage\":\"es\",\"@id\":\"https:\\\/\\\/orientaeduc.com\\\/archivo\\\/blog\\\/general\\\/dia-de-internet-2#primaryimage\",\"url\":\"http:\\\/\\\/www.aulablog.com\\\/images\\\/stories\\\/usuarios\\\/Dia_de_Internet_0.jpg\",\"contentUrl\":\"http:\\\/\\\/www.aulablog.com\\\/images\\\/stories\\\/usuarios\\\/Dia_de_Internet_0.jpg\"},{\"@type\":\"BreadcrumbList\",\"@id\":\"https:\\\/\\\/orientaeduc.com\\\/archivo\\\/blog\\\/general\\\/dia-de-internet-2#breadcrumb\",\"itemListElement\":[{\"@type\":\"ListItem\",\"position\":1,\"name\":\"Portada\",\"item\":\"https:\\\/\\\/orientaeduc.com\\\/archivo\"},{\"@type\":\"ListItem\",\"position\":2,\"name\":\"D\u00eda de Internet\"}]},{\"@type\":\"WebSite\",\"@id\":\"https:\\\/\\\/orientaeduc.com\\\/archivo\\\/#website\",\"url\":\"https:\\\/\\\/orientaeduc.com\\\/archivo\\\/\",\"name\":\"Orientaeduc\",\"description\":\"Recursos para la Orientaci\u00f3n Educativa\",\"publisher\":{\"@id\":\"https:\\\/\\\/orientaeduc.com\\\/archivo\\\/#organization\"},\"potentialAction\":[{\"@type\":\"SearchAction\",\"target\":{\"@type\":\"EntryPoint\",\"urlTemplate\":\"https:\\\/\\\/orientaeduc.com\\\/archivo\\\/?s={search_term_string}\"},\"query-input\":{\"@type\":\"PropertyValueSpecification\",\"valueRequired\":true,\"valueName\":\"search_term_string\"}}],\"inLanguage\":\"es\"},{\"@type\":\"Organization\",\"@id\":\"https:\\\/\\\/orientaeduc.com\\\/archivo\\\/#organization\",\"name\":\"Orientaeduc.com\",\"url\":\"https:\\\/\\\/orientaeduc.com\\\/archivo\\\/\",\"logo\":{\"@type\":\"ImageObject\",\"inLanguage\":\"es\",\"@id\":\"https:\\\/\\\/orientaeduc.com\\\/archivo\\\/#\\\/schema\\\/logo\\\/image\\\/\",\"url\":\"https:\\\/\\\/orientaeduc.com\\\/archivo\\\/wp-content\\\/uploads\\\/sites\\\/2\\\/2020\\\/04\\\/orientaeduc_logo.png\",\"contentUrl\":\"https:\\\/\\\/orientaeduc.com\\\/archivo\\\/wp-content\\\/uploads\\\/sites\\\/2\\\/2020\\\/04\\\/orientaeduc_logo.png\",\"width\":293,\"height\":76,\"caption\":\"Orientaeduc.com\"},\"image\":{\"@id\":\"https:\\\/\\\/orientaeduc.com\\\/archivo\\\/#\\\/schema\\\/logo\\\/image\\\/\"}},{\"@type\":\"Person\",\"@id\":\"https:\\\/\\\/orientaeduc.com\\\/archivo\\\/#\\\/schema\\\/person\\\/ca93077e3b8d4a14ff357012e2e9a41d\",\"name\":\"lbarriocanal\",\"image\":{\"@type\":\"ImageObject\",\"inLanguage\":\"es\",\"@id\":\"https:\\\/\\\/secure.gravatar.com\\\/avatar\\\/1f6884c182c7dd4f0f5329225cdf4f117f103647fc99811ff87bd059d99aae38?s=96&d=mm&r=g\",\"url\":\"https:\\\/\\\/secure.gravatar.com\\\/avatar\\\/1f6884c182c7dd4f0f5329225cdf4f117f103647fc99811ff87bd059d99aae38?s=96&d=mm&r=g\",\"contentUrl\":\"https:\\\/\\\/secure.gravatar.com\\\/avatar\\\/1f6884c182c7dd4f0f5329225cdf4f117f103647fc99811ff87bd059d99aae38?s=96&d=mm&r=g\",\"caption\":\"lbarriocanal\"},\"sameAs\":[\"https:\\\/\\\/www.facebook.com\\\/lbarriocanal\",\"https:\\\/\\\/www.youtube.com\\\/user\\\/lbarriocanal\\\/\"]}]}<\/script>\n<!-- \/ Yoast SEO plugin. -->","yoast_head_json":{"title":"D\u00eda de Internet - Orientaeduc","robots":{"index":"index","follow":"follow","max-snippet":"max-snippet:-1","max-image-preview":"max-image-preview:large","max-video-preview":"max-video-preview:-1"},"canonical":"https:\/\/orientaeduc.com\/archivo\/blog\/general\/dia-de-internet-2","og_locale":"es_ES","og_type":"article","og_title":"D\u00eda de Internet - Orientaeduc","og_description":"Hoy se celebrar\u00e1 por primera vez en Espa&ntilde;a el D\u00eda de Internet, una jornada con la se que pretende acercar la Red a los colectivos m\u00e1s &quot;desconectados&quot; de la Sociedad de la Informaci\u00f3n Empresas, universidades, ayuntamientos, asociaciones y organismos p\u00fablicos colaborar\u00e1n en numerosos eventos en todas las Comunidades Aut\u00f3nomas bajo el lema &iexcl;&iexcl;V\u00edvelo!!. Nosotros nos [&hellip;]","og_url":"https:\/\/orientaeduc.com\/archivo\/blog\/general\/dia-de-internet-2","og_site_name":"Orientaeduc","article_author":"https:\/\/www.facebook.com\/lbarriocanal","article_published_time":"2005-10-25T06:47:17+00:00","article_modified_time":"2020-04-07T18:34:10+00:00","og_image":[{"url":"http:\/\/www.aulablog.com\/images\/stories\/usuarios\/Dia_de_Internet_0.jpg","type":"","width":"","height":""}],"author":"lbarriocanal","twitter_card":"summary_large_image","twitter_misc":{"Escrito por":"lbarriocanal","Tiempo de lectura":"2 minutos"},"schema":{"@context":"https:\/\/schema.org","@graph":[{"@type":"Article","@id":"https:\/\/orientaeduc.com\/archivo\/blog\/general\/dia-de-internet-2#article","isPartOf":{"@id":"https:\/\/orientaeduc.com\/archivo\/blog\/general\/dia-de-internet-2"},"author":{"name":"lbarriocanal","@id":"https:\/\/orientaeduc.com\/archivo\/#\/schema\/person\/ca93077e3b8d4a14ff357012e2e9a41d"},"headline":"D\u00eda de Internet","datePublished":"2005-10-25T06:47:17+00:00","dateModified":"2020-04-07T18:34:10+00:00","mainEntityOfPage":{"@id":"https:\/\/orientaeduc.com\/archivo\/blog\/general\/dia-de-internet-2"},"wordCount":380,"commentCount":0,"publisher":{"@id":"https:\/\/orientaeduc.com\/archivo\/#organization"},"image":{"@id":"https:\/\/orientaeduc.com\/archivo\/blog\/general\/dia-de-internet-2#primaryimage"},"thumbnailUrl":"http:\/\/www.aulablog.com\/images\/stories\/usuarios\/Dia_de_Internet_0.jpg","articleSection":["Miscel\u00e1nea"],"inLanguage":"es","potentialAction":[{"@type":"CommentAction","name":"Comment","target":["https:\/\/orientaeduc.com\/archivo\/blog\/general\/dia-de-internet-2#respond"]}]},{"@type":"WebPage","@id":"https:\/\/orientaeduc.com\/archivo\/blog\/general\/dia-de-internet-2","url":"https:\/\/orientaeduc.com\/archivo\/blog\/general\/dia-de-internet-2","name":"D\u00eda de Internet - Orientaeduc","isPartOf":{"@id":"https:\/\/orientaeduc.com\/archivo\/#website"},"primaryImageOfPage":{"@id":"https:\/\/orientaeduc.com\/archivo\/blog\/general\/dia-de-internet-2#primaryimage"},"image":{"@id":"https:\/\/orientaeduc.com\/archivo\/blog\/general\/dia-de-internet-2#primaryimage"},"thumbnailUrl":"http:\/\/www.aulablog.com\/images\/stories\/usuarios\/Dia_de_Internet_0.jpg","datePublished":"2005-10-25T06:47:17+00:00","dateModified":"2020-04-07T18:34:10+00:00","breadcrumb":{"@id":"https:\/\/orientaeduc.com\/archivo\/blog\/general\/dia-de-internet-2#breadcrumb"},"inLanguage":"es","potentialAction":[{"@type":"ReadAction","target":["https:\/\/orientaeduc.com\/archivo\/blog\/general\/dia-de-internet-2"]}]},{"@type":"ImageObject","inLanguage":"es","@id":"https:\/\/orientaeduc.com\/archivo\/blog\/general\/dia-de-internet-2#primaryimage","url":"http:\/\/www.aulablog.com\/images\/stories\/usuarios\/Dia_de_Internet_0.jpg","contentUrl":"http:\/\/www.aulablog.com\/images\/stories\/usuarios\/Dia_de_Internet_0.jpg"},{"@type":"BreadcrumbList","@id":"https:\/\/orientaeduc.com\/archivo\/blog\/general\/dia-de-internet-2#breadcrumb","itemListElement":[{"@type":"ListItem","position":1,"name":"Portada","item":"https:\/\/orientaeduc.com\/archivo"},{"@type":"ListItem","position":2,"name":"D\u00eda de Internet"}]},{"@type":"WebSite","@id":"https:\/\/orientaeduc.com\/archivo\/#website","url":"https:\/\/orientaeduc.com\/archivo\/","name":"Orientaeduc","description":"Recursos para la Orientaci\u00f3n Educativa","publisher":{"@id":"https:\/\/orientaeduc.com\/archivo\/#organization"},"potentialAction":[{"@type":"SearchAction","target":{"@type":"EntryPoint","urlTemplate":"https:\/\/orientaeduc.com\/archivo\/?s={search_term_string}"},"query-input":{"@type":"PropertyValueSpecification","valueRequired":true,"valueName":"search_term_string"}}],"inLanguage":"es"},{"@type":"Organization","@id":"https:\/\/orientaeduc.com\/archivo\/#organization","name":"Orientaeduc.com","url":"https:\/\/orientaeduc.com\/archivo\/","logo":{"@type":"ImageObject","inLanguage":"es","@id":"https:\/\/orientaeduc.com\/archivo\/#\/schema\/logo\/image\/","url":"https:\/\/orientaeduc.com\/archivo\/wp-content\/uploads\/sites\/2\/2020\/04\/orientaeduc_logo.png","contentUrl":"https:\/\/orientaeduc.com\/archivo\/wp-content\/uploads\/sites\/2\/2020\/04\/orientaeduc_logo.png","width":293,"height":76,"caption":"Orientaeduc.com"},"image":{"@id":"https:\/\/orientaeduc.com\/archivo\/#\/schema\/logo\/image\/"}},{"@type":"Person","@id":"https:\/\/orientaeduc.com\/archivo\/#\/schema\/person\/ca93077e3b8d4a14ff357012e2e9a41d","name":"lbarriocanal","image":{"@type":"ImageObject","inLanguage":"es","@id":"https:\/\/secure.gravatar.com\/avatar\/1f6884c182c7dd4f0f5329225cdf4f117f103647fc99811ff87bd059d99aae38?s=96&d=mm&r=g","url":"https:\/\/secure.gravatar.com\/avatar\/1f6884c182c7dd4f0f5329225cdf4f117f103647fc99811ff87bd059d99aae38?s=96&d=mm&r=g","contentUrl":"https:\/\/secure.gravatar.com\/avatar\/1f6884c182c7dd4f0f5329225cdf4f117f103647fc99811ff87bd059d99aae38?s=96&d=mm&r=g","caption":"lbarriocanal"},"sameAs":["https:\/\/www.facebook.com\/lbarriocanal","https:\/\/www.youtube.com\/user\/lbarriocanal\/"]}]}},"_links":{"self":[{"href":"https:\/\/orientaeduc.com\/archivo\/wp-json\/wp\/v2\/posts\/546","targetHints":{"allow":["GET"]}}],"collection":[{"href":"https:\/\/orientaeduc.com\/archivo\/wp-json\/wp\/v2\/posts"}],"about":[{"href":"https:\/\/orientaeduc.com\/archivo\/wp-json\/wp\/v2\/types\/post"}],"author":[{"embeddable":true,"href":"https:\/\/orientaeduc.com\/archivo\/wp-json\/wp\/v2\/users\/4"}],"replies":[{"embeddable":true,"href":"https:\/\/orientaeduc.com\/archivo\/wp-json\/wp\/v2\/comments?post=546"}],"version-history":[{"count":0,"href":"https:\/\/orientaeduc.com\/archivo\/wp-json\/wp\/v2\/posts\/546\/revisions"}],"wp:attachment":[{"href":"https:\/\/orientaeduc.com\/archivo\/wp-json\/wp\/v2\/media?parent=546"}],"wp:term":[{"taxonomy":"category","embeddable":true,"href":"https:\/\/orientaeduc.com\/archivo\/wp-json\/wp\/v2\/categories?post=546"},{"taxonomy":"post_tag","embeddable":true,"href":"https:\/\/orientaeduc.com\/archivo\/wp-json\/wp\/v2\/tags?post=546"}],"curies":[{"name":"wp","href":"https:\/\/api.w.org\/{rel}","templated":true}]}}