{"id":577,"date":"2006-03-18T18:45:34","date_gmt":"2006-03-18T18:45:34","guid":{"rendered":"https:\/\/orientaeduc.com\/archivos\/2006\/mi-nuevo-mac\/"},"modified":"2020-04-07T18:33:35","modified_gmt":"2020-04-07T18:33:35","slug":"mi-nuevo-mac","status":"publish","type":"post","link":"https:\/\/orientaeduc.com\/archivo\/blog\/mac\/mi-nuevo-mac","title":{"rendered":"Mi nuevo Mac"},"content":{"rendered":"\n<p><img loading=\"lazy\" decoding=\"async\" width=\"195\" hspace=\"5\" height=\"144\" border=\"0\" align=\"left\" src=\"https:\/\/orientaeduc.com\/archivos\/wp-content\/uploads\/sites\/2\/imac_duo.jpg\" \/>Ya lo tengo en casa. El sexto equipo que compro en mis 15 a&ntilde;os de servicio. Una peque&ntilde;a maravilla que podr\u00e9 transportar f\u00e1cilmente cuando el ordenador del aula de inform\u00e1tica del insti me deje tirado.<\/p>\n<p>No es que el eMac que ven\u00eda utilizando hasta ahora vaya mal. Sigue en plena forma sin haber tenido que pasar nunca por el servicio t\u00e9cnico. Pero es que &quot;las penas con pan son menos&quot; y si estoy esperando al port\u00e1til que nos iba a regalar el Ministerio o la Consejer\u00eda &#8230;<\/p>\n<p>Ya he probado la videoconferencia con <a href=\"http:\/\/www.sightspeed.com\/es\/\" target=\"_blank\" rel=\"noopener noreferrer\">Sightspeed<\/a> y va de maravilla. Con <a href=\"http:\/\/www.apple.com\/es\/imac\/frontrow.html\" target=\"_blank\" rel=\"noopener noreferrer\">Front Row <\/a>ver\u00e9 desde el sof\u00e1 los <a href=\"http:\/\/www.fad.es\/sala_lectura\/Congreso_Ser_Adolescente_hoy.htm\" target=\"_blank\" rel=\"noopener noreferrer\">videos del Congreso &quot;Ser adolescente hoy&quot;<\/a>&nbsp; y con el Gb de RAM que le he metido ya podr\u00e9 tener abiertas todas las aplicaciones que quiera. <br \/>El eMac lo pongo en venta<\/p>\n<p><!--more--><\/p>\n<div align=\"center\">\n<p><a href=\"http:\/\/www.apple.com\/es\/quicktime\/download\/\"><img loading=\"lazy\" decoding=\"async\" src=\"http:\/\/images.apple.com\/main\/elements\/getquicktime.gif\" alt=\"Get QuickTime\" class=\"across\" border=\"0\" height=\"31\" width=\"88\" \/><\/a><\/p>\n<p class=\"sosumi\">Requires <a href=\"http:\/\/www.apple.com\/es\/quicktime\/download\/\">QuickTime<\/a>.<\/p>\n<\/div>\n<p><strong>Y este es el que vendo<\/strong><\/p>\n<p><img decoding=\"async\" id=\"image578\" align=\"left\" hspace=\"5px\" src=\"https:\/\/orientaeduc.com\/archivos\/wp-content\/uploads\/sites\/2\/2006\/03\/emac.jpg\" alt=\"emac.jpg\" \/><\/p>\n<p>Apple eMac G4 a 1Ghz, 512 Mb de RAM, 80 Gb de HD, Superdrive (lee y graba CD y DVD) y sistema MacOS X (10.3) actualizado con los \u00faltimos parches. Modem interno a 56 Kbps y Tarjeta Airport para conexi\u00f3n inal\u00e1mbrica. Rat\u00f3n y teclado originales de Apple. Todo en perfecto estado.<\/p>\n<p>475 Euros<\/p>\n","protected":false},"excerpt":{"rendered":"<p>Ya lo tengo en casa. El sexto equipo que compro en mis 15 a&ntilde;os de servicio. Una peque&ntilde;a maravilla que podr\u00e9 transportar f\u00e1cilmente cuando el ordenador del aula de inform\u00e1tica del insti me deje tirado. No es que el eMac que ven\u00eda utilizando hasta ahora vaya mal. Sigue en plena forma sin haber tenido que [&hellip;]<\/p>\n","protected":false},"author":4,"featured_media":0,"comment_status":"open","ping_status":"open","sticky":false,"template":"","format":"standard","meta":{"_et_pb_use_builder":"","_et_pb_old_content":"","_et_gb_content_width":"","footnotes":""},"categories":[9],"tags":[],"class_list":["post-577","post","type-post","status-publish","format-standard","hentry","category-mac","et-doesnt-have-format-content","et_post_format-et-post-format-standard"],"yoast_head":"<!-- This site is optimized with the Yoast SEO plugin v27.4 - https:\/\/yoast.com\/product\/yoast-seo-wordpress\/ -->\n<title>Mi nuevo Mac - Orientaeduc<\/title>\n<meta name=\"robots\" content=\"index, follow, max-snippet:-1, max-image-preview:large, max-video-preview:-1\" \/>\n<link rel=\"canonical\" href=\"https:\/\/orientaeduc.com\/archivo\/blog\/mac\/mi-nuevo-mac\" \/>\n<meta property=\"og:locale\" content=\"es_ES\" \/>\n<meta property=\"og:type\" content=\"article\" \/>\n<meta property=\"og:title\" content=\"Mi nuevo Mac - Orientaeduc\" \/>\n<meta property=\"og:description\" content=\"Ya lo tengo en casa. El sexto equipo que compro en mis 15 a&ntilde;os de servicio. Una peque&ntilde;a maravilla que podr\u00e9 transportar f\u00e1cilmente cuando el ordenador del aula de inform\u00e1tica del insti me deje tirado. No es que el eMac que ven\u00eda utilizando hasta ahora vaya mal. Sigue en plena forma sin haber tenido que [&hellip;]\" \/>\n<meta property=\"og:url\" content=\"https:\/\/orientaeduc.com\/archivo\/blog\/mac\/mi-nuevo-mac\" \/>\n<meta property=\"og:site_name\" content=\"Orientaeduc\" \/>\n<meta property=\"article:author\" content=\"https:\/\/www.facebook.com\/lbarriocanal\" \/>\n<meta property=\"article:published_time\" content=\"2006-03-18T18:45:34+00:00\" \/>\n<meta property=\"article:modified_time\" content=\"2020-04-07T18:33:35+00:00\" \/>\n<meta property=\"og:image\" content=\"https:\/\/orientaeduc.com\/archivos\/wp-content\/uploads\/sites\/2\/imac_duo.jpg\" \/>\n<meta name=\"author\" content=\"lbarriocanal\" \/>\n<meta name=\"twitter:card\" content=\"summary_large_image\" \/>\n<meta name=\"twitter:label1\" content=\"Escrito por\" \/>\n\t<meta name=\"twitter:data1\" content=\"lbarriocanal\" \/>\n\t<meta name=\"twitter:label2\" content=\"Tiempo de lectura\" \/>\n\t<meta name=\"twitter:data2\" content=\"1 minuto\" \/>\n<script type=\"application\/ld+json\" class=\"yoast-schema-graph\">{\"@context\":\"https:\\\/\\\/schema.org\",\"@graph\":[{\"@type\":\"Article\",\"@id\":\"https:\\\/\\\/orientaeduc.com\\\/archivo\\\/blog\\\/mac\\\/mi-nuevo-mac#article\",\"isPartOf\":{\"@id\":\"https:\\\/\\\/orientaeduc.com\\\/archivo\\\/blog\\\/mac\\\/mi-nuevo-mac\"},\"author\":{\"name\":\"lbarriocanal\",\"@id\":\"https:\\\/\\\/orientaeduc.com\\\/archivo\\\/#\\\/schema\\\/person\\\/ca93077e3b8d4a14ff357012e2e9a41d\"},\"headline\":\"Mi nuevo Mac\",\"datePublished\":\"2006-03-18T18:45:34+00:00\",\"dateModified\":\"2020-04-07T18:33:35+00:00\",\"mainEntityOfPage\":{\"@id\":\"https:\\\/\\\/orientaeduc.com\\\/archivo\\\/blog\\\/mac\\\/mi-nuevo-mac\"},\"wordCount\":212,\"commentCount\":7,\"publisher\":{\"@id\":\"https:\\\/\\\/orientaeduc.com\\\/archivo\\\/#organization\"},\"image\":{\"@id\":\"https:\\\/\\\/orientaeduc.com\\\/archivo\\\/blog\\\/mac\\\/mi-nuevo-mac#primaryimage\"},\"thumbnailUrl\":\"https:\\\/\\\/orientaeduc.com\\\/archivos\\\/wp-content\\\/uploads\\\/sites\\\/2\\\/imac_duo.jpg\",\"articleSection\":[\"MacOS\"],\"inLanguage\":\"es\",\"potentialAction\":[{\"@type\":\"CommentAction\",\"name\":\"Comment\",\"target\":[\"https:\\\/\\\/orientaeduc.com\\\/archivo\\\/blog\\\/mac\\\/mi-nuevo-mac#respond\"]}]},{\"@type\":\"WebPage\",\"@id\":\"https:\\\/\\\/orientaeduc.com\\\/archivo\\\/blog\\\/mac\\\/mi-nuevo-mac\",\"url\":\"https:\\\/\\\/orientaeduc.com\\\/archivo\\\/blog\\\/mac\\\/mi-nuevo-mac\",\"name\":\"Mi nuevo Mac - Orientaeduc\",\"isPartOf\":{\"@id\":\"https:\\\/\\\/orientaeduc.com\\\/archivo\\\/#website\"},\"primaryImageOfPage\":{\"@id\":\"https:\\\/\\\/orientaeduc.com\\\/archivo\\\/blog\\\/mac\\\/mi-nuevo-mac#primaryimage\"},\"image\":{\"@id\":\"https:\\\/\\\/orientaeduc.com\\\/archivo\\\/blog\\\/mac\\\/mi-nuevo-mac#primaryimage\"},\"thumbnailUrl\":\"https:\\\/\\\/orientaeduc.com\\\/archivos\\\/wp-content\\\/uploads\\\/sites\\\/2\\\/imac_duo.jpg\",\"datePublished\":\"2006-03-18T18:45:34+00:00\",\"dateModified\":\"2020-04-07T18:33:35+00:00\",\"breadcrumb\":{\"@id\":\"https:\\\/\\\/orientaeduc.com\\\/archivo\\\/blog\\\/mac\\\/mi-nuevo-mac#breadcrumb\"},\"inLanguage\":\"es\",\"potentialAction\":[{\"@type\":\"ReadAction\",\"target\":[\"https:\\\/\\\/orientaeduc.com\\\/archivo\\\/blog\\\/mac\\\/mi-nuevo-mac\"]}]},{\"@type\":\"ImageObject\",\"inLanguage\":\"es\",\"@id\":\"https:\\\/\\\/orientaeduc.com\\\/archivo\\\/blog\\\/mac\\\/mi-nuevo-mac#primaryimage\",\"url\":\"https:\\\/\\\/orientaeduc.com\\\/archivos\\\/wp-content\\\/uploads\\\/sites\\\/2\\\/imac_duo.jpg\",\"contentUrl\":\"https:\\\/\\\/orientaeduc.com\\\/archivos\\\/wp-content\\\/uploads\\\/sites\\\/2\\\/imac_duo.jpg\"},{\"@type\":\"BreadcrumbList\",\"@id\":\"https:\\\/\\\/orientaeduc.com\\\/archivo\\\/blog\\\/mac\\\/mi-nuevo-mac#breadcrumb\",\"itemListElement\":[{\"@type\":\"ListItem\",\"position\":1,\"name\":\"Portada\",\"item\":\"https:\\\/\\\/orientaeduc.com\\\/archivo\"},{\"@type\":\"ListItem\",\"position\":2,\"name\":\"Mi nuevo Mac\"}]},{\"@type\":\"WebSite\",\"@id\":\"https:\\\/\\\/orientaeduc.com\\\/archivo\\\/#website\",\"url\":\"https:\\\/\\\/orientaeduc.com\\\/archivo\\\/\",\"name\":\"Orientaeduc\",\"description\":\"Recursos para la Orientaci\u00f3n Educativa\",\"publisher\":{\"@id\":\"https:\\\/\\\/orientaeduc.com\\\/archivo\\\/#organization\"},\"potentialAction\":[{\"@type\":\"SearchAction\",\"target\":{\"@type\":\"EntryPoint\",\"urlTemplate\":\"https:\\\/\\\/orientaeduc.com\\\/archivo\\\/?s={search_term_string}\"},\"query-input\":{\"@type\":\"PropertyValueSpecification\",\"valueRequired\":true,\"valueName\":\"search_term_string\"}}],\"inLanguage\":\"es\"},{\"@type\":\"Organization\",\"@id\":\"https:\\\/\\\/orientaeduc.com\\\/archivo\\\/#organization\",\"name\":\"Orientaeduc.com\",\"url\":\"https:\\\/\\\/orientaeduc.com\\\/archivo\\\/\",\"logo\":{\"@type\":\"ImageObject\",\"inLanguage\":\"es\",\"@id\":\"https:\\\/\\\/orientaeduc.com\\\/archivo\\\/#\\\/schema\\\/logo\\\/image\\\/\",\"url\":\"https:\\\/\\\/orientaeduc.com\\\/archivo\\\/wp-content\\\/uploads\\\/sites\\\/2\\\/2020\\\/04\\\/orientaeduc_logo.png\",\"contentUrl\":\"https:\\\/\\\/orientaeduc.com\\\/archivo\\\/wp-content\\\/uploads\\\/sites\\\/2\\\/2020\\\/04\\\/orientaeduc_logo.png\",\"width\":293,\"height\":76,\"caption\":\"Orientaeduc.com\"},\"image\":{\"@id\":\"https:\\\/\\\/orientaeduc.com\\\/archivo\\\/#\\\/schema\\\/logo\\\/image\\\/\"}},{\"@type\":\"Person\",\"@id\":\"https:\\\/\\\/orientaeduc.com\\\/archivo\\\/#\\\/schema\\\/person\\\/ca93077e3b8d4a14ff357012e2e9a41d\",\"name\":\"lbarriocanal\",\"image\":{\"@type\":\"ImageObject\",\"inLanguage\":\"es\",\"@id\":\"https:\\\/\\\/secure.gravatar.com\\\/avatar\\\/1f6884c182c7dd4f0f5329225cdf4f117f103647fc99811ff87bd059d99aae38?s=96&d=mm&r=g\",\"url\":\"https:\\\/\\\/secure.gravatar.com\\\/avatar\\\/1f6884c182c7dd4f0f5329225cdf4f117f103647fc99811ff87bd059d99aae38?s=96&d=mm&r=g\",\"contentUrl\":\"https:\\\/\\\/secure.gravatar.com\\\/avatar\\\/1f6884c182c7dd4f0f5329225cdf4f117f103647fc99811ff87bd059d99aae38?s=96&d=mm&r=g\",\"caption\":\"lbarriocanal\"},\"sameAs\":[\"https:\\\/\\\/www.facebook.com\\\/lbarriocanal\",\"https:\\\/\\\/www.youtube.com\\\/user\\\/lbarriocanal\\\/\"]}]}<\/script>\n<!-- \/ Yoast SEO plugin. -->","yoast_head_json":{"title":"Mi nuevo Mac - Orientaeduc","robots":{"index":"index","follow":"follow","max-snippet":"max-snippet:-1","max-image-preview":"max-image-preview:large","max-video-preview":"max-video-preview:-1"},"canonical":"https:\/\/orientaeduc.com\/archivo\/blog\/mac\/mi-nuevo-mac","og_locale":"es_ES","og_type":"article","og_title":"Mi nuevo Mac - Orientaeduc","og_description":"Ya lo tengo en casa. El sexto equipo que compro en mis 15 a&ntilde;os de servicio. Una peque&ntilde;a maravilla que podr\u00e9 transportar f\u00e1cilmente cuando el ordenador del aula de inform\u00e1tica del insti me deje tirado. No es que el eMac que ven\u00eda utilizando hasta ahora vaya mal. Sigue en plena forma sin haber tenido que [&hellip;]","og_url":"https:\/\/orientaeduc.com\/archivo\/blog\/mac\/mi-nuevo-mac","og_site_name":"Orientaeduc","article_author":"https:\/\/www.facebook.com\/lbarriocanal","article_published_time":"2006-03-18T18:45:34+00:00","article_modified_time":"2020-04-07T18:33:35+00:00","og_image":[{"url":"https:\/\/orientaeduc.com\/archivos\/wp-content\/uploads\/sites\/2\/imac_duo.jpg","type":"","width":"","height":""}],"author":"lbarriocanal","twitter_card":"summary_large_image","twitter_misc":{"Escrito por":"lbarriocanal","Tiempo de lectura":"1 minuto"},"schema":{"@context":"https:\/\/schema.org","@graph":[{"@type":"Article","@id":"https:\/\/orientaeduc.com\/archivo\/blog\/mac\/mi-nuevo-mac#article","isPartOf":{"@id":"https:\/\/orientaeduc.com\/archivo\/blog\/mac\/mi-nuevo-mac"},"author":{"name":"lbarriocanal","@id":"https:\/\/orientaeduc.com\/archivo\/#\/schema\/person\/ca93077e3b8d4a14ff357012e2e9a41d"},"headline":"Mi nuevo Mac","datePublished":"2006-03-18T18:45:34+00:00","dateModified":"2020-04-07T18:33:35+00:00","mainEntityOfPage":{"@id":"https:\/\/orientaeduc.com\/archivo\/blog\/mac\/mi-nuevo-mac"},"wordCount":212,"commentCount":7,"publisher":{"@id":"https:\/\/orientaeduc.com\/archivo\/#organization"},"image":{"@id":"https:\/\/orientaeduc.com\/archivo\/blog\/mac\/mi-nuevo-mac#primaryimage"},"thumbnailUrl":"https:\/\/orientaeduc.com\/archivos\/wp-content\/uploads\/sites\/2\/imac_duo.jpg","articleSection":["MacOS"],"inLanguage":"es","potentialAction":[{"@type":"CommentAction","name":"Comment","target":["https:\/\/orientaeduc.com\/archivo\/blog\/mac\/mi-nuevo-mac#respond"]}]},{"@type":"WebPage","@id":"https:\/\/orientaeduc.com\/archivo\/blog\/mac\/mi-nuevo-mac","url":"https:\/\/orientaeduc.com\/archivo\/blog\/mac\/mi-nuevo-mac","name":"Mi nuevo Mac - Orientaeduc","isPartOf":{"@id":"https:\/\/orientaeduc.com\/archivo\/#website"},"primaryImageOfPage":{"@id":"https:\/\/orientaeduc.com\/archivo\/blog\/mac\/mi-nuevo-mac#primaryimage"},"image":{"@id":"https:\/\/orientaeduc.com\/archivo\/blog\/mac\/mi-nuevo-mac#primaryimage"},"thumbnailUrl":"https:\/\/orientaeduc.com\/archivos\/wp-content\/uploads\/sites\/2\/imac_duo.jpg","datePublished":"2006-03-18T18:45:34+00:00","dateModified":"2020-04-07T18:33:35+00:00","breadcrumb":{"@id":"https:\/\/orientaeduc.com\/archivo\/blog\/mac\/mi-nuevo-mac#breadcrumb"},"inLanguage":"es","potentialAction":[{"@type":"ReadAction","target":["https:\/\/orientaeduc.com\/archivo\/blog\/mac\/mi-nuevo-mac"]}]},{"@type":"ImageObject","inLanguage":"es","@id":"https:\/\/orientaeduc.com\/archivo\/blog\/mac\/mi-nuevo-mac#primaryimage","url":"https:\/\/orientaeduc.com\/archivos\/wp-content\/uploads\/sites\/2\/imac_duo.jpg","contentUrl":"https:\/\/orientaeduc.com\/archivos\/wp-content\/uploads\/sites\/2\/imac_duo.jpg"},{"@type":"BreadcrumbList","@id":"https:\/\/orientaeduc.com\/archivo\/blog\/mac\/mi-nuevo-mac#breadcrumb","itemListElement":[{"@type":"ListItem","position":1,"name":"Portada","item":"https:\/\/orientaeduc.com\/archivo"},{"@type":"ListItem","position":2,"name":"Mi nuevo Mac"}]},{"@type":"WebSite","@id":"https:\/\/orientaeduc.com\/archivo\/#website","url":"https:\/\/orientaeduc.com\/archivo\/","name":"Orientaeduc","description":"Recursos para la Orientaci\u00f3n Educativa","publisher":{"@id":"https:\/\/orientaeduc.com\/archivo\/#organization"},"potentialAction":[{"@type":"SearchAction","target":{"@type":"EntryPoint","urlTemplate":"https:\/\/orientaeduc.com\/archivo\/?s={search_term_string}"},"query-input":{"@type":"PropertyValueSpecification","valueRequired":true,"valueName":"search_term_string"}}],"inLanguage":"es"},{"@type":"Organization","@id":"https:\/\/orientaeduc.com\/archivo\/#organization","name":"Orientaeduc.com","url":"https:\/\/orientaeduc.com\/archivo\/","logo":{"@type":"ImageObject","inLanguage":"es","@id":"https:\/\/orientaeduc.com\/archivo\/#\/schema\/logo\/image\/","url":"https:\/\/orientaeduc.com\/archivo\/wp-content\/uploads\/sites\/2\/2020\/04\/orientaeduc_logo.png","contentUrl":"https:\/\/orientaeduc.com\/archivo\/wp-content\/uploads\/sites\/2\/2020\/04\/orientaeduc_logo.png","width":293,"height":76,"caption":"Orientaeduc.com"},"image":{"@id":"https:\/\/orientaeduc.com\/archivo\/#\/schema\/logo\/image\/"}},{"@type":"Person","@id":"https:\/\/orientaeduc.com\/archivo\/#\/schema\/person\/ca93077e3b8d4a14ff357012e2e9a41d","name":"lbarriocanal","image":{"@type":"ImageObject","inLanguage":"es","@id":"https:\/\/secure.gravatar.com\/avatar\/1f6884c182c7dd4f0f5329225cdf4f117f103647fc99811ff87bd059d99aae38?s=96&d=mm&r=g","url":"https:\/\/secure.gravatar.com\/avatar\/1f6884c182c7dd4f0f5329225cdf4f117f103647fc99811ff87bd059d99aae38?s=96&d=mm&r=g","contentUrl":"https:\/\/secure.gravatar.com\/avatar\/1f6884c182c7dd4f0f5329225cdf4f117f103647fc99811ff87bd059d99aae38?s=96&d=mm&r=g","caption":"lbarriocanal"},"sameAs":["https:\/\/www.facebook.com\/lbarriocanal","https:\/\/www.youtube.com\/user\/lbarriocanal\/"]}]}},"_links":{"self":[{"href":"https:\/\/orientaeduc.com\/archivo\/wp-json\/wp\/v2\/posts\/577","targetHints":{"allow":["GET"]}}],"collection":[{"href":"https:\/\/orientaeduc.com\/archivo\/wp-json\/wp\/v2\/posts"}],"about":[{"href":"https:\/\/orientaeduc.com\/archivo\/wp-json\/wp\/v2\/types\/post"}],"author":[{"embeddable":true,"href":"https:\/\/orientaeduc.com\/archivo\/wp-json\/wp\/v2\/users\/4"}],"replies":[{"embeddable":true,"href":"https:\/\/orientaeduc.com\/archivo\/wp-json\/wp\/v2\/comments?post=577"}],"version-history":[{"count":0,"href":"https:\/\/orientaeduc.com\/archivo\/wp-json\/wp\/v2\/posts\/577\/revisions"}],"wp:attachment":[{"href":"https:\/\/orientaeduc.com\/archivo\/wp-json\/wp\/v2\/media?parent=577"}],"wp:term":[{"taxonomy":"category","embeddable":true,"href":"https:\/\/orientaeduc.com\/archivo\/wp-json\/wp\/v2\/categories?post=577"},{"taxonomy":"post_tag","embeddable":true,"href":"https:\/\/orientaeduc.com\/archivo\/wp-json\/wp\/v2\/tags?post=577"}],"curies":[{"name":"wp","href":"https:\/\/api.w.org\/{rel}","templated":true}]}}