{"id":602,"date":"2006-07-11T19:22:35","date_gmt":"2006-07-11T17:22:35","guid":{"rendered":"https:\/\/orientaeduc.com\/archivos\/2006\/declaracion-de-roa-sobre-educacion-y-tics\/"},"modified":"2020-04-14T11:04:04","modified_gmt":"2020-04-14T11:04:04","slug":"declaracion-de-roa-sobre-educacion-y-tics","status":"publish","type":"post","link":"https:\/\/orientaeduc.com\/archivo\/tics-internet\/declaracion-de-roa-sobre-educacion-y-tics","title":{"rendered":"Declaraci\u00f3n de Roa sobre educaci\u00f3n y TICs"},"content":{"rendered":"<p>Durante los pasados d\u00edas 6 y 7 de julio ha tenido lugar en el <a title=\"IES Ribera del Duero\" href=\"http:\/\/centros4.pntic.mec.es\/ies.ribera.de.duero\/\" target=\"_blank\" rel=\"noopener noreferrer\">IES Ribera del Duero<\/a> de <a href=\"http:\/\/www.diputaciondeburgos.es\/Poblacion.cfm?ine=09321&amp;pdn=0\" target=\"_blank\" rel=\"noopener noreferrer\">Roa <\/a>(Burgos) el <em><a href=\"http:\/\/www.tinglado.net\/encuentro\/index.php\" target=\"_blank\" rel=\"noopener noreferrer\">I Encuentro de Edublogs<\/a><\/em>, donde <a href=\"http:\/\/www.tinglado.net\/encuentro\/index.php?option=com_content&amp;task=view&amp;id=31&amp;Itemid=1\" target=\"_blank\" rel=\"noopener noreferrer\"> profesores,\u00a0 profesoras y especialistas en la materia<\/a> han debatido y compartido experiencias en torno a la integraci\u00f3n de la tecnolog\u00eda digital en las aulas.<\/p>\n<p align=\"left\">Este evento, organizado y promovido por miembros de <em><a href=\"http:\/\/www.aulablog.com\/\" target=\"_blank\" rel=\"noopener noreferrer\">Aulablog<\/a><\/em> y <em><a href=\"http:\/\/www.tinglado.net\/\" target=\"_blank\" rel=\"noopener noreferrer\">El Tinglado<\/a><\/em> ha resultado un manifiesto: la <em><a href=\"http:\/\/aulablog.wikispaces.com\/Declaracion+de+Roa\" target=\"_blank\" rel=\"noopener noreferrer\">Declaraci\u00f3n de Roa por la integraci\u00f3n de las TIC en al educaci\u00f3n<\/a><\/em>.\u00a0\u00a0 En \u00e9l se recogen en forma de dec\u00e1logo las conclusiones y reivindicaciones de los participantes de cara a mejorar la incorporaci\u00f3n del sistema educativo a la Sociedad de la Informaci\u00f3n y la Comunicaci\u00f3n.<\/p>\n<div align=\"left\">En la <a href=\"http:\/\/www.tinglado.net\/encuentro\/index.php\" target=\"_blank\" rel=\"noopener noreferrer\">web oficial<\/a> del encuentro est\u00e1 disponible toda la documentaci\u00f3n y materiales del encuentro. Adem\u00e1s es posible adherirse a la <em><a href=\"http:\/\/aulablog.wikispaces.com\/Declaracion+de+Roa\" target=\"_blank\" rel=\"noopener noreferrer\">Declaraci\u00f3n de Roa<\/a>.<\/em><\/div>\n<p><!--more--><\/p>\n<div align=\"left\">Se est\u00e1 hablando en muchos sitios de este magn\u00edfico evento. Para hacerse una idea puede consultarse:<\/div>\n<blockquote>\n<div align=\"left\">La <a title=\"montse\" href=\"http:\/\/montserratboix.blogspot.com\/2006\/07\/hacklab-aulablog-en-roa-las-tics-en-la.html\" target=\"_blank\" rel=\"noopener noreferrer\">cr\u00f3nica de Montse Boix<\/a><\/div>\n<div align=\"left\">La <a title=\"antoine's blog\" href=\"http:\/\/antoniofumero.blogspot.com\/2006\/07\/de-roa-vengo.html\" target=\"_blank\" rel=\"noopener noreferrer\">cr\u00f3nica de Antonio Fumero<\/a><\/div>\n<div align=\"left\">El <a title=\"video\" href=\"http:\/\/www.dailymotion.com\/video\/344092\" target=\"_blank\" rel=\"noopener noreferrer\">v\u00eddeo de Mentxu Ramilo<\/a><\/div>\n<div align=\"left\">El <a title=\"cuerva\" href=\"http:\/\/e-profes.net\/blog\/emociones-en-roa2\/\" target=\"_blank\" rel=\"noopener noreferrer\">video de Jos\u00e9 Cuerva<\/a><\/div>\n<div align=\"left\">El <a title=\"fotos\" href=\"http:\/\/www.flickr.com\/photos\/edublogs06\/\" target=\"_blank\" rel=\"noopener noreferrer\">\u00e1lbum de fotos<\/a><\/div>\n<div align=\"left\">La <a title=\"educarueca\" href=\"http:\/\/www.tinglado.net\/encuentro\/index.php?option=com_content&amp;task=view&amp;id=42&amp;Itemid=63\" target=\"_blank\" rel=\"noopener noreferrer\">comunicaci\u00f3n de Yolanda Juarros sobre Educarueca.org y SPIP<\/a><\/div>\n<div align=\"left\">La <a title=\"enlaces\" href=\"http:\/\/www.tinglado.net\/encuentro\/index.php?option=com_content&amp;task=view&amp;id=32&amp;Itemid=1\" target=\"_blank\" rel=\"noopener noreferrer\">lista de enlaces<\/a> a los sitios que hablan del asunto<\/div>\n<\/blockquote>\n<div align=\"left\"><\/div>\n<div align=\"left\">Y muchas cosas m\u00e1s que se publican en <a title=\"web del encuentro\" href=\"http:\/\/www.tinglado.net\/encuentro\" target=\"_blank\" rel=\"noopener noreferrer\">www.tinglado.net\/encuentro<\/a><\/div>\n<div align=\"left\"><\/div>\n","protected":false},"excerpt":{"rendered":"<p>Durante los pasados d\u00edas 6 y 7 de julio ha tenido lugar en el IES Ribera del Duero de Roa (Burgos) el I Encuentro de Edublogs, donde profesores,\u00a0 profesoras y especialistas en la materia han debatido y compartido experiencias en torno a la integraci\u00f3n de la tecnolog\u00eda digital en las aulas. Este evento, organizado y [&hellip;]<\/p>\n","protected":false},"author":4,"featured_media":1433,"comment_status":"open","ping_status":"open","sticky":false,"template":"","format":"standard","meta":{"_et_pb_use_builder":"","_et_pb_old_content":"","_et_gb_content_width":"","footnotes":""},"categories":[67],"tags":[],"class_list":["post-602","post","type-post","status-publish","format-standard","has-post-thumbnail","hentry","category-tics-internet","et-has-post-format-content","et_post_format-et-post-format-standard"],"yoast_head":"<!-- This site is optimized with the Yoast SEO plugin v27.4 - https:\/\/yoast.com\/product\/yoast-seo-wordpress\/ -->\n<title>Declaraci\u00f3n de Roa sobre educaci\u00f3n y TICs - Orientaeduc<\/title>\n<meta name=\"robots\" content=\"index, follow, max-snippet:-1, max-image-preview:large, max-video-preview:-1\" \/>\n<link rel=\"canonical\" href=\"https:\/\/orientaeduc.com\/archivo\/tics-internet\/declaracion-de-roa-sobre-educacion-y-tics\" \/>\n<meta property=\"og:locale\" content=\"es_ES\" \/>\n<meta property=\"og:type\" content=\"article\" \/>\n<meta property=\"og:title\" content=\"Declaraci\u00f3n de Roa sobre educaci\u00f3n y TICs - Orientaeduc\" \/>\n<meta property=\"og:description\" content=\"Durante los pasados d\u00edas 6 y 7 de julio ha tenido lugar en el IES Ribera del Duero de Roa (Burgos) el I Encuentro de Edublogs, donde profesores,\u00a0 profesoras y especialistas en la materia han debatido y compartido experiencias en torno a la integraci\u00f3n de la tecnolog\u00eda digital en las aulas. Este evento, organizado y [&hellip;]\" \/>\n<meta property=\"og:url\" content=\"https:\/\/orientaeduc.com\/archivo\/tics-internet\/declaracion-de-roa-sobre-educacion-y-tics\" \/>\n<meta property=\"og:site_name\" content=\"Orientaeduc\" \/>\n<meta property=\"article:author\" content=\"https:\/\/www.facebook.com\/lbarriocanal\" \/>\n<meta property=\"article:published_time\" content=\"2006-07-11T17:22:35+00:00\" \/>\n<meta property=\"article:modified_time\" content=\"2020-04-14T11:04:04+00:00\" \/>\n<meta property=\"og:image\" content=\"https:\/\/storage.googleapis.com\/orientaeduc\/2006\/07\/declaracion_roa.jpg\" \/>\n\t<meta property=\"og:image:width\" content=\"150\" \/>\n\t<meta property=\"og:image:height\" content=\"121\" \/>\n\t<meta property=\"og:image:type\" content=\"image\/jpeg\" \/>\n<meta name=\"author\" content=\"lbarriocanal\" \/>\n<meta name=\"twitter:card\" content=\"summary_large_image\" \/>\n<meta name=\"twitter:label1\" content=\"Escrito por\" \/>\n\t<meta name=\"twitter:data1\" content=\"lbarriocanal\" \/>\n\t<meta name=\"twitter:label2\" content=\"Tiempo de lectura\" \/>\n\t<meta name=\"twitter:data2\" content=\"1 minuto\" \/>\n<script type=\"application\/ld+json\" class=\"yoast-schema-graph\">{\"@context\":\"https:\\\/\\\/schema.org\",\"@graph\":[{\"@type\":\"Article\",\"@id\":\"https:\\\/\\\/orientaeduc.com\\\/archivo\\\/tics-internet\\\/declaracion-de-roa-sobre-educacion-y-tics#article\",\"isPartOf\":{\"@id\":\"https:\\\/\\\/orientaeduc.com\\\/archivo\\\/tics-internet\\\/declaracion-de-roa-sobre-educacion-y-tics\"},\"author\":{\"name\":\"lbarriocanal\",\"@id\":\"https:\\\/\\\/orientaeduc.com\\\/archivo\\\/#\\\/schema\\\/person\\\/ca93077e3b8d4a14ff357012e2e9a41d\"},\"headline\":\"Declaraci\u00f3n de Roa sobre educaci\u00f3n y TICs\",\"datePublished\":\"2006-07-11T17:22:35+00:00\",\"dateModified\":\"2020-04-14T11:04:04+00:00\",\"mainEntityOfPage\":{\"@id\":\"https:\\\/\\\/orientaeduc.com\\\/archivo\\\/tics-internet\\\/declaracion-de-roa-sobre-educacion-y-tics\"},\"wordCount\":236,\"commentCount\":0,\"publisher\":{\"@id\":\"https:\\\/\\\/orientaeduc.com\\\/archivo\\\/#organization\"},\"image\":{\"@id\":\"https:\\\/\\\/orientaeduc.com\\\/archivo\\\/tics-internet\\\/declaracion-de-roa-sobre-educacion-y-tics#primaryimage\"},\"thumbnailUrl\":\"https:\\\/\\\/storage.googleapis.com\\\/orientaeduc\\\/2006\\\/07\\\/declaracion_roa.jpg\",\"articleSection\":[\"TICs-Internet\"],\"inLanguage\":\"es\",\"potentialAction\":[{\"@type\":\"CommentAction\",\"name\":\"Comment\",\"target\":[\"https:\\\/\\\/orientaeduc.com\\\/archivo\\\/tics-internet\\\/declaracion-de-roa-sobre-educacion-y-tics#respond\"]}]},{\"@type\":\"WebPage\",\"@id\":\"https:\\\/\\\/orientaeduc.com\\\/archivo\\\/tics-internet\\\/declaracion-de-roa-sobre-educacion-y-tics\",\"url\":\"https:\\\/\\\/orientaeduc.com\\\/archivo\\\/tics-internet\\\/declaracion-de-roa-sobre-educacion-y-tics\",\"name\":\"Declaraci\u00f3n de Roa sobre educaci\u00f3n y TICs - Orientaeduc\",\"isPartOf\":{\"@id\":\"https:\\\/\\\/orientaeduc.com\\\/archivo\\\/#website\"},\"primaryImageOfPage\":{\"@id\":\"https:\\\/\\\/orientaeduc.com\\\/archivo\\\/tics-internet\\\/declaracion-de-roa-sobre-educacion-y-tics#primaryimage\"},\"image\":{\"@id\":\"https:\\\/\\\/orientaeduc.com\\\/archivo\\\/tics-internet\\\/declaracion-de-roa-sobre-educacion-y-tics#primaryimage\"},\"thumbnailUrl\":\"https:\\\/\\\/storage.googleapis.com\\\/orientaeduc\\\/2006\\\/07\\\/declaracion_roa.jpg\",\"datePublished\":\"2006-07-11T17:22:35+00:00\",\"dateModified\":\"2020-04-14T11:04:04+00:00\",\"breadcrumb\":{\"@id\":\"https:\\\/\\\/orientaeduc.com\\\/archivo\\\/tics-internet\\\/declaracion-de-roa-sobre-educacion-y-tics#breadcrumb\"},\"inLanguage\":\"es\",\"potentialAction\":[{\"@type\":\"ReadAction\",\"target\":[\"https:\\\/\\\/orientaeduc.com\\\/archivo\\\/tics-internet\\\/declaracion-de-roa-sobre-educacion-y-tics\"]}]},{\"@type\":\"ImageObject\",\"inLanguage\":\"es\",\"@id\":\"https:\\\/\\\/orientaeduc.com\\\/archivo\\\/tics-internet\\\/declaracion-de-roa-sobre-educacion-y-tics#primaryimage\",\"url\":\"https:\\\/\\\/storage.googleapis.com\\\/orientaeduc\\\/2006\\\/07\\\/declaracion_roa.jpg\",\"contentUrl\":\"https:\\\/\\\/storage.googleapis.com\\\/orientaeduc\\\/2006\\\/07\\\/declaracion_roa.jpg\",\"width\":150,\"height\":121,\"caption\":\"bannerdeclara\"},{\"@type\":\"BreadcrumbList\",\"@id\":\"https:\\\/\\\/orientaeduc.com\\\/archivo\\\/tics-internet\\\/declaracion-de-roa-sobre-educacion-y-tics#breadcrumb\",\"itemListElement\":[{\"@type\":\"ListItem\",\"position\":1,\"name\":\"Portada\",\"item\":\"https:\\\/\\\/orientaeduc.com\\\/archivo\"},{\"@type\":\"ListItem\",\"position\":2,\"name\":\"Declaraci\u00f3n de Roa sobre educaci\u00f3n y TICs\"}]},{\"@type\":\"WebSite\",\"@id\":\"https:\\\/\\\/orientaeduc.com\\\/archivo\\\/#website\",\"url\":\"https:\\\/\\\/orientaeduc.com\\\/archivo\\\/\",\"name\":\"Orientaeduc\",\"description\":\"Recursos para la Orientaci\u00f3n Educativa\",\"publisher\":{\"@id\":\"https:\\\/\\\/orientaeduc.com\\\/archivo\\\/#organization\"},\"potentialAction\":[{\"@type\":\"SearchAction\",\"target\":{\"@type\":\"EntryPoint\",\"urlTemplate\":\"https:\\\/\\\/orientaeduc.com\\\/archivo\\\/?s={search_term_string}\"},\"query-input\":{\"@type\":\"PropertyValueSpecification\",\"valueRequired\":true,\"valueName\":\"search_term_string\"}}],\"inLanguage\":\"es\"},{\"@type\":\"Organization\",\"@id\":\"https:\\\/\\\/orientaeduc.com\\\/archivo\\\/#organization\",\"name\":\"Orientaeduc.com\",\"url\":\"https:\\\/\\\/orientaeduc.com\\\/archivo\\\/\",\"logo\":{\"@type\":\"ImageObject\",\"inLanguage\":\"es\",\"@id\":\"https:\\\/\\\/orientaeduc.com\\\/archivo\\\/#\\\/schema\\\/logo\\\/image\\\/\",\"url\":\"https:\\\/\\\/orientaeduc.com\\\/archivo\\\/wp-content\\\/uploads\\\/sites\\\/2\\\/2020\\\/04\\\/orientaeduc_logo.png\",\"contentUrl\":\"https:\\\/\\\/orientaeduc.com\\\/archivo\\\/wp-content\\\/uploads\\\/sites\\\/2\\\/2020\\\/04\\\/orientaeduc_logo.png\",\"width\":293,\"height\":76,\"caption\":\"Orientaeduc.com\"},\"image\":{\"@id\":\"https:\\\/\\\/orientaeduc.com\\\/archivo\\\/#\\\/schema\\\/logo\\\/image\\\/\"}},{\"@type\":\"Person\",\"@id\":\"https:\\\/\\\/orientaeduc.com\\\/archivo\\\/#\\\/schema\\\/person\\\/ca93077e3b8d4a14ff357012e2e9a41d\",\"name\":\"lbarriocanal\",\"image\":{\"@type\":\"ImageObject\",\"inLanguage\":\"es\",\"@id\":\"https:\\\/\\\/secure.gravatar.com\\\/avatar\\\/1f6884c182c7dd4f0f5329225cdf4f117f103647fc99811ff87bd059d99aae38?s=96&d=mm&r=g\",\"url\":\"https:\\\/\\\/secure.gravatar.com\\\/avatar\\\/1f6884c182c7dd4f0f5329225cdf4f117f103647fc99811ff87bd059d99aae38?s=96&d=mm&r=g\",\"contentUrl\":\"https:\\\/\\\/secure.gravatar.com\\\/avatar\\\/1f6884c182c7dd4f0f5329225cdf4f117f103647fc99811ff87bd059d99aae38?s=96&d=mm&r=g\",\"caption\":\"lbarriocanal\"},\"sameAs\":[\"https:\\\/\\\/www.facebook.com\\\/lbarriocanal\",\"https:\\\/\\\/www.youtube.com\\\/user\\\/lbarriocanal\\\/\"]}]}<\/script>\n<!-- \/ Yoast SEO plugin. -->","yoast_head_json":{"title":"Declaraci\u00f3n de Roa sobre educaci\u00f3n y TICs - Orientaeduc","robots":{"index":"index","follow":"follow","max-snippet":"max-snippet:-1","max-image-preview":"max-image-preview:large","max-video-preview":"max-video-preview:-1"},"canonical":"https:\/\/orientaeduc.com\/archivo\/tics-internet\/declaracion-de-roa-sobre-educacion-y-tics","og_locale":"es_ES","og_type":"article","og_title":"Declaraci\u00f3n de Roa sobre educaci\u00f3n y TICs - Orientaeduc","og_description":"Durante los pasados d\u00edas 6 y 7 de julio ha tenido lugar en el IES Ribera del Duero de Roa (Burgos) el I Encuentro de Edublogs, donde profesores,\u00a0 profesoras y especialistas en la materia han debatido y compartido experiencias en torno a la integraci\u00f3n de la tecnolog\u00eda digital en las aulas. Este evento, organizado y [&hellip;]","og_url":"https:\/\/orientaeduc.com\/archivo\/tics-internet\/declaracion-de-roa-sobre-educacion-y-tics","og_site_name":"Orientaeduc","article_author":"https:\/\/www.facebook.com\/lbarriocanal","article_published_time":"2006-07-11T17:22:35+00:00","article_modified_time":"2020-04-14T11:04:04+00:00","og_image":[{"width":150,"height":121,"url":"https:\/\/storage.googleapis.com\/orientaeduc\/2006\/07\/declaracion_roa.jpg","type":"image\/jpeg"}],"author":"lbarriocanal","twitter_card":"summary_large_image","twitter_misc":{"Escrito por":"lbarriocanal","Tiempo de lectura":"1 minuto"},"schema":{"@context":"https:\/\/schema.org","@graph":[{"@type":"Article","@id":"https:\/\/orientaeduc.com\/archivo\/tics-internet\/declaracion-de-roa-sobre-educacion-y-tics#article","isPartOf":{"@id":"https:\/\/orientaeduc.com\/archivo\/tics-internet\/declaracion-de-roa-sobre-educacion-y-tics"},"author":{"name":"lbarriocanal","@id":"https:\/\/orientaeduc.com\/archivo\/#\/schema\/person\/ca93077e3b8d4a14ff357012e2e9a41d"},"headline":"Declaraci\u00f3n de Roa sobre educaci\u00f3n y TICs","datePublished":"2006-07-11T17:22:35+00:00","dateModified":"2020-04-14T11:04:04+00:00","mainEntityOfPage":{"@id":"https:\/\/orientaeduc.com\/archivo\/tics-internet\/declaracion-de-roa-sobre-educacion-y-tics"},"wordCount":236,"commentCount":0,"publisher":{"@id":"https:\/\/orientaeduc.com\/archivo\/#organization"},"image":{"@id":"https:\/\/orientaeduc.com\/archivo\/tics-internet\/declaracion-de-roa-sobre-educacion-y-tics#primaryimage"},"thumbnailUrl":"https:\/\/storage.googleapis.com\/orientaeduc\/2006\/07\/declaracion_roa.jpg","articleSection":["TICs-Internet"],"inLanguage":"es","potentialAction":[{"@type":"CommentAction","name":"Comment","target":["https:\/\/orientaeduc.com\/archivo\/tics-internet\/declaracion-de-roa-sobre-educacion-y-tics#respond"]}]},{"@type":"WebPage","@id":"https:\/\/orientaeduc.com\/archivo\/tics-internet\/declaracion-de-roa-sobre-educacion-y-tics","url":"https:\/\/orientaeduc.com\/archivo\/tics-internet\/declaracion-de-roa-sobre-educacion-y-tics","name":"Declaraci\u00f3n de Roa sobre educaci\u00f3n y TICs - Orientaeduc","isPartOf":{"@id":"https:\/\/orientaeduc.com\/archivo\/#website"},"primaryImageOfPage":{"@id":"https:\/\/orientaeduc.com\/archivo\/tics-internet\/declaracion-de-roa-sobre-educacion-y-tics#primaryimage"},"image":{"@id":"https:\/\/orientaeduc.com\/archivo\/tics-internet\/declaracion-de-roa-sobre-educacion-y-tics#primaryimage"},"thumbnailUrl":"https:\/\/storage.googleapis.com\/orientaeduc\/2006\/07\/declaracion_roa.jpg","datePublished":"2006-07-11T17:22:35+00:00","dateModified":"2020-04-14T11:04:04+00:00","breadcrumb":{"@id":"https:\/\/orientaeduc.com\/archivo\/tics-internet\/declaracion-de-roa-sobre-educacion-y-tics#breadcrumb"},"inLanguage":"es","potentialAction":[{"@type":"ReadAction","target":["https:\/\/orientaeduc.com\/archivo\/tics-internet\/declaracion-de-roa-sobre-educacion-y-tics"]}]},{"@type":"ImageObject","inLanguage":"es","@id":"https:\/\/orientaeduc.com\/archivo\/tics-internet\/declaracion-de-roa-sobre-educacion-y-tics#primaryimage","url":"https:\/\/storage.googleapis.com\/orientaeduc\/2006\/07\/declaracion_roa.jpg","contentUrl":"https:\/\/storage.googleapis.com\/orientaeduc\/2006\/07\/declaracion_roa.jpg","width":150,"height":121,"caption":"bannerdeclara"},{"@type":"BreadcrumbList","@id":"https:\/\/orientaeduc.com\/archivo\/tics-internet\/declaracion-de-roa-sobre-educacion-y-tics#breadcrumb","itemListElement":[{"@type":"ListItem","position":1,"name":"Portada","item":"https:\/\/orientaeduc.com\/archivo"},{"@type":"ListItem","position":2,"name":"Declaraci\u00f3n de Roa sobre educaci\u00f3n y TICs"}]},{"@type":"WebSite","@id":"https:\/\/orientaeduc.com\/archivo\/#website","url":"https:\/\/orientaeduc.com\/archivo\/","name":"Orientaeduc","description":"Recursos para la Orientaci\u00f3n Educativa","publisher":{"@id":"https:\/\/orientaeduc.com\/archivo\/#organization"},"potentialAction":[{"@type":"SearchAction","target":{"@type":"EntryPoint","urlTemplate":"https:\/\/orientaeduc.com\/archivo\/?s={search_term_string}"},"query-input":{"@type":"PropertyValueSpecification","valueRequired":true,"valueName":"search_term_string"}}],"inLanguage":"es"},{"@type":"Organization","@id":"https:\/\/orientaeduc.com\/archivo\/#organization","name":"Orientaeduc.com","url":"https:\/\/orientaeduc.com\/archivo\/","logo":{"@type":"ImageObject","inLanguage":"es","@id":"https:\/\/orientaeduc.com\/archivo\/#\/schema\/logo\/image\/","url":"https:\/\/orientaeduc.com\/archivo\/wp-content\/uploads\/sites\/2\/2020\/04\/orientaeduc_logo.png","contentUrl":"https:\/\/orientaeduc.com\/archivo\/wp-content\/uploads\/sites\/2\/2020\/04\/orientaeduc_logo.png","width":293,"height":76,"caption":"Orientaeduc.com"},"image":{"@id":"https:\/\/orientaeduc.com\/archivo\/#\/schema\/logo\/image\/"}},{"@type":"Person","@id":"https:\/\/orientaeduc.com\/archivo\/#\/schema\/person\/ca93077e3b8d4a14ff357012e2e9a41d","name":"lbarriocanal","image":{"@type":"ImageObject","inLanguage":"es","@id":"https:\/\/secure.gravatar.com\/avatar\/1f6884c182c7dd4f0f5329225cdf4f117f103647fc99811ff87bd059d99aae38?s=96&d=mm&r=g","url":"https:\/\/secure.gravatar.com\/avatar\/1f6884c182c7dd4f0f5329225cdf4f117f103647fc99811ff87bd059d99aae38?s=96&d=mm&r=g","contentUrl":"https:\/\/secure.gravatar.com\/avatar\/1f6884c182c7dd4f0f5329225cdf4f117f103647fc99811ff87bd059d99aae38?s=96&d=mm&r=g","caption":"lbarriocanal"},"sameAs":["https:\/\/www.facebook.com\/lbarriocanal","https:\/\/www.youtube.com\/user\/lbarriocanal\/"]}]}},"_links":{"self":[{"href":"https:\/\/orientaeduc.com\/archivo\/wp-json\/wp\/v2\/posts\/602","targetHints":{"allow":["GET"]}}],"collection":[{"href":"https:\/\/orientaeduc.com\/archivo\/wp-json\/wp\/v2\/posts"}],"about":[{"href":"https:\/\/orientaeduc.com\/archivo\/wp-json\/wp\/v2\/types\/post"}],"author":[{"embeddable":true,"href":"https:\/\/orientaeduc.com\/archivo\/wp-json\/wp\/v2\/users\/4"}],"replies":[{"embeddable":true,"href":"https:\/\/orientaeduc.com\/archivo\/wp-json\/wp\/v2\/comments?post=602"}],"version-history":[{"count":0,"href":"https:\/\/orientaeduc.com\/archivo\/wp-json\/wp\/v2\/posts\/602\/revisions"}],"wp:featuredmedia":[{"embeddable":true,"href":"https:\/\/orientaeduc.com\/archivo\/wp-json\/wp\/v2\/media\/1433"}],"wp:attachment":[{"href":"https:\/\/orientaeduc.com\/archivo\/wp-json\/wp\/v2\/media?parent=602"}],"wp:term":[{"taxonomy":"category","embeddable":true,"href":"https:\/\/orientaeduc.com\/archivo\/wp-json\/wp\/v2\/categories?post=602"},{"taxonomy":"post_tag","embeddable":true,"href":"https:\/\/orientaeduc.com\/archivo\/wp-json\/wp\/v2\/tags?post=602"}],"curies":[{"name":"wp","href":"https:\/\/api.w.org\/{rel}","templated":true}]}}