{"id":638,"date":"2007-02-15T21:51:09","date_gmt":"2007-02-15T21:51:09","guid":{"rendered":"https:\/\/orientaeduc.com\/archivos\/2007\/vivir-de-la-alarma-social-contrainforme-sobre-el-bullying\/"},"modified":"2020-04-07T22:15:21","modified_gmt":"2020-04-07T22:15:21","slug":"vivir-de-la-alarma-social-contrainforme-sobre-el-bullying","status":"publish","type":"post","link":"https:\/\/orientaeduc.com\/archivo\/educacion\/convivencia\/vivir-de-la-alarma-social-contrainforme-sobre-el-bullying","title":{"rendered":"Vivir de la alarma social: contrainforme sobre el Bullying"},"content":{"rendered":"<p><a href=\"http:\/\/www3.usal.es\/~mfe\/enguita\/\" target=\"_blank\" rel=\"noopener noreferrer\"><img loading=\"lazy\" decoding=\"async\" class=\"alignleft\" src=\"https:\/\/orientaeduc.com\/archivos\/wp-content\/uploads\/sites\/2\/thumb-mfe.jpg\" width=\"84\" height=\"120\" align=\"left\" border=\"1\" hspace=\"10\" \/>Mariano Fern\u00e1ndez Enguita<\/a> se suma a las voces cr\u00edticas sobre datos alarmantes de violencia escolar difundidos por varios estudios. En <em>Vivir de la alarma social, o como hacer pasar una chapuza por investigaci\u00f3n dando al p\u00fablico lo que quiere oir<\/em> cuestiona el rigor y la solvencia cient\u00edfica del <a href=\"http:\/\/www.educaweb.com\/EducaNews\/Interface\/asp\/web\/NoticiesMostrar.asp?NoticiaID=1925\" target=\"_blank\" rel=\"noopener noreferrer\">Informe Cisneros<\/a>, elaborado por I\u00f1aki Pi\u00f1uel y Araceli O\u00f1ate.<\/p>\n<ul>\n<li><a href=\"http:\/\/www.magisnet.com\/articulos.asp?idarticulo=2386\" target=\"_blank\" rel=\"noopener noreferrer\">Entrevista a MFE en Magisnet<\/a><\/li>\n<li><a href=\"http:\/\/papelesdesociologia.usal.es\/papers\/VIVIR%20DE%20LA%20ALARMA%20SOCIAL.pdf\">Vivir de la Alarma Social (pdf)\u00a0<\/a><\/li>\n<\/ul>\n","protected":false},"excerpt":{"rendered":"<p>Mariano Fern\u00e1ndez Enguita se suma a las voces cr\u00edticas sobre datos alarmantes de violencia escolar difundidos por varios estudios. En Vivir de la alarma social, o como hacer pasar una chapuza por investigaci\u00f3n dando al p\u00fablico lo que quiere oir cuestiona el rigor y la solvencia cient\u00edfica del Informe Cisneros, elaborado por I\u00f1aki Pi\u00f1uel y [&hellip;]<\/p>\n","protected":false},"author":4,"featured_media":1948,"comment_status":"open","ping_status":"open","sticky":false,"template":"","format":"standard","meta":{"_et_pb_use_builder":"","_et_pb_old_content":"","_et_gb_content_width":"","footnotes":""},"categories":[66],"tags":[],"class_list":["post-638","post","type-post","status-publish","format-standard","has-post-thumbnail","hentry","category-convivencia","et-has-post-format-content","et_post_format-et-post-format-standard"],"yoast_head":"<!-- This site is optimized with the Yoast SEO plugin v27.4 - https:\/\/yoast.com\/product\/yoast-seo-wordpress\/ -->\n<title>Vivir de la alarma social: contrainforme sobre el Bullying - Orientaeduc<\/title>\n<meta name=\"robots\" content=\"index, follow, max-snippet:-1, max-image-preview:large, max-video-preview:-1\" \/>\n<link rel=\"canonical\" href=\"https:\/\/orientaeduc.com\/archivo\/educacion\/convivencia\/vivir-de-la-alarma-social-contrainforme-sobre-el-bullying\" \/>\n<meta property=\"og:locale\" content=\"es_ES\" \/>\n<meta property=\"og:type\" content=\"article\" \/>\n<meta property=\"og:title\" content=\"Vivir de la alarma social: contrainforme sobre el Bullying - Orientaeduc\" \/>\n<meta property=\"og:description\" content=\"Mariano Fern\u00e1ndez Enguita se suma a las voces cr\u00edticas sobre datos alarmantes de violencia escolar difundidos por varios estudios. En Vivir de la alarma social, o como hacer pasar una chapuza por investigaci\u00f3n dando al p\u00fablico lo que quiere oir cuestiona el rigor y la solvencia cient\u00edfica del Informe Cisneros, elaborado por I\u00f1aki Pi\u00f1uel y [&hellip;]\" \/>\n<meta property=\"og:url\" content=\"https:\/\/orientaeduc.com\/archivo\/educacion\/convivencia\/vivir-de-la-alarma-social-contrainforme-sobre-el-bullying\" \/>\n<meta property=\"og:site_name\" content=\"Orientaeduc\" \/>\n<meta property=\"article:author\" content=\"https:\/\/www.facebook.com\/lbarriocanal\" \/>\n<meta property=\"article:published_time\" content=\"2007-02-15T21:51:09+00:00\" \/>\n<meta property=\"article:modified_time\" content=\"2020-04-07T22:15:21+00:00\" \/>\n<meta property=\"og:image\" content=\"https:\/\/storage.googleapis.com\/orientaeduc\/2007\/02\/alarma-social-bullying.jpg\" \/>\n\t<meta property=\"og:image:width\" content=\"900\" \/>\n\t<meta property=\"og:image:height\" content=\"580\" \/>\n\t<meta property=\"og:image:type\" content=\"image\/jpeg\" \/>\n<meta name=\"author\" content=\"lbarriocanal\" \/>\n<meta name=\"twitter:card\" content=\"summary_large_image\" \/>\n<meta name=\"twitter:label1\" content=\"Escrito por\" \/>\n\t<meta name=\"twitter:data1\" content=\"lbarriocanal\" \/>\n<script type=\"application\/ld+json\" class=\"yoast-schema-graph\">{\"@context\":\"https:\\\/\\\/schema.org\",\"@graph\":[{\"@type\":\"Article\",\"@id\":\"https:\\\/\\\/orientaeduc.com\\\/archivo\\\/educacion\\\/convivencia\\\/vivir-de-la-alarma-social-contrainforme-sobre-el-bullying#article\",\"isPartOf\":{\"@id\":\"https:\\\/\\\/orientaeduc.com\\\/archivo\\\/educacion\\\/convivencia\\\/vivir-de-la-alarma-social-contrainforme-sobre-el-bullying\"},\"author\":{\"name\":\"lbarriocanal\",\"@id\":\"https:\\\/\\\/orientaeduc.com\\\/archivo\\\/#\\\/schema\\\/person\\\/ca93077e3b8d4a14ff357012e2e9a41d\"},\"headline\":\"Vivir de la alarma social: contrainforme sobre el Bullying\",\"datePublished\":\"2007-02-15T21:51:09+00:00\",\"dateModified\":\"2020-04-07T22:15:21+00:00\",\"mainEntityOfPage\":{\"@id\":\"https:\\\/\\\/orientaeduc.com\\\/archivo\\\/educacion\\\/convivencia\\\/vivir-de-la-alarma-social-contrainforme-sobre-el-bullying\"},\"wordCount\":85,\"commentCount\":1,\"publisher\":{\"@id\":\"https:\\\/\\\/orientaeduc.com\\\/archivo\\\/#organization\"},\"image\":{\"@id\":\"https:\\\/\\\/orientaeduc.com\\\/archivo\\\/educacion\\\/convivencia\\\/vivir-de-la-alarma-social-contrainforme-sobre-el-bullying#primaryimage\"},\"thumbnailUrl\":\"https:\\\/\\\/storage.googleapis.com\\\/orientaeduc\\\/2007\\\/02\\\/alarma-social-bullying.jpg\",\"articleSection\":[\"Convivencia Escolar\"],\"inLanguage\":\"es\",\"potentialAction\":[{\"@type\":\"CommentAction\",\"name\":\"Comment\",\"target\":[\"https:\\\/\\\/orientaeduc.com\\\/archivo\\\/educacion\\\/convivencia\\\/vivir-de-la-alarma-social-contrainforme-sobre-el-bullying#respond\"]}]},{\"@type\":\"WebPage\",\"@id\":\"https:\\\/\\\/orientaeduc.com\\\/archivo\\\/educacion\\\/convivencia\\\/vivir-de-la-alarma-social-contrainforme-sobre-el-bullying\",\"url\":\"https:\\\/\\\/orientaeduc.com\\\/archivo\\\/educacion\\\/convivencia\\\/vivir-de-la-alarma-social-contrainforme-sobre-el-bullying\",\"name\":\"Vivir de la alarma social: contrainforme sobre el Bullying - Orientaeduc\",\"isPartOf\":{\"@id\":\"https:\\\/\\\/orientaeduc.com\\\/archivo\\\/#website\"},\"primaryImageOfPage\":{\"@id\":\"https:\\\/\\\/orientaeduc.com\\\/archivo\\\/educacion\\\/convivencia\\\/vivir-de-la-alarma-social-contrainforme-sobre-el-bullying#primaryimage\"},\"image\":{\"@id\":\"https:\\\/\\\/orientaeduc.com\\\/archivo\\\/educacion\\\/convivencia\\\/vivir-de-la-alarma-social-contrainforme-sobre-el-bullying#primaryimage\"},\"thumbnailUrl\":\"https:\\\/\\\/storage.googleapis.com\\\/orientaeduc\\\/2007\\\/02\\\/alarma-social-bullying.jpg\",\"datePublished\":\"2007-02-15T21:51:09+00:00\",\"dateModified\":\"2020-04-07T22:15:21+00:00\",\"breadcrumb\":{\"@id\":\"https:\\\/\\\/orientaeduc.com\\\/archivo\\\/educacion\\\/convivencia\\\/vivir-de-la-alarma-social-contrainforme-sobre-el-bullying#breadcrumb\"},\"inLanguage\":\"es\",\"potentialAction\":[{\"@type\":\"ReadAction\",\"target\":[\"https:\\\/\\\/orientaeduc.com\\\/archivo\\\/educacion\\\/convivencia\\\/vivir-de-la-alarma-social-contrainforme-sobre-el-bullying\"]}]},{\"@type\":\"ImageObject\",\"inLanguage\":\"es\",\"@id\":\"https:\\\/\\\/orientaeduc.com\\\/archivo\\\/educacion\\\/convivencia\\\/vivir-de-la-alarma-social-contrainforme-sobre-el-bullying#primaryimage\",\"url\":\"https:\\\/\\\/storage.googleapis.com\\\/orientaeduc\\\/2007\\\/02\\\/alarma-social-bullying.jpg\",\"contentUrl\":\"https:\\\/\\\/storage.googleapis.com\\\/orientaeduc\\\/2007\\\/02\\\/alarma-social-bullying.jpg\",\"width\":900,\"height\":580,\"caption\":\"alarma social bullying\"},{\"@type\":\"BreadcrumbList\",\"@id\":\"https:\\\/\\\/orientaeduc.com\\\/archivo\\\/educacion\\\/convivencia\\\/vivir-de-la-alarma-social-contrainforme-sobre-el-bullying#breadcrumb\",\"itemListElement\":[{\"@type\":\"ListItem\",\"position\":1,\"name\":\"Portada\",\"item\":\"https:\\\/\\\/orientaeduc.com\\\/archivo\"},{\"@type\":\"ListItem\",\"position\":2,\"name\":\"Vivir de la alarma social: contrainforme sobre el Bullying\"}]},{\"@type\":\"WebSite\",\"@id\":\"https:\\\/\\\/orientaeduc.com\\\/archivo\\\/#website\",\"url\":\"https:\\\/\\\/orientaeduc.com\\\/archivo\\\/\",\"name\":\"Orientaeduc\",\"description\":\"Recursos para la Orientaci\u00f3n Educativa\",\"publisher\":{\"@id\":\"https:\\\/\\\/orientaeduc.com\\\/archivo\\\/#organization\"},\"potentialAction\":[{\"@type\":\"SearchAction\",\"target\":{\"@type\":\"EntryPoint\",\"urlTemplate\":\"https:\\\/\\\/orientaeduc.com\\\/archivo\\\/?s={search_term_string}\"},\"query-input\":{\"@type\":\"PropertyValueSpecification\",\"valueRequired\":true,\"valueName\":\"search_term_string\"}}],\"inLanguage\":\"es\"},{\"@type\":\"Organization\",\"@id\":\"https:\\\/\\\/orientaeduc.com\\\/archivo\\\/#organization\",\"name\":\"Orientaeduc.com\",\"url\":\"https:\\\/\\\/orientaeduc.com\\\/archivo\\\/\",\"logo\":{\"@type\":\"ImageObject\",\"inLanguage\":\"es\",\"@id\":\"https:\\\/\\\/orientaeduc.com\\\/archivo\\\/#\\\/schema\\\/logo\\\/image\\\/\",\"url\":\"https:\\\/\\\/orientaeduc.com\\\/archivo\\\/wp-content\\\/uploads\\\/sites\\\/2\\\/2020\\\/04\\\/orientaeduc_logo.png\",\"contentUrl\":\"https:\\\/\\\/orientaeduc.com\\\/archivo\\\/wp-content\\\/uploads\\\/sites\\\/2\\\/2020\\\/04\\\/orientaeduc_logo.png\",\"width\":293,\"height\":76,\"caption\":\"Orientaeduc.com\"},\"image\":{\"@id\":\"https:\\\/\\\/orientaeduc.com\\\/archivo\\\/#\\\/schema\\\/logo\\\/image\\\/\"}},{\"@type\":\"Person\",\"@id\":\"https:\\\/\\\/orientaeduc.com\\\/archivo\\\/#\\\/schema\\\/person\\\/ca93077e3b8d4a14ff357012e2e9a41d\",\"name\":\"lbarriocanal\",\"image\":{\"@type\":\"ImageObject\",\"inLanguage\":\"es\",\"@id\":\"https:\\\/\\\/secure.gravatar.com\\\/avatar\\\/1f6884c182c7dd4f0f5329225cdf4f117f103647fc99811ff87bd059d99aae38?s=96&d=mm&r=g\",\"url\":\"https:\\\/\\\/secure.gravatar.com\\\/avatar\\\/1f6884c182c7dd4f0f5329225cdf4f117f103647fc99811ff87bd059d99aae38?s=96&d=mm&r=g\",\"contentUrl\":\"https:\\\/\\\/secure.gravatar.com\\\/avatar\\\/1f6884c182c7dd4f0f5329225cdf4f117f103647fc99811ff87bd059d99aae38?s=96&d=mm&r=g\",\"caption\":\"lbarriocanal\"},\"sameAs\":[\"https:\\\/\\\/www.facebook.com\\\/lbarriocanal\",\"https:\\\/\\\/www.youtube.com\\\/user\\\/lbarriocanal\\\/\"]}]}<\/script>\n<!-- \/ Yoast SEO plugin. -->","yoast_head_json":{"title":"Vivir de la alarma social: contrainforme sobre el Bullying - Orientaeduc","robots":{"index":"index","follow":"follow","max-snippet":"max-snippet:-1","max-image-preview":"max-image-preview:large","max-video-preview":"max-video-preview:-1"},"canonical":"https:\/\/orientaeduc.com\/archivo\/educacion\/convivencia\/vivir-de-la-alarma-social-contrainforme-sobre-el-bullying","og_locale":"es_ES","og_type":"article","og_title":"Vivir de la alarma social: contrainforme sobre el Bullying - Orientaeduc","og_description":"Mariano Fern\u00e1ndez Enguita se suma a las voces cr\u00edticas sobre datos alarmantes de violencia escolar difundidos por varios estudios. En Vivir de la alarma social, o como hacer pasar una chapuza por investigaci\u00f3n dando al p\u00fablico lo que quiere oir cuestiona el rigor y la solvencia cient\u00edfica del Informe Cisneros, elaborado por I\u00f1aki Pi\u00f1uel y [&hellip;]","og_url":"https:\/\/orientaeduc.com\/archivo\/educacion\/convivencia\/vivir-de-la-alarma-social-contrainforme-sobre-el-bullying","og_site_name":"Orientaeduc","article_author":"https:\/\/www.facebook.com\/lbarriocanal","article_published_time":"2007-02-15T21:51:09+00:00","article_modified_time":"2020-04-07T22:15:21+00:00","og_image":[{"width":900,"height":580,"url":"https:\/\/storage.googleapis.com\/orientaeduc\/2007\/02\/alarma-social-bullying.jpg","type":"image\/jpeg"}],"author":"lbarriocanal","twitter_card":"summary_large_image","twitter_misc":{"Escrito por":"lbarriocanal"},"schema":{"@context":"https:\/\/schema.org","@graph":[{"@type":"Article","@id":"https:\/\/orientaeduc.com\/archivo\/educacion\/convivencia\/vivir-de-la-alarma-social-contrainforme-sobre-el-bullying#article","isPartOf":{"@id":"https:\/\/orientaeduc.com\/archivo\/educacion\/convivencia\/vivir-de-la-alarma-social-contrainforme-sobre-el-bullying"},"author":{"name":"lbarriocanal","@id":"https:\/\/orientaeduc.com\/archivo\/#\/schema\/person\/ca93077e3b8d4a14ff357012e2e9a41d"},"headline":"Vivir de la alarma social: contrainforme sobre el Bullying","datePublished":"2007-02-15T21:51:09+00:00","dateModified":"2020-04-07T22:15:21+00:00","mainEntityOfPage":{"@id":"https:\/\/orientaeduc.com\/archivo\/educacion\/convivencia\/vivir-de-la-alarma-social-contrainforme-sobre-el-bullying"},"wordCount":85,"commentCount":1,"publisher":{"@id":"https:\/\/orientaeduc.com\/archivo\/#organization"},"image":{"@id":"https:\/\/orientaeduc.com\/archivo\/educacion\/convivencia\/vivir-de-la-alarma-social-contrainforme-sobre-el-bullying#primaryimage"},"thumbnailUrl":"https:\/\/storage.googleapis.com\/orientaeduc\/2007\/02\/alarma-social-bullying.jpg","articleSection":["Convivencia Escolar"],"inLanguage":"es","potentialAction":[{"@type":"CommentAction","name":"Comment","target":["https:\/\/orientaeduc.com\/archivo\/educacion\/convivencia\/vivir-de-la-alarma-social-contrainforme-sobre-el-bullying#respond"]}]},{"@type":"WebPage","@id":"https:\/\/orientaeduc.com\/archivo\/educacion\/convivencia\/vivir-de-la-alarma-social-contrainforme-sobre-el-bullying","url":"https:\/\/orientaeduc.com\/archivo\/educacion\/convivencia\/vivir-de-la-alarma-social-contrainforme-sobre-el-bullying","name":"Vivir de la alarma social: contrainforme sobre el Bullying - Orientaeduc","isPartOf":{"@id":"https:\/\/orientaeduc.com\/archivo\/#website"},"primaryImageOfPage":{"@id":"https:\/\/orientaeduc.com\/archivo\/educacion\/convivencia\/vivir-de-la-alarma-social-contrainforme-sobre-el-bullying#primaryimage"},"image":{"@id":"https:\/\/orientaeduc.com\/archivo\/educacion\/convivencia\/vivir-de-la-alarma-social-contrainforme-sobre-el-bullying#primaryimage"},"thumbnailUrl":"https:\/\/storage.googleapis.com\/orientaeduc\/2007\/02\/alarma-social-bullying.jpg","datePublished":"2007-02-15T21:51:09+00:00","dateModified":"2020-04-07T22:15:21+00:00","breadcrumb":{"@id":"https:\/\/orientaeduc.com\/archivo\/educacion\/convivencia\/vivir-de-la-alarma-social-contrainforme-sobre-el-bullying#breadcrumb"},"inLanguage":"es","potentialAction":[{"@type":"ReadAction","target":["https:\/\/orientaeduc.com\/archivo\/educacion\/convivencia\/vivir-de-la-alarma-social-contrainforme-sobre-el-bullying"]}]},{"@type":"ImageObject","inLanguage":"es","@id":"https:\/\/orientaeduc.com\/archivo\/educacion\/convivencia\/vivir-de-la-alarma-social-contrainforme-sobre-el-bullying#primaryimage","url":"https:\/\/storage.googleapis.com\/orientaeduc\/2007\/02\/alarma-social-bullying.jpg","contentUrl":"https:\/\/storage.googleapis.com\/orientaeduc\/2007\/02\/alarma-social-bullying.jpg","width":900,"height":580,"caption":"alarma social bullying"},{"@type":"BreadcrumbList","@id":"https:\/\/orientaeduc.com\/archivo\/educacion\/convivencia\/vivir-de-la-alarma-social-contrainforme-sobre-el-bullying#breadcrumb","itemListElement":[{"@type":"ListItem","position":1,"name":"Portada","item":"https:\/\/orientaeduc.com\/archivo"},{"@type":"ListItem","position":2,"name":"Vivir de la alarma social: contrainforme sobre el Bullying"}]},{"@type":"WebSite","@id":"https:\/\/orientaeduc.com\/archivo\/#website","url":"https:\/\/orientaeduc.com\/archivo\/","name":"Orientaeduc","description":"Recursos para la Orientaci\u00f3n Educativa","publisher":{"@id":"https:\/\/orientaeduc.com\/archivo\/#organization"},"potentialAction":[{"@type":"SearchAction","target":{"@type":"EntryPoint","urlTemplate":"https:\/\/orientaeduc.com\/archivo\/?s={search_term_string}"},"query-input":{"@type":"PropertyValueSpecification","valueRequired":true,"valueName":"search_term_string"}}],"inLanguage":"es"},{"@type":"Organization","@id":"https:\/\/orientaeduc.com\/archivo\/#organization","name":"Orientaeduc.com","url":"https:\/\/orientaeduc.com\/archivo\/","logo":{"@type":"ImageObject","inLanguage":"es","@id":"https:\/\/orientaeduc.com\/archivo\/#\/schema\/logo\/image\/","url":"https:\/\/orientaeduc.com\/archivo\/wp-content\/uploads\/sites\/2\/2020\/04\/orientaeduc_logo.png","contentUrl":"https:\/\/orientaeduc.com\/archivo\/wp-content\/uploads\/sites\/2\/2020\/04\/orientaeduc_logo.png","width":293,"height":76,"caption":"Orientaeduc.com"},"image":{"@id":"https:\/\/orientaeduc.com\/archivo\/#\/schema\/logo\/image\/"}},{"@type":"Person","@id":"https:\/\/orientaeduc.com\/archivo\/#\/schema\/person\/ca93077e3b8d4a14ff357012e2e9a41d","name":"lbarriocanal","image":{"@type":"ImageObject","inLanguage":"es","@id":"https:\/\/secure.gravatar.com\/avatar\/1f6884c182c7dd4f0f5329225cdf4f117f103647fc99811ff87bd059d99aae38?s=96&d=mm&r=g","url":"https:\/\/secure.gravatar.com\/avatar\/1f6884c182c7dd4f0f5329225cdf4f117f103647fc99811ff87bd059d99aae38?s=96&d=mm&r=g","contentUrl":"https:\/\/secure.gravatar.com\/avatar\/1f6884c182c7dd4f0f5329225cdf4f117f103647fc99811ff87bd059d99aae38?s=96&d=mm&r=g","caption":"lbarriocanal"},"sameAs":["https:\/\/www.facebook.com\/lbarriocanal","https:\/\/www.youtube.com\/user\/lbarriocanal\/"]}]}},"_links":{"self":[{"href":"https:\/\/orientaeduc.com\/archivo\/wp-json\/wp\/v2\/posts\/638","targetHints":{"allow":["GET"]}}],"collection":[{"href":"https:\/\/orientaeduc.com\/archivo\/wp-json\/wp\/v2\/posts"}],"about":[{"href":"https:\/\/orientaeduc.com\/archivo\/wp-json\/wp\/v2\/types\/post"}],"author":[{"embeddable":true,"href":"https:\/\/orientaeduc.com\/archivo\/wp-json\/wp\/v2\/users\/4"}],"replies":[{"embeddable":true,"href":"https:\/\/orientaeduc.com\/archivo\/wp-json\/wp\/v2\/comments?post=638"}],"version-history":[{"count":0,"href":"https:\/\/orientaeduc.com\/archivo\/wp-json\/wp\/v2\/posts\/638\/revisions"}],"wp:featuredmedia":[{"embeddable":true,"href":"https:\/\/orientaeduc.com\/archivo\/wp-json\/wp\/v2\/media\/1948"}],"wp:attachment":[{"href":"https:\/\/orientaeduc.com\/archivo\/wp-json\/wp\/v2\/media?parent=638"}],"wp:term":[{"taxonomy":"category","embeddable":true,"href":"https:\/\/orientaeduc.com\/archivo\/wp-json\/wp\/v2\/categories?post=638"},{"taxonomy":"post_tag","embeddable":true,"href":"https:\/\/orientaeduc.com\/archivo\/wp-json\/wp\/v2\/tags?post=638"}],"curies":[{"name":"wp","href":"https:\/\/api.w.org\/{rel}","templated":true}]}}