{"id":670,"date":"2008-06-22T22:16:14","date_gmt":"2008-06-22T22:16:14","guid":{"rendered":"https:\/\/orientaeduc.com\/archivos\/2007\/%c2%bfa-que-mola\/"},"modified":"2020-12-12T08:47:22","modified_gmt":"2020-12-12T08:47:22","slug":"la-tutoria-no-tiene-quien-la-defienda","status":"publish","type":"post","link":"https:\/\/orientaeduc.com\/archivo\/orientacion\/tutoria\/la-tutoria-no-tiene-quien-la-defienda","title":{"rendered":"La tutor\u00eda no tiene quien la defienda"},"content":{"rendered":"<p>La tutor\u00eda desaparece del Bachillerato. En la dura competici\u00f3n que se desata cada vez que se reestructuran los horarios por defender la mayor presencia posible de la propia asignatura en la carga lectiva semanal, la tutor\u00eda se ha quedado fuera. Y no ha sido una comunidad aut\u00f3noma ni dos. El propio Ministerio de Educaci\u00f3n ha suprimido la tutor\u00eda del horario lectivo del Bachillerato en su \u00e1mbito de gesti\u00f3n.<\/p>\n<p>Y lo m\u00e1s triste es que la tutor\u00eda no ha tenido quien la haya defendido. A excepci\u00f3n de alguna iniciativa aislada como la de la\u00a0<a href=\"http:\/\/www.aclpp.com\/modules.php?name=News&amp;file=article&amp;sid=283\" target=\"_blank\" rel=\"noopener noreferrer\">ACLPP<\/a>\u00a0, no ha habido nadie que haya llamado la atenci\u00f3n sobre semejante disparate.<\/p>\n<p>En estos tiempos en los que incluso las universidades est\u00e1n tomando conciencia de la importancia de tutor\u00eda y la orientaci\u00f3n como un factor de calidad de la ense\u00f1anza y como una de las v\u00edas de intervenci\u00f3n fundamentales para reducir sus altas tasas de fracaso y abandono, las administraciones responsables de la educaci\u00f3n no universitaria, con el ministerio a la cabeza, se cargan de un plumazo la hora semanal de tutor\u00eda. Seguir\u00e1 existiendo, eso s\u00ed, un tutor o tutora, o incluso dos por cada grupo de alumnos, que deber\u00e1 desarrollar las mismas funciones que hasta ahora pero sin disponer de un tiempo ni un espacio espec\u00edfico para el encuentro con sus tutorados.<\/p>\n<p>Pero en estas condiciones ser\u00e1 dif\u00edcil que la acci\u00f3n tutorial y orientadora pueda desarrollarse de manera efectiva en los institutos en una etapa en la que esta labor sigue siendo tan necesaria como en etapas anteriores. Y mucho menos con un programa de intervenci\u00f3n sistem\u00e1tico y organizado. El colmo de la contradicci\u00f3n es que las funciones del profesorado tutor seguir\u00e1n siendo las mismas que hasta ahora, solo que no podr\u00e1 cumplirlas satisfactoriamente por falta de tiempo y recursos para ello. Menos mal que la moderna y progresista LOE iba a acabar con lo m\u00e1s rancio y reaccionario de la LOCE.<\/p>\n<p>La tutor\u00eda y la orientaci\u00f3n de los alumnos son necesidades lo suficientemente importantes como para merecer un reconocimiento y un horario espec\u00edficos dentro de la organizaci\u00f3n del Bachillerato.<\/p>\n<p>En primer lugar, porque los alumnos de esta etapa deben tomar al finalizar la misma importantes decisiones sobre su futuro acad\u00e9mico y profesional para las cuales necesitan recibir orientaci\u00f3n. La variedad de opciones y caminos disponibles hacen que esta orientaci\u00f3n acad\u00e9mica y profesional no pueda restringirse a intervenciones o momentos puntuales realizadas sin un conocimiento adecuado de cada alumno y alumna. De hecho, en los a\u00f1os en los que tampoco exist\u00eda hora semanal para la tutor\u00eda en el segundo curso del Bachillerato, las quejas de alumnos y padres por la insuficiencia del tiempo disponible para estas actividades era habitual.<\/p>\n<p>En segundo lugar conviene recordar que el derecho a recibir orientaci\u00f3n para conseguir el m\u00e1ximo desarrollo personal, social y profesional es uno de los derechos b\u00e1sicos reconocidos al alumnado en las leyes vigentes. No todos los aspectos de la orientaci\u00f3n quedan circunscritos al trabajo que puede hacerse en la hora semanal de tutor\u00eda, pero tambi\u00e9n es cierto que otros muchos no pueden desarrollarse si no existe este espacio. A trav\u00e9s de las actividades de tutor\u00eda grupal se facilita la integraci\u00f3n de cada alumno dentro del grupo al que pertenece y se articula la participaci\u00f3n de los estudiantes en la din\u00e1mica general del centro escolar como forma de comprometerles en su buen funcionamiento.<\/p>\n<p>La hora de tutor\u00eda semanal es adem\u00e1s uno de los pocos momentos en los que se puede recoger la opini\u00f3n del alumnado sobre los distintos aspectos de la vida del centro que les preocupan y donde consultarles aquellas decisiones que les afecten. Y la existencia de este horario espec\u00edfico ayuda tambi\u00e9n a que el tutor y el conjunto del profesorado adquiera un mayor conocimiento de cada alumno, de sus caracter\u00edsticas y de sus necesidades favoreciendo una intervenci\u00f3n educativa m\u00e1s ajustada.<\/p>\n<p>La atenci\u00f3n prestada en los centros educativos a la orientaci\u00f3n de los alumnos dentro las etapas educativas obligatorias desde la publicaci\u00f3n de la LOGSE en el a\u00f1o 91 trajo consigo desde el primer momento importantes mejoras en distintos aspectos educativos y organizativos dentro de los centros escolares. No en vano todas las leyes educativas promulgadas desde entonces han defendido su valor como factor de calidad de nuestro sistema educativo. Y de hecho todas las mejoras introducidas en este \u00e1mbito han contribuido a una ense\u00f1anza cualitativamente mejor.<\/p>\n<p>As\u00ed por ejemplo, la existencia de una hora lectiva semanal para la tutor\u00eda propici\u00f3 en los institutos nuevos espacios de coordinaci\u00f3n y encuentro entre el profesorado. La necesidad de programar las actividades a llevar a cabo ha ayudado a provocar la reflexi\u00f3n y la adopci\u00f3n de acuerdos en los equipos docentes para la necesaria coherencia educativa en una etapa en la que tradicionalmente cada profesor ha venido trabajando de forma individualista. De no haber sido por el protagonismo otorgado a la figura del tutor y a la acci\u00f3n tutorial en su conjunto habr\u00eda sido tambi\u00e9n m\u00e1s dif\u00edcil que el conjunto del profesorado comprendiera que su funci\u00f3n no se limita a la mera transmisi\u00f3n de conocimientos sino que tambi\u00e9n se debe colaborar en la formaci\u00f3n integral del alumno, en consonancia con las finalidades que se establecen para el Bachillerato.<\/p>\n<p>Y es que la acci\u00f3n tutorial, entendida como seguimiento, acompa\u00f1amiento y soporte de los procesos de ense\u00f1anza contribuye no s\u00f3lo a una formaci\u00f3n integral sino a una ense\u00f1anza y un aprendizaje m\u00e1s eficaces en el conjunto de la etapa. Adem\u00e1s cumple un importante papel en la prevenci\u00f3n de las dificultades acad\u00e9micas que experimentan los alumnos de Bachillerato. El conocimiento del alumnado por parte del tutor, el di\u00e1logo frecuente, la reflexi\u00f3n y el an\u00e1lisis colectivos sobre el proceso de aprendizaje, sobre la convivencia en el instituto, sobre el clima del propio grupo, sobre el funcionamiento del centro, sobre la participaci\u00f3n del alumnado en la din\u00e1mica escolar o sobre el futuro acad\u00e9mico y profesional en el espacio de la tutor\u00eda facilitan la adopci\u00f3n de medidas orientadas a que los procesos de ense\u00f1anza discurran en mejores condiciones.<\/p>\n<p>Mucho nos tememos que la supresi\u00f3n del horario lectivo de las actividades tutoriales lleve consigo un grave retroceso en el reconocimiento de estas tareas como factor de calidad de la ense\u00f1anza y acaben dando al traste con gran parte de los avances conseguidos en los \u00faltimos tiempos.<\/p>\n<p>&nbsp;<\/p>\n","protected":false},"excerpt":{"rendered":"<p>La tutor\u00eda desaparece del Bachillerato. En la dura competici\u00f3n que se desata cada vez que se reestructuran los horarios por defender la mayor presencia posible de la propia asignatura en la carga lectiva semanal, la tutor\u00eda se ha quedado fuera. Y no ha sido una comunidad aut\u00f3noma ni dos. El propio Ministerio de Educaci\u00f3n ha [&hellip;]<\/p>\n","protected":false},"author":4,"featured_media":2476,"comment_status":"open","ping_status":"open","sticky":false,"template":"","format":"standard","meta":{"_et_pb_use_builder":"","_et_pb_old_content":"","_et_gb_content_width":"","footnotes":""},"categories":[35],"tags":[],"class_list":["post-670","post","type-post","status-publish","format-standard","has-post-thumbnail","hentry","category-tutoria","et-has-post-format-content","et_post_format-et-post-format-standard"],"yoast_head":"<!-- This site is optimized with the Yoast SEO plugin v27.4 - https:\/\/yoast.com\/product\/yoast-seo-wordpress\/ -->\n<title>La tutor\u00eda no tiene quien la defienda - Orientaeduc<\/title>\n<meta name=\"robots\" content=\"index, follow, max-snippet:-1, max-image-preview:large, max-video-preview:-1\" \/>\n<link rel=\"canonical\" href=\"https:\/\/orientaeduc.com\/archivo\/orientacion\/tutoria\/la-tutoria-no-tiene-quien-la-defienda\" \/>\n<meta property=\"og:locale\" content=\"es_ES\" \/>\n<meta property=\"og:type\" content=\"article\" \/>\n<meta property=\"og:title\" content=\"La tutor\u00eda no tiene quien la defienda - Orientaeduc\" \/>\n<meta property=\"og:description\" content=\"La tutor\u00eda desaparece del Bachillerato. En la dura competici\u00f3n que se desata cada vez que se reestructuran los horarios por defender la mayor presencia posible de la propia asignatura en la carga lectiva semanal, la tutor\u00eda se ha quedado fuera. Y no ha sido una comunidad aut\u00f3noma ni dos. El propio Ministerio de Educaci\u00f3n ha [&hellip;]\" \/>\n<meta property=\"og:url\" content=\"https:\/\/orientaeduc.com\/archivo\/orientacion\/tutoria\/la-tutoria-no-tiene-quien-la-defienda\" \/>\n<meta property=\"og:site_name\" content=\"Orientaeduc\" \/>\n<meta property=\"article:author\" content=\"https:\/\/www.facebook.com\/lbarriocanal\" \/>\n<meta property=\"article:published_time\" content=\"2008-06-22T22:16:14+00:00\" \/>\n<meta property=\"article:modified_time\" content=\"2020-12-12T08:47:22+00:00\" \/>\n<meta property=\"og:image\" content=\"https:\/\/storage.googleapis.com\/orientaeduc\/2020\/12\/interpreter-illustration-3.jpg\" \/>\n\t<meta property=\"og:image:width\" content=\"600\" \/>\n\t<meta property=\"og:image:height\" content=\"400\" \/>\n\t<meta property=\"og:image:type\" content=\"image\/jpeg\" \/>\n<meta name=\"author\" content=\"lbarriocanal\" \/>\n<meta name=\"twitter:card\" content=\"summary_large_image\" \/>\n<meta name=\"twitter:label1\" content=\"Escrito por\" \/>\n\t<meta name=\"twitter:data1\" content=\"lbarriocanal\" \/>\n\t<meta name=\"twitter:label2\" content=\"Tiempo de lectura\" \/>\n\t<meta name=\"twitter:data2\" content=\"6 minutos\" \/>\n<script type=\"application\/ld+json\" class=\"yoast-schema-graph\">{\"@context\":\"https:\\\/\\\/schema.org\",\"@graph\":[{\"@type\":\"Article\",\"@id\":\"https:\\\/\\\/orientaeduc.com\\\/archivo\\\/orientacion\\\/tutoria\\\/la-tutoria-no-tiene-quien-la-defienda#article\",\"isPartOf\":{\"@id\":\"https:\\\/\\\/orientaeduc.com\\\/archivo\\\/orientacion\\\/tutoria\\\/la-tutoria-no-tiene-quien-la-defienda\"},\"author\":{\"name\":\"lbarriocanal\",\"@id\":\"https:\\\/\\\/orientaeduc.com\\\/archivo\\\/#\\\/schema\\\/person\\\/ca93077e3b8d4a14ff357012e2e9a41d\"},\"headline\":\"La tutor\u00eda no tiene quien la defienda\",\"datePublished\":\"2008-06-22T22:16:14+00:00\",\"dateModified\":\"2020-12-12T08:47:22+00:00\",\"mainEntityOfPage\":{\"@id\":\"https:\\\/\\\/orientaeduc.com\\\/archivo\\\/orientacion\\\/tutoria\\\/la-tutoria-no-tiene-quien-la-defienda\"},\"wordCount\":1145,\"commentCount\":1,\"publisher\":{\"@id\":\"https:\\\/\\\/orientaeduc.com\\\/archivo\\\/#organization\"},\"image\":{\"@id\":\"https:\\\/\\\/orientaeduc.com\\\/archivo\\\/orientacion\\\/tutoria\\\/la-tutoria-no-tiene-quien-la-defienda#primaryimage\"},\"thumbnailUrl\":\"https:\\\/\\\/storage.googleapis.com\\\/orientaeduc\\\/2020\\\/12\\\/interpreter-illustration-3.jpg\",\"articleSection\":[\"Acci\u00f3n Tutorial\"],\"inLanguage\":\"es\",\"potentialAction\":[{\"@type\":\"CommentAction\",\"name\":\"Comment\",\"target\":[\"https:\\\/\\\/orientaeduc.com\\\/archivo\\\/orientacion\\\/tutoria\\\/la-tutoria-no-tiene-quien-la-defienda#respond\"]}]},{\"@type\":\"WebPage\",\"@id\":\"https:\\\/\\\/orientaeduc.com\\\/archivo\\\/orientacion\\\/tutoria\\\/la-tutoria-no-tiene-quien-la-defienda\",\"url\":\"https:\\\/\\\/orientaeduc.com\\\/archivo\\\/orientacion\\\/tutoria\\\/la-tutoria-no-tiene-quien-la-defienda\",\"name\":\"La tutor\u00eda no tiene quien la defienda - Orientaeduc\",\"isPartOf\":{\"@id\":\"https:\\\/\\\/orientaeduc.com\\\/archivo\\\/#website\"},\"primaryImageOfPage\":{\"@id\":\"https:\\\/\\\/orientaeduc.com\\\/archivo\\\/orientacion\\\/tutoria\\\/la-tutoria-no-tiene-quien-la-defienda#primaryimage\"},\"image\":{\"@id\":\"https:\\\/\\\/orientaeduc.com\\\/archivo\\\/orientacion\\\/tutoria\\\/la-tutoria-no-tiene-quien-la-defienda#primaryimage\"},\"thumbnailUrl\":\"https:\\\/\\\/storage.googleapis.com\\\/orientaeduc\\\/2020\\\/12\\\/interpreter-illustration-3.jpg\",\"datePublished\":\"2008-06-22T22:16:14+00:00\",\"dateModified\":\"2020-12-12T08:47:22+00:00\",\"breadcrumb\":{\"@id\":\"https:\\\/\\\/orientaeduc.com\\\/archivo\\\/orientacion\\\/tutoria\\\/la-tutoria-no-tiene-quien-la-defienda#breadcrumb\"},\"inLanguage\":\"es\",\"potentialAction\":[{\"@type\":\"ReadAction\",\"target\":[\"https:\\\/\\\/orientaeduc.com\\\/archivo\\\/orientacion\\\/tutoria\\\/la-tutoria-no-tiene-quien-la-defienda\"]}]},{\"@type\":\"ImageObject\",\"inLanguage\":\"es\",\"@id\":\"https:\\\/\\\/orientaeduc.com\\\/archivo\\\/orientacion\\\/tutoria\\\/la-tutoria-no-tiene-quien-la-defienda#primaryimage\",\"url\":\"https:\\\/\\\/storage.googleapis.com\\\/orientaeduc\\\/2020\\\/12\\\/interpreter-illustration-3.jpg\",\"contentUrl\":\"https:\\\/\\\/storage.googleapis.com\\\/orientaeduc\\\/2020\\\/12\\\/interpreter-illustration-3.jpg\",\"width\":600,\"height\":400},{\"@type\":\"BreadcrumbList\",\"@id\":\"https:\\\/\\\/orientaeduc.com\\\/archivo\\\/orientacion\\\/tutoria\\\/la-tutoria-no-tiene-quien-la-defienda#breadcrumb\",\"itemListElement\":[{\"@type\":\"ListItem\",\"position\":1,\"name\":\"Portada\",\"item\":\"https:\\\/\\\/orientaeduc.com\\\/archivo\"},{\"@type\":\"ListItem\",\"position\":2,\"name\":\"La tutor\u00eda no tiene quien la defienda\"}]},{\"@type\":\"WebSite\",\"@id\":\"https:\\\/\\\/orientaeduc.com\\\/archivo\\\/#website\",\"url\":\"https:\\\/\\\/orientaeduc.com\\\/archivo\\\/\",\"name\":\"Orientaeduc\",\"description\":\"Recursos para la Orientaci\u00f3n Educativa\",\"publisher\":{\"@id\":\"https:\\\/\\\/orientaeduc.com\\\/archivo\\\/#organization\"},\"potentialAction\":[{\"@type\":\"SearchAction\",\"target\":{\"@type\":\"EntryPoint\",\"urlTemplate\":\"https:\\\/\\\/orientaeduc.com\\\/archivo\\\/?s={search_term_string}\"},\"query-input\":{\"@type\":\"PropertyValueSpecification\",\"valueRequired\":true,\"valueName\":\"search_term_string\"}}],\"inLanguage\":\"es\"},{\"@type\":\"Organization\",\"@id\":\"https:\\\/\\\/orientaeduc.com\\\/archivo\\\/#organization\",\"name\":\"Orientaeduc.com\",\"url\":\"https:\\\/\\\/orientaeduc.com\\\/archivo\\\/\",\"logo\":{\"@type\":\"ImageObject\",\"inLanguage\":\"es\",\"@id\":\"https:\\\/\\\/orientaeduc.com\\\/archivo\\\/#\\\/schema\\\/logo\\\/image\\\/\",\"url\":\"https:\\\/\\\/orientaeduc.com\\\/archivo\\\/wp-content\\\/uploads\\\/sites\\\/2\\\/2020\\\/04\\\/orientaeduc_logo.png\",\"contentUrl\":\"https:\\\/\\\/orientaeduc.com\\\/archivo\\\/wp-content\\\/uploads\\\/sites\\\/2\\\/2020\\\/04\\\/orientaeduc_logo.png\",\"width\":293,\"height\":76,\"caption\":\"Orientaeduc.com\"},\"image\":{\"@id\":\"https:\\\/\\\/orientaeduc.com\\\/archivo\\\/#\\\/schema\\\/logo\\\/image\\\/\"}},{\"@type\":\"Person\",\"@id\":\"https:\\\/\\\/orientaeduc.com\\\/archivo\\\/#\\\/schema\\\/person\\\/ca93077e3b8d4a14ff357012e2e9a41d\",\"name\":\"lbarriocanal\",\"image\":{\"@type\":\"ImageObject\",\"inLanguage\":\"es\",\"@id\":\"https:\\\/\\\/secure.gravatar.com\\\/avatar\\\/1f6884c182c7dd4f0f5329225cdf4f117f103647fc99811ff87bd059d99aae38?s=96&d=mm&r=g\",\"url\":\"https:\\\/\\\/secure.gravatar.com\\\/avatar\\\/1f6884c182c7dd4f0f5329225cdf4f117f103647fc99811ff87bd059d99aae38?s=96&d=mm&r=g\",\"contentUrl\":\"https:\\\/\\\/secure.gravatar.com\\\/avatar\\\/1f6884c182c7dd4f0f5329225cdf4f117f103647fc99811ff87bd059d99aae38?s=96&d=mm&r=g\",\"caption\":\"lbarriocanal\"},\"sameAs\":[\"https:\\\/\\\/www.facebook.com\\\/lbarriocanal\",\"https:\\\/\\\/www.youtube.com\\\/user\\\/lbarriocanal\\\/\"]}]}<\/script>\n<!-- \/ Yoast SEO plugin. -->","yoast_head_json":{"title":"La tutor\u00eda no tiene quien la defienda - Orientaeduc","robots":{"index":"index","follow":"follow","max-snippet":"max-snippet:-1","max-image-preview":"max-image-preview:large","max-video-preview":"max-video-preview:-1"},"canonical":"https:\/\/orientaeduc.com\/archivo\/orientacion\/tutoria\/la-tutoria-no-tiene-quien-la-defienda","og_locale":"es_ES","og_type":"article","og_title":"La tutor\u00eda no tiene quien la defienda - Orientaeduc","og_description":"La tutor\u00eda desaparece del Bachillerato. En la dura competici\u00f3n que se desata cada vez que se reestructuran los horarios por defender la mayor presencia posible de la propia asignatura en la carga lectiva semanal, la tutor\u00eda se ha quedado fuera. Y no ha sido una comunidad aut\u00f3noma ni dos. El propio Ministerio de Educaci\u00f3n ha [&hellip;]","og_url":"https:\/\/orientaeduc.com\/archivo\/orientacion\/tutoria\/la-tutoria-no-tiene-quien-la-defienda","og_site_name":"Orientaeduc","article_author":"https:\/\/www.facebook.com\/lbarriocanal","article_published_time":"2008-06-22T22:16:14+00:00","article_modified_time":"2020-12-12T08:47:22+00:00","og_image":[{"width":600,"height":400,"url":"https:\/\/storage.googleapis.com\/orientaeduc\/2020\/12\/interpreter-illustration-3.jpg","type":"image\/jpeg"}],"author":"lbarriocanal","twitter_card":"summary_large_image","twitter_misc":{"Escrito por":"lbarriocanal","Tiempo de lectura":"6 minutos"},"schema":{"@context":"https:\/\/schema.org","@graph":[{"@type":"Article","@id":"https:\/\/orientaeduc.com\/archivo\/orientacion\/tutoria\/la-tutoria-no-tiene-quien-la-defienda#article","isPartOf":{"@id":"https:\/\/orientaeduc.com\/archivo\/orientacion\/tutoria\/la-tutoria-no-tiene-quien-la-defienda"},"author":{"name":"lbarriocanal","@id":"https:\/\/orientaeduc.com\/archivo\/#\/schema\/person\/ca93077e3b8d4a14ff357012e2e9a41d"},"headline":"La tutor\u00eda no tiene quien la defienda","datePublished":"2008-06-22T22:16:14+00:00","dateModified":"2020-12-12T08:47:22+00:00","mainEntityOfPage":{"@id":"https:\/\/orientaeduc.com\/archivo\/orientacion\/tutoria\/la-tutoria-no-tiene-quien-la-defienda"},"wordCount":1145,"commentCount":1,"publisher":{"@id":"https:\/\/orientaeduc.com\/archivo\/#organization"},"image":{"@id":"https:\/\/orientaeduc.com\/archivo\/orientacion\/tutoria\/la-tutoria-no-tiene-quien-la-defienda#primaryimage"},"thumbnailUrl":"https:\/\/storage.googleapis.com\/orientaeduc\/2020\/12\/interpreter-illustration-3.jpg","articleSection":["Acci\u00f3n Tutorial"],"inLanguage":"es","potentialAction":[{"@type":"CommentAction","name":"Comment","target":["https:\/\/orientaeduc.com\/archivo\/orientacion\/tutoria\/la-tutoria-no-tiene-quien-la-defienda#respond"]}]},{"@type":"WebPage","@id":"https:\/\/orientaeduc.com\/archivo\/orientacion\/tutoria\/la-tutoria-no-tiene-quien-la-defienda","url":"https:\/\/orientaeduc.com\/archivo\/orientacion\/tutoria\/la-tutoria-no-tiene-quien-la-defienda","name":"La tutor\u00eda no tiene quien la defienda - Orientaeduc","isPartOf":{"@id":"https:\/\/orientaeduc.com\/archivo\/#website"},"primaryImageOfPage":{"@id":"https:\/\/orientaeduc.com\/archivo\/orientacion\/tutoria\/la-tutoria-no-tiene-quien-la-defienda#primaryimage"},"image":{"@id":"https:\/\/orientaeduc.com\/archivo\/orientacion\/tutoria\/la-tutoria-no-tiene-quien-la-defienda#primaryimage"},"thumbnailUrl":"https:\/\/storage.googleapis.com\/orientaeduc\/2020\/12\/interpreter-illustration-3.jpg","datePublished":"2008-06-22T22:16:14+00:00","dateModified":"2020-12-12T08:47:22+00:00","breadcrumb":{"@id":"https:\/\/orientaeduc.com\/archivo\/orientacion\/tutoria\/la-tutoria-no-tiene-quien-la-defienda#breadcrumb"},"inLanguage":"es","potentialAction":[{"@type":"ReadAction","target":["https:\/\/orientaeduc.com\/archivo\/orientacion\/tutoria\/la-tutoria-no-tiene-quien-la-defienda"]}]},{"@type":"ImageObject","inLanguage":"es","@id":"https:\/\/orientaeduc.com\/archivo\/orientacion\/tutoria\/la-tutoria-no-tiene-quien-la-defienda#primaryimage","url":"https:\/\/storage.googleapis.com\/orientaeduc\/2020\/12\/interpreter-illustration-3.jpg","contentUrl":"https:\/\/storage.googleapis.com\/orientaeduc\/2020\/12\/interpreter-illustration-3.jpg","width":600,"height":400},{"@type":"BreadcrumbList","@id":"https:\/\/orientaeduc.com\/archivo\/orientacion\/tutoria\/la-tutoria-no-tiene-quien-la-defienda#breadcrumb","itemListElement":[{"@type":"ListItem","position":1,"name":"Portada","item":"https:\/\/orientaeduc.com\/archivo"},{"@type":"ListItem","position":2,"name":"La tutor\u00eda no tiene quien la defienda"}]},{"@type":"WebSite","@id":"https:\/\/orientaeduc.com\/archivo\/#website","url":"https:\/\/orientaeduc.com\/archivo\/","name":"Orientaeduc","description":"Recursos para la Orientaci\u00f3n Educativa","publisher":{"@id":"https:\/\/orientaeduc.com\/archivo\/#organization"},"potentialAction":[{"@type":"SearchAction","target":{"@type":"EntryPoint","urlTemplate":"https:\/\/orientaeduc.com\/archivo\/?s={search_term_string}"},"query-input":{"@type":"PropertyValueSpecification","valueRequired":true,"valueName":"search_term_string"}}],"inLanguage":"es"},{"@type":"Organization","@id":"https:\/\/orientaeduc.com\/archivo\/#organization","name":"Orientaeduc.com","url":"https:\/\/orientaeduc.com\/archivo\/","logo":{"@type":"ImageObject","inLanguage":"es","@id":"https:\/\/orientaeduc.com\/archivo\/#\/schema\/logo\/image\/","url":"https:\/\/orientaeduc.com\/archivo\/wp-content\/uploads\/sites\/2\/2020\/04\/orientaeduc_logo.png","contentUrl":"https:\/\/orientaeduc.com\/archivo\/wp-content\/uploads\/sites\/2\/2020\/04\/orientaeduc_logo.png","width":293,"height":76,"caption":"Orientaeduc.com"},"image":{"@id":"https:\/\/orientaeduc.com\/archivo\/#\/schema\/logo\/image\/"}},{"@type":"Person","@id":"https:\/\/orientaeduc.com\/archivo\/#\/schema\/person\/ca93077e3b8d4a14ff357012e2e9a41d","name":"lbarriocanal","image":{"@type":"ImageObject","inLanguage":"es","@id":"https:\/\/secure.gravatar.com\/avatar\/1f6884c182c7dd4f0f5329225cdf4f117f103647fc99811ff87bd059d99aae38?s=96&d=mm&r=g","url":"https:\/\/secure.gravatar.com\/avatar\/1f6884c182c7dd4f0f5329225cdf4f117f103647fc99811ff87bd059d99aae38?s=96&d=mm&r=g","contentUrl":"https:\/\/secure.gravatar.com\/avatar\/1f6884c182c7dd4f0f5329225cdf4f117f103647fc99811ff87bd059d99aae38?s=96&d=mm&r=g","caption":"lbarriocanal"},"sameAs":["https:\/\/www.facebook.com\/lbarriocanal","https:\/\/www.youtube.com\/user\/lbarriocanal\/"]}]}},"_links":{"self":[{"href":"https:\/\/orientaeduc.com\/archivo\/wp-json\/wp\/v2\/posts\/670","targetHints":{"allow":["GET"]}}],"collection":[{"href":"https:\/\/orientaeduc.com\/archivo\/wp-json\/wp\/v2\/posts"}],"about":[{"href":"https:\/\/orientaeduc.com\/archivo\/wp-json\/wp\/v2\/types\/post"}],"author":[{"embeddable":true,"href":"https:\/\/orientaeduc.com\/archivo\/wp-json\/wp\/v2\/users\/4"}],"replies":[{"embeddable":true,"href":"https:\/\/orientaeduc.com\/archivo\/wp-json\/wp\/v2\/comments?post=670"}],"version-history":[{"count":0,"href":"https:\/\/orientaeduc.com\/archivo\/wp-json\/wp\/v2\/posts\/670\/revisions"}],"wp:featuredmedia":[{"embeddable":true,"href":"https:\/\/orientaeduc.com\/archivo\/wp-json\/wp\/v2\/media\/2476"}],"wp:attachment":[{"href":"https:\/\/orientaeduc.com\/archivo\/wp-json\/wp\/v2\/media?parent=670"}],"wp:term":[{"taxonomy":"category","embeddable":true,"href":"https:\/\/orientaeduc.com\/archivo\/wp-json\/wp\/v2\/categories?post=670"},{"taxonomy":"post_tag","embeddable":true,"href":"https:\/\/orientaeduc.com\/archivo\/wp-json\/wp\/v2\/tags?post=670"}],"curies":[{"name":"wp","href":"https:\/\/api.w.org\/{rel}","templated":true}]}}