{"id":673,"date":"2007-10-27T13:08:22","date_gmt":"2007-10-27T11:08:22","guid":{"rendered":"https:\/\/orientaeduc.com\/archivos\/2007\/%c2%bfy-quien-me-protegera-de-los-que-me-tienen-que-proteger\/"},"modified":"2020-04-07T18:32:45","modified_gmt":"2020-04-07T18:32:45","slug":"y-quien-me-protegera-de-los-que-me-tienen-que-proteger","status":"publish","type":"post","link":"https:\/\/orientaeduc.com\/archivo\/blog\/general\/y-quien-me-protegera-de-los-que-me-tienen-que-proteger","title":{"rendered":"\u00bfY qui\u00e9n me proteger\u00e1 de los que me tienen que proteger?"},"content":{"rendered":"<p><img src='https:\/\/orientaeduc.com\/archivos\/wp-content\/uploads\/sites\/2\/educacionyjusticia.jpg' alt='educacionyjusticia.jpg' title='tomada de http:\/\/mundo-perverso.blogspot.com' align=\"right\" hspace=\"6\" \/>Tras la reciente <a target=\"_blank\" href=\"http:\/\/www.copoe.org\/node\/144\" rel=\"noopener noreferrer\">sentencia de la colleja<\/a>  hoy me desayuno con otras tres noticias que tambi\u00e9n le ponen a uno los pelos de punta. <\/p>\n<ul>\n<li><a href=\"http:\/\/actualidad.terra.es\/nacional\/articulo\/sancionado_dias_expulsion_joven_denuncio_1961902.htm\">En Sevilla sancionan con 15 d\u00edas de expulsi\u00f3n a un alumno que hab\u00eda denunciado a otro por acoso escolar.<\/a><\/li>\n<li><a href=\"http:\/\/actualidad.terra.es\/sociedad\/articulo\/denuncian_expulsion_alumno_objetor_falta_1961686.htm\" target=\"_blank\" rel=\"noopener noreferrer\">En Granada un alumno objetor a EpC se enfrenta a una posible expulsi\u00f3n por &quot;falta grave contra la convivencia&quot;<\/a><\/li>\n<li><a href=\"http:\/\/www.cadenaser.com\/sociedad\/articulo\/dar-bofeton-derecho-padre\/csrcsrpor\/20071027csrcsrsoc_1\/Tes\" target=\"_blank\" rel=\"noopener noreferrer\">En Santander un juez absuelve a un hombre acusado de malos tratos porque &quot;Dar un bofet\u00f3n es un derecho del padre&quot;<\/a><\/li>\n<\/ul>\n<p> \u00bfY qui\u00e9n me proteger\u00e1 de los que me tienen que proteger?, se preguntar\u00e1n estas criaturas.<\/p>\n","protected":false},"excerpt":{"rendered":"<p>Tras la reciente sentencia de la colleja hoy me desayuno con otras tres noticias que tambi\u00e9n le ponen a uno los pelos de punta. En Sevilla sancionan con 15 d\u00edas de expulsi\u00f3n a un alumno que hab\u00eda denunciado a otro por acoso escolar. En Granada un alumno objetor a EpC se enfrenta a una posible [&hellip;]<\/p>\n","protected":false},"author":4,"featured_media":0,"comment_status":"open","ping_status":"open","sticky":false,"template":"","format":"standard","meta":{"_et_pb_use_builder":"","_et_pb_old_content":"","_et_gb_content_width":"","footnotes":""},"categories":[3],"tags":[],"class_list":["post-673","post","type-post","status-publish","format-standard","hentry","category-general","et-doesnt-have-format-content","et_post_format-et-post-format-standard"],"yoast_head":"<!-- This site is optimized with the Yoast SEO plugin v27.4 - https:\/\/yoast.com\/product\/yoast-seo-wordpress\/ -->\n<title>\u00bfY qui\u00e9n me proteger\u00e1 de los que me tienen que proteger? - Orientaeduc<\/title>\n<meta name=\"robots\" content=\"index, follow, max-snippet:-1, max-image-preview:large, max-video-preview:-1\" \/>\n<link rel=\"canonical\" href=\"https:\/\/orientaeduc.com\/archivo\/blog\/general\/y-quien-me-protegera-de-los-que-me-tienen-que-proteger\" \/>\n<meta property=\"og:locale\" content=\"es_ES\" \/>\n<meta property=\"og:type\" content=\"article\" \/>\n<meta property=\"og:title\" content=\"\u00bfY qui\u00e9n me proteger\u00e1 de los que me tienen que proteger? - Orientaeduc\" \/>\n<meta property=\"og:description\" content=\"Tras la reciente sentencia de la colleja hoy me desayuno con otras tres noticias que tambi\u00e9n le ponen a uno los pelos de punta. En Sevilla sancionan con 15 d\u00edas de expulsi\u00f3n a un alumno que hab\u00eda denunciado a otro por acoso escolar. En Granada un alumno objetor a EpC se enfrenta a una posible [&hellip;]\" \/>\n<meta property=\"og:url\" content=\"https:\/\/orientaeduc.com\/archivo\/blog\/general\/y-quien-me-protegera-de-los-que-me-tienen-que-proteger\" \/>\n<meta property=\"og:site_name\" content=\"Orientaeduc\" \/>\n<meta property=\"article:author\" content=\"https:\/\/www.facebook.com\/lbarriocanal\" \/>\n<meta property=\"article:published_time\" content=\"2007-10-27T11:08:22+00:00\" \/>\n<meta property=\"article:modified_time\" content=\"2020-04-07T18:32:45+00:00\" \/>\n<meta property=\"og:image\" content=\"https:\/\/orientaeduc.com\/archivos\/wp-content\/uploads\/sites\/2\/educacionyjusticia.jpg\" \/>\n<meta name=\"author\" content=\"lbarriocanal\" \/>\n<meta name=\"twitter:card\" content=\"summary_large_image\" \/>\n<meta name=\"twitter:label1\" content=\"Escrito por\" \/>\n\t<meta name=\"twitter:data1\" content=\"lbarriocanal\" \/>\n\t<meta name=\"twitter:label2\" content=\"Tiempo de lectura\" \/>\n\t<meta name=\"twitter:data2\" content=\"1 minuto\" \/>\n<script type=\"application\/ld+json\" class=\"yoast-schema-graph\">{\"@context\":\"https:\\\/\\\/schema.org\",\"@graph\":[{\"@type\":\"Article\",\"@id\":\"https:\\\/\\\/orientaeduc.com\\\/archivo\\\/blog\\\/general\\\/y-quien-me-protegera-de-los-que-me-tienen-que-proteger#article\",\"isPartOf\":{\"@id\":\"https:\\\/\\\/orientaeduc.com\\\/archivo\\\/blog\\\/general\\\/y-quien-me-protegera-de-los-que-me-tienen-que-proteger\"},\"author\":{\"name\":\"lbarriocanal\",\"@id\":\"https:\\\/\\\/orientaeduc.com\\\/archivo\\\/#\\\/schema\\\/person\\\/ca93077e3b8d4a14ff357012e2e9a41d\"},\"headline\":\"\u00bfY qui\u00e9n me proteger\u00e1 de los que me tienen que proteger?\",\"datePublished\":\"2007-10-27T11:08:22+00:00\",\"dateModified\":\"2020-04-07T18:32:45+00:00\",\"mainEntityOfPage\":{\"@id\":\"https:\\\/\\\/orientaeduc.com\\\/archivo\\\/blog\\\/general\\\/y-quien-me-protegera-de-los-que-me-tienen-que-proteger\"},\"wordCount\":121,\"commentCount\":1,\"publisher\":{\"@id\":\"https:\\\/\\\/orientaeduc.com\\\/archivo\\\/#organization\"},\"image\":{\"@id\":\"https:\\\/\\\/orientaeduc.com\\\/archivo\\\/blog\\\/general\\\/y-quien-me-protegera-de-los-que-me-tienen-que-proteger#primaryimage\"},\"thumbnailUrl\":\"https:\\\/\\\/orientaeduc.com\\\/archivos\\\/wp-content\\\/uploads\\\/sites\\\/2\\\/educacionyjusticia.jpg\",\"articleSection\":[\"Miscel\u00e1nea\"],\"inLanguage\":\"es\",\"potentialAction\":[{\"@type\":\"CommentAction\",\"name\":\"Comment\",\"target\":[\"https:\\\/\\\/orientaeduc.com\\\/archivo\\\/blog\\\/general\\\/y-quien-me-protegera-de-los-que-me-tienen-que-proteger#respond\"]}]},{\"@type\":\"WebPage\",\"@id\":\"https:\\\/\\\/orientaeduc.com\\\/archivo\\\/blog\\\/general\\\/y-quien-me-protegera-de-los-que-me-tienen-que-proteger\",\"url\":\"https:\\\/\\\/orientaeduc.com\\\/archivo\\\/blog\\\/general\\\/y-quien-me-protegera-de-los-que-me-tienen-que-proteger\",\"name\":\"\u00bfY qui\u00e9n me proteger\u00e1 de los que me tienen que proteger? - Orientaeduc\",\"isPartOf\":{\"@id\":\"https:\\\/\\\/orientaeduc.com\\\/archivo\\\/#website\"},\"primaryImageOfPage\":{\"@id\":\"https:\\\/\\\/orientaeduc.com\\\/archivo\\\/blog\\\/general\\\/y-quien-me-protegera-de-los-que-me-tienen-que-proteger#primaryimage\"},\"image\":{\"@id\":\"https:\\\/\\\/orientaeduc.com\\\/archivo\\\/blog\\\/general\\\/y-quien-me-protegera-de-los-que-me-tienen-que-proteger#primaryimage\"},\"thumbnailUrl\":\"https:\\\/\\\/orientaeduc.com\\\/archivos\\\/wp-content\\\/uploads\\\/sites\\\/2\\\/educacionyjusticia.jpg\",\"datePublished\":\"2007-10-27T11:08:22+00:00\",\"dateModified\":\"2020-04-07T18:32:45+00:00\",\"breadcrumb\":{\"@id\":\"https:\\\/\\\/orientaeduc.com\\\/archivo\\\/blog\\\/general\\\/y-quien-me-protegera-de-los-que-me-tienen-que-proteger#breadcrumb\"},\"inLanguage\":\"es\",\"potentialAction\":[{\"@type\":\"ReadAction\",\"target\":[\"https:\\\/\\\/orientaeduc.com\\\/archivo\\\/blog\\\/general\\\/y-quien-me-protegera-de-los-que-me-tienen-que-proteger\"]}]},{\"@type\":\"ImageObject\",\"inLanguage\":\"es\",\"@id\":\"https:\\\/\\\/orientaeduc.com\\\/archivo\\\/blog\\\/general\\\/y-quien-me-protegera-de-los-que-me-tienen-que-proteger#primaryimage\",\"url\":\"https:\\\/\\\/orientaeduc.com\\\/archivos\\\/wp-content\\\/uploads\\\/sites\\\/2\\\/educacionyjusticia.jpg\",\"contentUrl\":\"https:\\\/\\\/orientaeduc.com\\\/archivos\\\/wp-content\\\/uploads\\\/sites\\\/2\\\/educacionyjusticia.jpg\"},{\"@type\":\"BreadcrumbList\",\"@id\":\"https:\\\/\\\/orientaeduc.com\\\/archivo\\\/blog\\\/general\\\/y-quien-me-protegera-de-los-que-me-tienen-que-proteger#breadcrumb\",\"itemListElement\":[{\"@type\":\"ListItem\",\"position\":1,\"name\":\"Portada\",\"item\":\"https:\\\/\\\/orientaeduc.com\\\/archivo\"},{\"@type\":\"ListItem\",\"position\":2,\"name\":\"\u00bfY qui\u00e9n me proteger\u00e1 de los que me tienen que proteger?\"}]},{\"@type\":\"WebSite\",\"@id\":\"https:\\\/\\\/orientaeduc.com\\\/archivo\\\/#website\",\"url\":\"https:\\\/\\\/orientaeduc.com\\\/archivo\\\/\",\"name\":\"Orientaeduc\",\"description\":\"Recursos para la Orientaci\u00f3n Educativa\",\"publisher\":{\"@id\":\"https:\\\/\\\/orientaeduc.com\\\/archivo\\\/#organization\"},\"potentialAction\":[{\"@type\":\"SearchAction\",\"target\":{\"@type\":\"EntryPoint\",\"urlTemplate\":\"https:\\\/\\\/orientaeduc.com\\\/archivo\\\/?s={search_term_string}\"},\"query-input\":{\"@type\":\"PropertyValueSpecification\",\"valueRequired\":true,\"valueName\":\"search_term_string\"}}],\"inLanguage\":\"es\"},{\"@type\":\"Organization\",\"@id\":\"https:\\\/\\\/orientaeduc.com\\\/archivo\\\/#organization\",\"name\":\"Orientaeduc.com\",\"url\":\"https:\\\/\\\/orientaeduc.com\\\/archivo\\\/\",\"logo\":{\"@type\":\"ImageObject\",\"inLanguage\":\"es\",\"@id\":\"https:\\\/\\\/orientaeduc.com\\\/archivo\\\/#\\\/schema\\\/logo\\\/image\\\/\",\"url\":\"https:\\\/\\\/orientaeduc.com\\\/archivo\\\/wp-content\\\/uploads\\\/sites\\\/2\\\/2020\\\/04\\\/orientaeduc_logo.png\",\"contentUrl\":\"https:\\\/\\\/orientaeduc.com\\\/archivo\\\/wp-content\\\/uploads\\\/sites\\\/2\\\/2020\\\/04\\\/orientaeduc_logo.png\",\"width\":293,\"height\":76,\"caption\":\"Orientaeduc.com\"},\"image\":{\"@id\":\"https:\\\/\\\/orientaeduc.com\\\/archivo\\\/#\\\/schema\\\/logo\\\/image\\\/\"}},{\"@type\":\"Person\",\"@id\":\"https:\\\/\\\/orientaeduc.com\\\/archivo\\\/#\\\/schema\\\/person\\\/ca93077e3b8d4a14ff357012e2e9a41d\",\"name\":\"lbarriocanal\",\"image\":{\"@type\":\"ImageObject\",\"inLanguage\":\"es\",\"@id\":\"https:\\\/\\\/secure.gravatar.com\\\/avatar\\\/1f6884c182c7dd4f0f5329225cdf4f117f103647fc99811ff87bd059d99aae38?s=96&d=mm&r=g\",\"url\":\"https:\\\/\\\/secure.gravatar.com\\\/avatar\\\/1f6884c182c7dd4f0f5329225cdf4f117f103647fc99811ff87bd059d99aae38?s=96&d=mm&r=g\",\"contentUrl\":\"https:\\\/\\\/secure.gravatar.com\\\/avatar\\\/1f6884c182c7dd4f0f5329225cdf4f117f103647fc99811ff87bd059d99aae38?s=96&d=mm&r=g\",\"caption\":\"lbarriocanal\"},\"sameAs\":[\"https:\\\/\\\/www.facebook.com\\\/lbarriocanal\",\"https:\\\/\\\/www.youtube.com\\\/user\\\/lbarriocanal\\\/\"]}]}<\/script>\n<!-- \/ Yoast SEO plugin. -->","yoast_head_json":{"title":"\u00bfY qui\u00e9n me proteger\u00e1 de los que me tienen que proteger? - Orientaeduc","robots":{"index":"index","follow":"follow","max-snippet":"max-snippet:-1","max-image-preview":"max-image-preview:large","max-video-preview":"max-video-preview:-1"},"canonical":"https:\/\/orientaeduc.com\/archivo\/blog\/general\/y-quien-me-protegera-de-los-que-me-tienen-que-proteger","og_locale":"es_ES","og_type":"article","og_title":"\u00bfY qui\u00e9n me proteger\u00e1 de los que me tienen que proteger? - Orientaeduc","og_description":"Tras la reciente sentencia de la colleja hoy me desayuno con otras tres noticias que tambi\u00e9n le ponen a uno los pelos de punta. En Sevilla sancionan con 15 d\u00edas de expulsi\u00f3n a un alumno que hab\u00eda denunciado a otro por acoso escolar. En Granada un alumno objetor a EpC se enfrenta a una posible [&hellip;]","og_url":"https:\/\/orientaeduc.com\/archivo\/blog\/general\/y-quien-me-protegera-de-los-que-me-tienen-que-proteger","og_site_name":"Orientaeduc","article_author":"https:\/\/www.facebook.com\/lbarriocanal","article_published_time":"2007-10-27T11:08:22+00:00","article_modified_time":"2020-04-07T18:32:45+00:00","og_image":[{"url":"https:\/\/orientaeduc.com\/archivos\/wp-content\/uploads\/sites\/2\/educacionyjusticia.jpg","type":"","width":"","height":""}],"author":"lbarriocanal","twitter_card":"summary_large_image","twitter_misc":{"Escrito por":"lbarriocanal","Tiempo de lectura":"1 minuto"},"schema":{"@context":"https:\/\/schema.org","@graph":[{"@type":"Article","@id":"https:\/\/orientaeduc.com\/archivo\/blog\/general\/y-quien-me-protegera-de-los-que-me-tienen-que-proteger#article","isPartOf":{"@id":"https:\/\/orientaeduc.com\/archivo\/blog\/general\/y-quien-me-protegera-de-los-que-me-tienen-que-proteger"},"author":{"name":"lbarriocanal","@id":"https:\/\/orientaeduc.com\/archivo\/#\/schema\/person\/ca93077e3b8d4a14ff357012e2e9a41d"},"headline":"\u00bfY qui\u00e9n me proteger\u00e1 de los que me tienen que proteger?","datePublished":"2007-10-27T11:08:22+00:00","dateModified":"2020-04-07T18:32:45+00:00","mainEntityOfPage":{"@id":"https:\/\/orientaeduc.com\/archivo\/blog\/general\/y-quien-me-protegera-de-los-que-me-tienen-que-proteger"},"wordCount":121,"commentCount":1,"publisher":{"@id":"https:\/\/orientaeduc.com\/archivo\/#organization"},"image":{"@id":"https:\/\/orientaeduc.com\/archivo\/blog\/general\/y-quien-me-protegera-de-los-que-me-tienen-que-proteger#primaryimage"},"thumbnailUrl":"https:\/\/orientaeduc.com\/archivos\/wp-content\/uploads\/sites\/2\/educacionyjusticia.jpg","articleSection":["Miscel\u00e1nea"],"inLanguage":"es","potentialAction":[{"@type":"CommentAction","name":"Comment","target":["https:\/\/orientaeduc.com\/archivo\/blog\/general\/y-quien-me-protegera-de-los-que-me-tienen-que-proteger#respond"]}]},{"@type":"WebPage","@id":"https:\/\/orientaeduc.com\/archivo\/blog\/general\/y-quien-me-protegera-de-los-que-me-tienen-que-proteger","url":"https:\/\/orientaeduc.com\/archivo\/blog\/general\/y-quien-me-protegera-de-los-que-me-tienen-que-proteger","name":"\u00bfY qui\u00e9n me proteger\u00e1 de los que me tienen que proteger? - Orientaeduc","isPartOf":{"@id":"https:\/\/orientaeduc.com\/archivo\/#website"},"primaryImageOfPage":{"@id":"https:\/\/orientaeduc.com\/archivo\/blog\/general\/y-quien-me-protegera-de-los-que-me-tienen-que-proteger#primaryimage"},"image":{"@id":"https:\/\/orientaeduc.com\/archivo\/blog\/general\/y-quien-me-protegera-de-los-que-me-tienen-que-proteger#primaryimage"},"thumbnailUrl":"https:\/\/orientaeduc.com\/archivos\/wp-content\/uploads\/sites\/2\/educacionyjusticia.jpg","datePublished":"2007-10-27T11:08:22+00:00","dateModified":"2020-04-07T18:32:45+00:00","breadcrumb":{"@id":"https:\/\/orientaeduc.com\/archivo\/blog\/general\/y-quien-me-protegera-de-los-que-me-tienen-que-proteger#breadcrumb"},"inLanguage":"es","potentialAction":[{"@type":"ReadAction","target":["https:\/\/orientaeduc.com\/archivo\/blog\/general\/y-quien-me-protegera-de-los-que-me-tienen-que-proteger"]}]},{"@type":"ImageObject","inLanguage":"es","@id":"https:\/\/orientaeduc.com\/archivo\/blog\/general\/y-quien-me-protegera-de-los-que-me-tienen-que-proteger#primaryimage","url":"https:\/\/orientaeduc.com\/archivos\/wp-content\/uploads\/sites\/2\/educacionyjusticia.jpg","contentUrl":"https:\/\/orientaeduc.com\/archivos\/wp-content\/uploads\/sites\/2\/educacionyjusticia.jpg"},{"@type":"BreadcrumbList","@id":"https:\/\/orientaeduc.com\/archivo\/blog\/general\/y-quien-me-protegera-de-los-que-me-tienen-que-proteger#breadcrumb","itemListElement":[{"@type":"ListItem","position":1,"name":"Portada","item":"https:\/\/orientaeduc.com\/archivo"},{"@type":"ListItem","position":2,"name":"\u00bfY qui\u00e9n me proteger\u00e1 de los que me tienen que proteger?"}]},{"@type":"WebSite","@id":"https:\/\/orientaeduc.com\/archivo\/#website","url":"https:\/\/orientaeduc.com\/archivo\/","name":"Orientaeduc","description":"Recursos para la Orientaci\u00f3n Educativa","publisher":{"@id":"https:\/\/orientaeduc.com\/archivo\/#organization"},"potentialAction":[{"@type":"SearchAction","target":{"@type":"EntryPoint","urlTemplate":"https:\/\/orientaeduc.com\/archivo\/?s={search_term_string}"},"query-input":{"@type":"PropertyValueSpecification","valueRequired":true,"valueName":"search_term_string"}}],"inLanguage":"es"},{"@type":"Organization","@id":"https:\/\/orientaeduc.com\/archivo\/#organization","name":"Orientaeduc.com","url":"https:\/\/orientaeduc.com\/archivo\/","logo":{"@type":"ImageObject","inLanguage":"es","@id":"https:\/\/orientaeduc.com\/archivo\/#\/schema\/logo\/image\/","url":"https:\/\/orientaeduc.com\/archivo\/wp-content\/uploads\/sites\/2\/2020\/04\/orientaeduc_logo.png","contentUrl":"https:\/\/orientaeduc.com\/archivo\/wp-content\/uploads\/sites\/2\/2020\/04\/orientaeduc_logo.png","width":293,"height":76,"caption":"Orientaeduc.com"},"image":{"@id":"https:\/\/orientaeduc.com\/archivo\/#\/schema\/logo\/image\/"}},{"@type":"Person","@id":"https:\/\/orientaeduc.com\/archivo\/#\/schema\/person\/ca93077e3b8d4a14ff357012e2e9a41d","name":"lbarriocanal","image":{"@type":"ImageObject","inLanguage":"es","@id":"https:\/\/secure.gravatar.com\/avatar\/1f6884c182c7dd4f0f5329225cdf4f117f103647fc99811ff87bd059d99aae38?s=96&d=mm&r=g","url":"https:\/\/secure.gravatar.com\/avatar\/1f6884c182c7dd4f0f5329225cdf4f117f103647fc99811ff87bd059d99aae38?s=96&d=mm&r=g","contentUrl":"https:\/\/secure.gravatar.com\/avatar\/1f6884c182c7dd4f0f5329225cdf4f117f103647fc99811ff87bd059d99aae38?s=96&d=mm&r=g","caption":"lbarriocanal"},"sameAs":["https:\/\/www.facebook.com\/lbarriocanal","https:\/\/www.youtube.com\/user\/lbarriocanal\/"]}]}},"_links":{"self":[{"href":"https:\/\/orientaeduc.com\/archivo\/wp-json\/wp\/v2\/posts\/673","targetHints":{"allow":["GET"]}}],"collection":[{"href":"https:\/\/orientaeduc.com\/archivo\/wp-json\/wp\/v2\/posts"}],"about":[{"href":"https:\/\/orientaeduc.com\/archivo\/wp-json\/wp\/v2\/types\/post"}],"author":[{"embeddable":true,"href":"https:\/\/orientaeduc.com\/archivo\/wp-json\/wp\/v2\/users\/4"}],"replies":[{"embeddable":true,"href":"https:\/\/orientaeduc.com\/archivo\/wp-json\/wp\/v2\/comments?post=673"}],"version-history":[{"count":0,"href":"https:\/\/orientaeduc.com\/archivo\/wp-json\/wp\/v2\/posts\/673\/revisions"}],"wp:attachment":[{"href":"https:\/\/orientaeduc.com\/archivo\/wp-json\/wp\/v2\/media?parent=673"}],"wp:term":[{"taxonomy":"category","embeddable":true,"href":"https:\/\/orientaeduc.com\/archivo\/wp-json\/wp\/v2\/categories?post=673"},{"taxonomy":"post_tag","embeddable":true,"href":"https:\/\/orientaeduc.com\/archivo\/wp-json\/wp\/v2\/tags?post=673"}],"curies":[{"name":"wp","href":"https:\/\/api.w.org\/{rel}","templated":true}]}}