{"id":692,"date":"2007-12-17T20:46:05","date_gmt":"2007-12-17T18:46:05","guid":{"rendered":"https:\/\/orientaeduc.com\/archivos\/2007\/sobre-el-desastroso-servicio-de-autobuses-urbanos-en-burgos-y-la-desinformacion-en-el-ayuntamiento\/"},"modified":"2020-04-07T18:32:00","modified_gmt":"2020-04-07T18:32:00","slug":"sobre-el-desastroso-servicio-de-autobuses-urbanos-en-burgos-y-la-desinformacion-en-el-ayuntamiento","status":"publish","type":"post","link":"https:\/\/orientaeduc.com\/archivo\/blog\/general\/sobre-el-desastroso-servicio-de-autobuses-urbanos-en-burgos-y-la-desinformacion-en-el-ayuntamiento","title":{"rendered":"Sobre el desastroso servicio de autobuses urbanos en Burgos y la desinformaci\u00f3n en el Ayuntamiento"},"content":{"rendered":"<p>El viernes 14 de diciembre me dispuse a coger el autob\u00fas urbano al barrio de Fuentecillas desde la <a href=\"http:\/\/picasaweb.google.com\/burgosmemata\/DesastrosoServicioDeAutobusesUrbanosEnBurgos\/photo#5144605601195750754\" target=\"_blank\" rel=\"noopener noreferrer\">parada de la Avda. del Arlanz\u00f3n<\/a>. Por mucho que busqu\u00e9 no consegu\u00ed encontrar all\u00ed informaci\u00f3n alguna sobre los horarios y el recorrido de esta l\u00ednea que, seg\u00fan se informa en la web del Ayuntamiento, lleva ya m\u00e1s de 3 a\u00f1os operando.<\/p>\n<p style=\"text-align: center\"><a href=\"http:\/\/picasaweb.google.com\/burgosmemata\/DesastrosoServicioDeAutobusesUrbanosEnBurgos\/photo#map\" target=\"_blank\" title=\"fotos lineas buses\" rel=\"noopener noreferrer\"><img loading=\"lazy\" decoding=\"async\" src=\"https:\/\/orientaeduc.com\/archivos\/wp-content\/uploads\/sites\/2\/buses-burgos-2.jpg\" alt=\"lineas buses burgos\" title=\"lineas buses burgos\" border=\"0\" height=\"272\" width=\"409\" \/><\/a><\/p>\n<p>Tras algunas respuestas poco precisas de otros usuarios del servicio de autobuses y del conductor de otra de las l\u00edneas decid\u00ed, a pesar de mi ostensible cojera, dirigirme al Ayuntamiento para salir de dudas. All\u00ed una joven muy amable pero escasamente informada me remiti\u00f3 al servicio de autobuses urbanos de la Plaza Virgen del Manzano. Era la una y diez minutos del mediod\u00eda. Cuando 20 minutos despu\u00e9s consegu\u00ed llegar al lugar indicado un cartel en la puerta advert\u00eda de que el horario de atenci\u00f3n al p\u00fablico era de 09.00 13.00 horas.<\/p>\n<p>Ya estaba suficientemente agotado como para regresar al Ayuntamiento a pedir alg\u00fan tipo de explicaci\u00f3n por tan vergonzosa situaci\u00f3n. Por eso utilizo esta v\u00eda para transmitir mi queja y de paso comentar el lamentable estado de abandono y dejadez en el que se encuentra el servicio.<!--more--><\/p>\n<p>Un peque\u00f1o recorrido por las paradas de la l\u00ednea Avda del Arlanz\u00f3n-Fuentecillas, que, aunque no he llegado a utilizar nunca, s\u00ed existe, me ha permitido comprobar cu\u00e1l puede ser una de las principales razones de que el transporte p\u00fablico sea tan poco utilizado en nuestra ciudad y de que esa sea tambi\u00e9n una de las principales dificultades para la movilidad.<\/p>\n<p>En las paradas visitadas la informaci\u00f3n sobre las l\u00edneas est\u00e1 sumamente anticuada. En la Avda. del Arlanz\u00f3n, uno de los puntos en los que m\u00e1s l\u00edneas de autob\u00fas tienen su salida, existe un \u00fanico panel informativo descolorido, con remiendos y sin informaci\u00f3n sobre la l\u00ednea a Fuentecillas, aunque, sorprendentemente, hay una gran cantidad de espacio para la publicidad comercial. Tampoco est\u00e1n indicadas todas las l\u00edneas que tienen ah\u00ed su punto de partida o llegada. En otras paradas del mismo recorrido tampoco existe informaci\u00f3n sobre los horarios ni se indica qu\u00e9 lineas pasan por el lugar. Y en otros casos se hace de forma incorrecta.<\/p>\n<p>Aprovechando las nuevas funcionalidades de Picasaweb todo est\u00e1 recogido y documentado en  <a href=\"http:\/\/picasaweb.google.com\/burgosmemata\/DesastrosoServicioDeAutobusesUrbanosEnBurgos\/photo#map\" target=\"_blank\" title=\"fotos paradas bus urbano burgos\" rel=\"noopener noreferrer\">http:\/\/picasaweb.google.com\/burgosmemata<\/a><\/p>\n<blockquote><p>18-12-2007: Parece que <a href=\"http:\/\/www.google.com\/search?hl=es&amp;rls=es-es&amp;q=autobuses+urbanos+en+burgos&amp;btnG=Buscar&amp;lr=\" title=\"buscar en google autobuses urbanos burgos\" target=\"_blank\" rel=\"noopener noreferrer\">Google ya se ha hecho eco de esta queja<\/a><\/p><\/blockquote>\n","protected":false},"excerpt":{"rendered":"<p>El viernes 14 de diciembre me dispuse a coger el autob\u00fas urbano al barrio de Fuentecillas desde la parada de la Avda. del Arlanz\u00f3n. Por mucho que busqu\u00e9 no consegu\u00ed encontrar all\u00ed informaci\u00f3n alguna sobre los horarios y el recorrido de esta l\u00ednea que, seg\u00fan se informa en la web del Ayuntamiento, lleva ya m\u00e1s [&hellip;]<\/p>\n","protected":false},"author":4,"featured_media":0,"comment_status":"open","ping_status":"open","sticky":false,"template":"","format":"standard","meta":{"_et_pb_use_builder":"","_et_pb_old_content":"","_et_gb_content_width":"","footnotes":""},"categories":[3],"tags":[],"class_list":["post-692","post","type-post","status-publish","format-standard","hentry","category-general","et-doesnt-have-format-content","et_post_format-et-post-format-standard"],"yoast_head":"<!-- This site is optimized with the Yoast SEO plugin v27.4 - https:\/\/yoast.com\/product\/yoast-seo-wordpress\/ -->\n<title>Sobre el desastroso servicio de autobuses urbanos en Burgos y la desinformaci\u00f3n en el Ayuntamiento - Orientaeduc<\/title>\n<meta name=\"robots\" content=\"index, follow, max-snippet:-1, max-image-preview:large, max-video-preview:-1\" \/>\n<link rel=\"canonical\" href=\"https:\/\/orientaeduc.com\/archivo\/blog\/general\/sobre-el-desastroso-servicio-de-autobuses-urbanos-en-burgos-y-la-desinformacion-en-el-ayuntamiento\" \/>\n<meta property=\"og:locale\" content=\"es_ES\" \/>\n<meta property=\"og:type\" content=\"article\" \/>\n<meta property=\"og:title\" content=\"Sobre el desastroso servicio de autobuses urbanos en Burgos y la desinformaci\u00f3n en el Ayuntamiento - Orientaeduc\" \/>\n<meta property=\"og:description\" content=\"El viernes 14 de diciembre me dispuse a coger el autob\u00fas urbano al barrio de Fuentecillas desde la parada de la Avda. del Arlanz\u00f3n. Por mucho que busqu\u00e9 no consegu\u00ed encontrar all\u00ed informaci\u00f3n alguna sobre los horarios y el recorrido de esta l\u00ednea que, seg\u00fan se informa en la web del Ayuntamiento, lleva ya m\u00e1s [&hellip;]\" \/>\n<meta property=\"og:url\" content=\"https:\/\/orientaeduc.com\/archivo\/blog\/general\/sobre-el-desastroso-servicio-de-autobuses-urbanos-en-burgos-y-la-desinformacion-en-el-ayuntamiento\" \/>\n<meta property=\"og:site_name\" content=\"Orientaeduc\" \/>\n<meta property=\"article:author\" content=\"https:\/\/www.facebook.com\/lbarriocanal\" \/>\n<meta property=\"article:published_time\" content=\"2007-12-17T18:46:05+00:00\" \/>\n<meta property=\"article:modified_time\" content=\"2020-04-07T18:32:00+00:00\" \/>\n<meta property=\"og:image\" content=\"https:\/\/orientaeduc.com\/archivos\/wp-content\/uploads\/sites\/2\/buses-burgos-2.jpg\" \/>\n<meta name=\"author\" content=\"lbarriocanal\" \/>\n<meta name=\"twitter:card\" content=\"summary_large_image\" \/>\n<meta name=\"twitter:label1\" content=\"Escrito por\" \/>\n\t<meta name=\"twitter:data1\" content=\"lbarriocanal\" \/>\n\t<meta name=\"twitter:label2\" content=\"Tiempo de lectura\" \/>\n\t<meta name=\"twitter:data2\" content=\"2 minutos\" \/>\n<script type=\"application\/ld+json\" class=\"yoast-schema-graph\">{\"@context\":\"https:\\\/\\\/schema.org\",\"@graph\":[{\"@type\":\"Article\",\"@id\":\"https:\\\/\\\/orientaeduc.com\\\/archivo\\\/blog\\\/general\\\/sobre-el-desastroso-servicio-de-autobuses-urbanos-en-burgos-y-la-desinformacion-en-el-ayuntamiento#article\",\"isPartOf\":{\"@id\":\"https:\\\/\\\/orientaeduc.com\\\/archivo\\\/blog\\\/general\\\/sobre-el-desastroso-servicio-de-autobuses-urbanos-en-burgos-y-la-desinformacion-en-el-ayuntamiento\"},\"author\":{\"name\":\"lbarriocanal\",\"@id\":\"https:\\\/\\\/orientaeduc.com\\\/archivo\\\/#\\\/schema\\\/person\\\/ca93077e3b8d4a14ff357012e2e9a41d\"},\"headline\":\"Sobre el desastroso servicio de autobuses urbanos en Burgos y la desinformaci\u00f3n en el Ayuntamiento\",\"datePublished\":\"2007-12-17T18:46:05+00:00\",\"dateModified\":\"2020-04-07T18:32:00+00:00\",\"mainEntityOfPage\":{\"@id\":\"https:\\\/\\\/orientaeduc.com\\\/archivo\\\/blog\\\/general\\\/sobre-el-desastroso-servicio-de-autobuses-urbanos-en-burgos-y-la-desinformacion-en-el-ayuntamiento\"},\"wordCount\":435,\"commentCount\":7,\"publisher\":{\"@id\":\"https:\\\/\\\/orientaeduc.com\\\/archivo\\\/#organization\"},\"image\":{\"@id\":\"https:\\\/\\\/orientaeduc.com\\\/archivo\\\/blog\\\/general\\\/sobre-el-desastroso-servicio-de-autobuses-urbanos-en-burgos-y-la-desinformacion-en-el-ayuntamiento#primaryimage\"},\"thumbnailUrl\":\"https:\\\/\\\/orientaeduc.com\\\/archivos\\\/wp-content\\\/uploads\\\/sites\\\/2\\\/buses-burgos-2.jpg\",\"articleSection\":[\"Miscel\u00e1nea\"],\"inLanguage\":\"es\",\"potentialAction\":[{\"@type\":\"CommentAction\",\"name\":\"Comment\",\"target\":[\"https:\\\/\\\/orientaeduc.com\\\/archivo\\\/blog\\\/general\\\/sobre-el-desastroso-servicio-de-autobuses-urbanos-en-burgos-y-la-desinformacion-en-el-ayuntamiento#respond\"]}]},{\"@type\":\"WebPage\",\"@id\":\"https:\\\/\\\/orientaeduc.com\\\/archivo\\\/blog\\\/general\\\/sobre-el-desastroso-servicio-de-autobuses-urbanos-en-burgos-y-la-desinformacion-en-el-ayuntamiento\",\"url\":\"https:\\\/\\\/orientaeduc.com\\\/archivo\\\/blog\\\/general\\\/sobre-el-desastroso-servicio-de-autobuses-urbanos-en-burgos-y-la-desinformacion-en-el-ayuntamiento\",\"name\":\"Sobre el desastroso servicio de autobuses urbanos en Burgos y la desinformaci\u00f3n en el Ayuntamiento - Orientaeduc\",\"isPartOf\":{\"@id\":\"https:\\\/\\\/orientaeduc.com\\\/archivo\\\/#website\"},\"primaryImageOfPage\":{\"@id\":\"https:\\\/\\\/orientaeduc.com\\\/archivo\\\/blog\\\/general\\\/sobre-el-desastroso-servicio-de-autobuses-urbanos-en-burgos-y-la-desinformacion-en-el-ayuntamiento#primaryimage\"},\"image\":{\"@id\":\"https:\\\/\\\/orientaeduc.com\\\/archivo\\\/blog\\\/general\\\/sobre-el-desastroso-servicio-de-autobuses-urbanos-en-burgos-y-la-desinformacion-en-el-ayuntamiento#primaryimage\"},\"thumbnailUrl\":\"https:\\\/\\\/orientaeduc.com\\\/archivos\\\/wp-content\\\/uploads\\\/sites\\\/2\\\/buses-burgos-2.jpg\",\"datePublished\":\"2007-12-17T18:46:05+00:00\",\"dateModified\":\"2020-04-07T18:32:00+00:00\",\"breadcrumb\":{\"@id\":\"https:\\\/\\\/orientaeduc.com\\\/archivo\\\/blog\\\/general\\\/sobre-el-desastroso-servicio-de-autobuses-urbanos-en-burgos-y-la-desinformacion-en-el-ayuntamiento#breadcrumb\"},\"inLanguage\":\"es\",\"potentialAction\":[{\"@type\":\"ReadAction\",\"target\":[\"https:\\\/\\\/orientaeduc.com\\\/archivo\\\/blog\\\/general\\\/sobre-el-desastroso-servicio-de-autobuses-urbanos-en-burgos-y-la-desinformacion-en-el-ayuntamiento\"]}]},{\"@type\":\"ImageObject\",\"inLanguage\":\"es\",\"@id\":\"https:\\\/\\\/orientaeduc.com\\\/archivo\\\/blog\\\/general\\\/sobre-el-desastroso-servicio-de-autobuses-urbanos-en-burgos-y-la-desinformacion-en-el-ayuntamiento#primaryimage\",\"url\":\"https:\\\/\\\/orientaeduc.com\\\/archivos\\\/wp-content\\\/uploads\\\/sites\\\/2\\\/buses-burgos-2.jpg\",\"contentUrl\":\"https:\\\/\\\/orientaeduc.com\\\/archivos\\\/wp-content\\\/uploads\\\/sites\\\/2\\\/buses-burgos-2.jpg\"},{\"@type\":\"BreadcrumbList\",\"@id\":\"https:\\\/\\\/orientaeduc.com\\\/archivo\\\/blog\\\/general\\\/sobre-el-desastroso-servicio-de-autobuses-urbanos-en-burgos-y-la-desinformacion-en-el-ayuntamiento#breadcrumb\",\"itemListElement\":[{\"@type\":\"ListItem\",\"position\":1,\"name\":\"Portada\",\"item\":\"https:\\\/\\\/orientaeduc.com\\\/archivo\"},{\"@type\":\"ListItem\",\"position\":2,\"name\":\"Sobre el desastroso servicio de autobuses urbanos en Burgos y la desinformaci\u00f3n en el Ayuntamiento\"}]},{\"@type\":\"WebSite\",\"@id\":\"https:\\\/\\\/orientaeduc.com\\\/archivo\\\/#website\",\"url\":\"https:\\\/\\\/orientaeduc.com\\\/archivo\\\/\",\"name\":\"Orientaeduc\",\"description\":\"Recursos para la Orientaci\u00f3n Educativa\",\"publisher\":{\"@id\":\"https:\\\/\\\/orientaeduc.com\\\/archivo\\\/#organization\"},\"potentialAction\":[{\"@type\":\"SearchAction\",\"target\":{\"@type\":\"EntryPoint\",\"urlTemplate\":\"https:\\\/\\\/orientaeduc.com\\\/archivo\\\/?s={search_term_string}\"},\"query-input\":{\"@type\":\"PropertyValueSpecification\",\"valueRequired\":true,\"valueName\":\"search_term_string\"}}],\"inLanguage\":\"es\"},{\"@type\":\"Organization\",\"@id\":\"https:\\\/\\\/orientaeduc.com\\\/archivo\\\/#organization\",\"name\":\"Orientaeduc.com\",\"url\":\"https:\\\/\\\/orientaeduc.com\\\/archivo\\\/\",\"logo\":{\"@type\":\"ImageObject\",\"inLanguage\":\"es\",\"@id\":\"https:\\\/\\\/orientaeduc.com\\\/archivo\\\/#\\\/schema\\\/logo\\\/image\\\/\",\"url\":\"https:\\\/\\\/orientaeduc.com\\\/archivo\\\/wp-content\\\/uploads\\\/sites\\\/2\\\/2020\\\/04\\\/orientaeduc_logo.png\",\"contentUrl\":\"https:\\\/\\\/orientaeduc.com\\\/archivo\\\/wp-content\\\/uploads\\\/sites\\\/2\\\/2020\\\/04\\\/orientaeduc_logo.png\",\"width\":293,\"height\":76,\"caption\":\"Orientaeduc.com\"},\"image\":{\"@id\":\"https:\\\/\\\/orientaeduc.com\\\/archivo\\\/#\\\/schema\\\/logo\\\/image\\\/\"}},{\"@type\":\"Person\",\"@id\":\"https:\\\/\\\/orientaeduc.com\\\/archivo\\\/#\\\/schema\\\/person\\\/ca93077e3b8d4a14ff357012e2e9a41d\",\"name\":\"lbarriocanal\",\"image\":{\"@type\":\"ImageObject\",\"inLanguage\":\"es\",\"@id\":\"https:\\\/\\\/secure.gravatar.com\\\/avatar\\\/1f6884c182c7dd4f0f5329225cdf4f117f103647fc99811ff87bd059d99aae38?s=96&d=mm&r=g\",\"url\":\"https:\\\/\\\/secure.gravatar.com\\\/avatar\\\/1f6884c182c7dd4f0f5329225cdf4f117f103647fc99811ff87bd059d99aae38?s=96&d=mm&r=g\",\"contentUrl\":\"https:\\\/\\\/secure.gravatar.com\\\/avatar\\\/1f6884c182c7dd4f0f5329225cdf4f117f103647fc99811ff87bd059d99aae38?s=96&d=mm&r=g\",\"caption\":\"lbarriocanal\"},\"sameAs\":[\"https:\\\/\\\/www.facebook.com\\\/lbarriocanal\",\"https:\\\/\\\/www.youtube.com\\\/user\\\/lbarriocanal\\\/\"]}]}<\/script>\n<!-- \/ Yoast SEO plugin. -->","yoast_head_json":{"title":"Sobre el desastroso servicio de autobuses urbanos en Burgos y la desinformaci\u00f3n en el Ayuntamiento - Orientaeduc","robots":{"index":"index","follow":"follow","max-snippet":"max-snippet:-1","max-image-preview":"max-image-preview:large","max-video-preview":"max-video-preview:-1"},"canonical":"https:\/\/orientaeduc.com\/archivo\/blog\/general\/sobre-el-desastroso-servicio-de-autobuses-urbanos-en-burgos-y-la-desinformacion-en-el-ayuntamiento","og_locale":"es_ES","og_type":"article","og_title":"Sobre el desastroso servicio de autobuses urbanos en Burgos y la desinformaci\u00f3n en el Ayuntamiento - Orientaeduc","og_description":"El viernes 14 de diciembre me dispuse a coger el autob\u00fas urbano al barrio de Fuentecillas desde la parada de la Avda. del Arlanz\u00f3n. Por mucho que busqu\u00e9 no consegu\u00ed encontrar all\u00ed informaci\u00f3n alguna sobre los horarios y el recorrido de esta l\u00ednea que, seg\u00fan se informa en la web del Ayuntamiento, lleva ya m\u00e1s [&hellip;]","og_url":"https:\/\/orientaeduc.com\/archivo\/blog\/general\/sobre-el-desastroso-servicio-de-autobuses-urbanos-en-burgos-y-la-desinformacion-en-el-ayuntamiento","og_site_name":"Orientaeduc","article_author":"https:\/\/www.facebook.com\/lbarriocanal","article_published_time":"2007-12-17T18:46:05+00:00","article_modified_time":"2020-04-07T18:32:00+00:00","og_image":[{"url":"https:\/\/orientaeduc.com\/archivos\/wp-content\/uploads\/sites\/2\/buses-burgos-2.jpg","type":"","width":"","height":""}],"author":"lbarriocanal","twitter_card":"summary_large_image","twitter_misc":{"Escrito por":"lbarriocanal","Tiempo de lectura":"2 minutos"},"schema":{"@context":"https:\/\/schema.org","@graph":[{"@type":"Article","@id":"https:\/\/orientaeduc.com\/archivo\/blog\/general\/sobre-el-desastroso-servicio-de-autobuses-urbanos-en-burgos-y-la-desinformacion-en-el-ayuntamiento#article","isPartOf":{"@id":"https:\/\/orientaeduc.com\/archivo\/blog\/general\/sobre-el-desastroso-servicio-de-autobuses-urbanos-en-burgos-y-la-desinformacion-en-el-ayuntamiento"},"author":{"name":"lbarriocanal","@id":"https:\/\/orientaeduc.com\/archivo\/#\/schema\/person\/ca93077e3b8d4a14ff357012e2e9a41d"},"headline":"Sobre el desastroso servicio de autobuses urbanos en Burgos y la desinformaci\u00f3n en el Ayuntamiento","datePublished":"2007-12-17T18:46:05+00:00","dateModified":"2020-04-07T18:32:00+00:00","mainEntityOfPage":{"@id":"https:\/\/orientaeduc.com\/archivo\/blog\/general\/sobre-el-desastroso-servicio-de-autobuses-urbanos-en-burgos-y-la-desinformacion-en-el-ayuntamiento"},"wordCount":435,"commentCount":7,"publisher":{"@id":"https:\/\/orientaeduc.com\/archivo\/#organization"},"image":{"@id":"https:\/\/orientaeduc.com\/archivo\/blog\/general\/sobre-el-desastroso-servicio-de-autobuses-urbanos-en-burgos-y-la-desinformacion-en-el-ayuntamiento#primaryimage"},"thumbnailUrl":"https:\/\/orientaeduc.com\/archivos\/wp-content\/uploads\/sites\/2\/buses-burgos-2.jpg","articleSection":["Miscel\u00e1nea"],"inLanguage":"es","potentialAction":[{"@type":"CommentAction","name":"Comment","target":["https:\/\/orientaeduc.com\/archivo\/blog\/general\/sobre-el-desastroso-servicio-de-autobuses-urbanos-en-burgos-y-la-desinformacion-en-el-ayuntamiento#respond"]}]},{"@type":"WebPage","@id":"https:\/\/orientaeduc.com\/archivo\/blog\/general\/sobre-el-desastroso-servicio-de-autobuses-urbanos-en-burgos-y-la-desinformacion-en-el-ayuntamiento","url":"https:\/\/orientaeduc.com\/archivo\/blog\/general\/sobre-el-desastroso-servicio-de-autobuses-urbanos-en-burgos-y-la-desinformacion-en-el-ayuntamiento","name":"Sobre el desastroso servicio de autobuses urbanos en Burgos y la desinformaci\u00f3n en el Ayuntamiento - Orientaeduc","isPartOf":{"@id":"https:\/\/orientaeduc.com\/archivo\/#website"},"primaryImageOfPage":{"@id":"https:\/\/orientaeduc.com\/archivo\/blog\/general\/sobre-el-desastroso-servicio-de-autobuses-urbanos-en-burgos-y-la-desinformacion-en-el-ayuntamiento#primaryimage"},"image":{"@id":"https:\/\/orientaeduc.com\/archivo\/blog\/general\/sobre-el-desastroso-servicio-de-autobuses-urbanos-en-burgos-y-la-desinformacion-en-el-ayuntamiento#primaryimage"},"thumbnailUrl":"https:\/\/orientaeduc.com\/archivos\/wp-content\/uploads\/sites\/2\/buses-burgos-2.jpg","datePublished":"2007-12-17T18:46:05+00:00","dateModified":"2020-04-07T18:32:00+00:00","breadcrumb":{"@id":"https:\/\/orientaeduc.com\/archivo\/blog\/general\/sobre-el-desastroso-servicio-de-autobuses-urbanos-en-burgos-y-la-desinformacion-en-el-ayuntamiento#breadcrumb"},"inLanguage":"es","potentialAction":[{"@type":"ReadAction","target":["https:\/\/orientaeduc.com\/archivo\/blog\/general\/sobre-el-desastroso-servicio-de-autobuses-urbanos-en-burgos-y-la-desinformacion-en-el-ayuntamiento"]}]},{"@type":"ImageObject","inLanguage":"es","@id":"https:\/\/orientaeduc.com\/archivo\/blog\/general\/sobre-el-desastroso-servicio-de-autobuses-urbanos-en-burgos-y-la-desinformacion-en-el-ayuntamiento#primaryimage","url":"https:\/\/orientaeduc.com\/archivos\/wp-content\/uploads\/sites\/2\/buses-burgos-2.jpg","contentUrl":"https:\/\/orientaeduc.com\/archivos\/wp-content\/uploads\/sites\/2\/buses-burgos-2.jpg"},{"@type":"BreadcrumbList","@id":"https:\/\/orientaeduc.com\/archivo\/blog\/general\/sobre-el-desastroso-servicio-de-autobuses-urbanos-en-burgos-y-la-desinformacion-en-el-ayuntamiento#breadcrumb","itemListElement":[{"@type":"ListItem","position":1,"name":"Portada","item":"https:\/\/orientaeduc.com\/archivo"},{"@type":"ListItem","position":2,"name":"Sobre el desastroso servicio de autobuses urbanos en Burgos y la desinformaci\u00f3n en el Ayuntamiento"}]},{"@type":"WebSite","@id":"https:\/\/orientaeduc.com\/archivo\/#website","url":"https:\/\/orientaeduc.com\/archivo\/","name":"Orientaeduc","description":"Recursos para la Orientaci\u00f3n Educativa","publisher":{"@id":"https:\/\/orientaeduc.com\/archivo\/#organization"},"potentialAction":[{"@type":"SearchAction","target":{"@type":"EntryPoint","urlTemplate":"https:\/\/orientaeduc.com\/archivo\/?s={search_term_string}"},"query-input":{"@type":"PropertyValueSpecification","valueRequired":true,"valueName":"search_term_string"}}],"inLanguage":"es"},{"@type":"Organization","@id":"https:\/\/orientaeduc.com\/archivo\/#organization","name":"Orientaeduc.com","url":"https:\/\/orientaeduc.com\/archivo\/","logo":{"@type":"ImageObject","inLanguage":"es","@id":"https:\/\/orientaeduc.com\/archivo\/#\/schema\/logo\/image\/","url":"https:\/\/orientaeduc.com\/archivo\/wp-content\/uploads\/sites\/2\/2020\/04\/orientaeduc_logo.png","contentUrl":"https:\/\/orientaeduc.com\/archivo\/wp-content\/uploads\/sites\/2\/2020\/04\/orientaeduc_logo.png","width":293,"height":76,"caption":"Orientaeduc.com"},"image":{"@id":"https:\/\/orientaeduc.com\/archivo\/#\/schema\/logo\/image\/"}},{"@type":"Person","@id":"https:\/\/orientaeduc.com\/archivo\/#\/schema\/person\/ca93077e3b8d4a14ff357012e2e9a41d","name":"lbarriocanal","image":{"@type":"ImageObject","inLanguage":"es","@id":"https:\/\/secure.gravatar.com\/avatar\/1f6884c182c7dd4f0f5329225cdf4f117f103647fc99811ff87bd059d99aae38?s=96&d=mm&r=g","url":"https:\/\/secure.gravatar.com\/avatar\/1f6884c182c7dd4f0f5329225cdf4f117f103647fc99811ff87bd059d99aae38?s=96&d=mm&r=g","contentUrl":"https:\/\/secure.gravatar.com\/avatar\/1f6884c182c7dd4f0f5329225cdf4f117f103647fc99811ff87bd059d99aae38?s=96&d=mm&r=g","caption":"lbarriocanal"},"sameAs":["https:\/\/www.facebook.com\/lbarriocanal","https:\/\/www.youtube.com\/user\/lbarriocanal\/"]}]}},"_links":{"self":[{"href":"https:\/\/orientaeduc.com\/archivo\/wp-json\/wp\/v2\/posts\/692","targetHints":{"allow":["GET"]}}],"collection":[{"href":"https:\/\/orientaeduc.com\/archivo\/wp-json\/wp\/v2\/posts"}],"about":[{"href":"https:\/\/orientaeduc.com\/archivo\/wp-json\/wp\/v2\/types\/post"}],"author":[{"embeddable":true,"href":"https:\/\/orientaeduc.com\/archivo\/wp-json\/wp\/v2\/users\/4"}],"replies":[{"embeddable":true,"href":"https:\/\/orientaeduc.com\/archivo\/wp-json\/wp\/v2\/comments?post=692"}],"version-history":[{"count":0,"href":"https:\/\/orientaeduc.com\/archivo\/wp-json\/wp\/v2\/posts\/692\/revisions"}],"wp:attachment":[{"href":"https:\/\/orientaeduc.com\/archivo\/wp-json\/wp\/v2\/media?parent=692"}],"wp:term":[{"taxonomy":"category","embeddable":true,"href":"https:\/\/orientaeduc.com\/archivo\/wp-json\/wp\/v2\/categories?post=692"},{"taxonomy":"post_tag","embeddable":true,"href":"https:\/\/orientaeduc.com\/archivo\/wp-json\/wp\/v2\/tags?post=692"}],"curies":[{"name":"wp","href":"https:\/\/api.w.org\/{rel}","templated":true}]}}