{"id":709,"date":"2008-06-26T17:37:37","date_gmt":"2008-06-26T16:37:37","guid":{"rendered":"https:\/\/orientaeduc.com\/archivos\/2008\/no-pienso-comprarme-un-portatil\/"},"modified":"2020-04-12T11:32:01","modified_gmt":"2020-04-12T11:32:01","slug":"no-pienso-comprarme-un-portatil","status":"publish","type":"post","link":"https:\/\/orientaeduc.com\/archivo\/blog\/general\/no-pienso-comprarme-un-portatil","title":{"rendered":"No pienso comprarme un MacBook"},"content":{"rendered":"<p>No. No pienso comprarme un port\u00e1til. Estoy esperando que Red.es, el MEC, la Consejer\u00eda o la madre que lo pari\u00f3 nos env\u00ede un Mac al instituto. Despu\u00e9s de todo ya nos han tra\u00eddo 8 Pc port\u00e1tiles sin hab\u00e9rselos pedido y sin que nadie los necesitara. Ya estoy harto de tenerme que llevar al insti el iMac de casa cada vez que quiero hacer algo sin acabar odiando la tecnolog\u00eda.<\/p>\n<p>Y tampoco pienso volver a trabajar con el pu\u00f1etero windios.<br \/>\n<br style=\"clear: both;\" \/><\/p>\n<div class=\"center-block\" style=\"width: 100%; padding-left: 1%; padding-right: 1%; padding-bottom: 1em;\">\n<div style=\"text-align: center; position: relative; padding-bottom: 81.52%; overflow: hidden;\">\n<iframe style=\"position: absolute; display: block; top: 0; left: 0; width: 100%; height: 100%; border: 1px solid #CCC; border-width: 1px;\" src=\"\/\/www.slideshare.net\/slideshow\/embed_code\/key\/zrIUdFwxwPuBSU\" allowfullscreen=\"allowfullscreen\"><\/iframe>\n<\/div>\n<div style=\"margin-bottom: 5px;\"><strong> <a title=\"Este Plan No Avanza\" href=\"\/\/www.slideshare.net\/lbarriocanal\/este-plan-no-avanza\" target=\"_blank\" rel=\"noopener noreferrer\">Este Plan No Avanza<\/a> <\/strong> from <strong><a href=\"https:\/\/www.slideshare.net\/lbarriocanal\" target=\"_blank\" rel=\"noopener noreferrer\">Luis Barriocanal<\/a><\/strong><\/div>\n<div><\/div>\n<\/div>\n","protected":false},"excerpt":{"rendered":"<p>No. No pienso comprarme un port\u00e1til. Estoy esperando que Red.es, el MEC, la Consejer\u00eda o la madre que lo pari\u00f3 nos env\u00ede un Mac al instituto. Despu\u00e9s de todo ya nos han tra\u00eddo 8 Pc port\u00e1tiles sin hab\u00e9rselos pedido y sin que nadie los necesitara. Ya estoy harto de tenerme que llevar al insti el [&hellip;]<\/p>\n","protected":false},"author":4,"featured_media":2186,"comment_status":"open","ping_status":"open","sticky":false,"template":"","format":"standard","meta":{"_et_pb_use_builder":"","_et_pb_old_content":"","_et_gb_content_width":"","footnotes":""},"categories":[9,3],"tags":[],"class_list":["post-709","post","type-post","status-publish","format-standard","has-post-thumbnail","hentry","category-mac","category-general","et-has-post-format-content","et_post_format-et-post-format-standard"],"yoast_head":"<!-- This site is optimized with the Yoast SEO plugin v27.4 - https:\/\/yoast.com\/product\/yoast-seo-wordpress\/ -->\n<title>No pienso comprarme un MacBook - Orientaeduc<\/title>\n<meta name=\"robots\" content=\"index, follow, max-snippet:-1, max-image-preview:large, max-video-preview:-1\" \/>\n<link rel=\"canonical\" href=\"https:\/\/orientaeduc.com\/archivo\/blog\/general\/no-pienso-comprarme-un-portatil\" \/>\n<meta property=\"og:locale\" content=\"es_ES\" \/>\n<meta property=\"og:type\" content=\"article\" \/>\n<meta property=\"og:title\" content=\"No pienso comprarme un MacBook - Orientaeduc\" \/>\n<meta property=\"og:description\" content=\"No. No pienso comprarme un port\u00e1til. Estoy esperando que Red.es, el MEC, la Consejer\u00eda o la madre que lo pari\u00f3 nos env\u00ede un Mac al instituto. Despu\u00e9s de todo ya nos han tra\u00eddo 8 Pc port\u00e1tiles sin hab\u00e9rselos pedido y sin que nadie los necesitara. Ya estoy harto de tenerme que llevar al insti el [&hellip;]\" \/>\n<meta property=\"og:url\" content=\"https:\/\/orientaeduc.com\/archivo\/blog\/general\/no-pienso-comprarme-un-portatil\" \/>\n<meta property=\"og:site_name\" content=\"Orientaeduc\" \/>\n<meta property=\"article:author\" content=\"https:\/\/www.facebook.com\/lbarriocanal\" \/>\n<meta property=\"article:published_time\" content=\"2008-06-26T16:37:37+00:00\" \/>\n<meta property=\"article:modified_time\" content=\"2020-04-12T11:32:01+00:00\" \/>\n<meta property=\"og:image\" content=\"https:\/\/storage.googleapis.com\/orientaeduc\/2008\/06\/nopienso.jpg\" \/>\n\t<meta property=\"og:image:width\" content=\"640\" \/>\n\t<meta property=\"og:image:height\" content=\"476\" \/>\n\t<meta property=\"og:image:type\" content=\"image\/jpeg\" \/>\n<meta name=\"author\" content=\"lbarriocanal\" \/>\n<meta name=\"twitter:card\" content=\"summary_large_image\" \/>\n<meta name=\"twitter:label1\" content=\"Escrito por\" \/>\n\t<meta name=\"twitter:data1\" content=\"lbarriocanal\" \/>\n<script type=\"application\/ld+json\" class=\"yoast-schema-graph\">{\"@context\":\"https:\\\/\\\/schema.org\",\"@graph\":[{\"@type\":\"Article\",\"@id\":\"https:\\\/\\\/orientaeduc.com\\\/archivo\\\/blog\\\/general\\\/no-pienso-comprarme-un-portatil#article\",\"isPartOf\":{\"@id\":\"https:\\\/\\\/orientaeduc.com\\\/archivo\\\/blog\\\/general\\\/no-pienso-comprarme-un-portatil\"},\"author\":{\"name\":\"lbarriocanal\",\"@id\":\"https:\\\/\\\/orientaeduc.com\\\/archivo\\\/#\\\/schema\\\/person\\\/ca93077e3b8d4a14ff357012e2e9a41d\"},\"headline\":\"No pienso comprarme un MacBook\",\"datePublished\":\"2008-06-26T16:37:37+00:00\",\"dateModified\":\"2020-04-12T11:32:01+00:00\",\"mainEntityOfPage\":{\"@id\":\"https:\\\/\\\/orientaeduc.com\\\/archivo\\\/blog\\\/general\\\/no-pienso-comprarme-un-portatil\"},\"wordCount\":100,\"commentCount\":5,\"publisher\":{\"@id\":\"https:\\\/\\\/orientaeduc.com\\\/archivo\\\/#organization\"},\"image\":{\"@id\":\"https:\\\/\\\/orientaeduc.com\\\/archivo\\\/blog\\\/general\\\/no-pienso-comprarme-un-portatil#primaryimage\"},\"thumbnailUrl\":\"https:\\\/\\\/storage.googleapis.com\\\/orientaeduc\\\/2008\\\/06\\\/nopienso.jpg\",\"articleSection\":[\"MacOS\",\"Miscel\u00e1nea\"],\"inLanguage\":\"es\",\"potentialAction\":[{\"@type\":\"CommentAction\",\"name\":\"Comment\",\"target\":[\"https:\\\/\\\/orientaeduc.com\\\/archivo\\\/blog\\\/general\\\/no-pienso-comprarme-un-portatil#respond\"]}]},{\"@type\":\"WebPage\",\"@id\":\"https:\\\/\\\/orientaeduc.com\\\/archivo\\\/blog\\\/general\\\/no-pienso-comprarme-un-portatil\",\"url\":\"https:\\\/\\\/orientaeduc.com\\\/archivo\\\/blog\\\/general\\\/no-pienso-comprarme-un-portatil\",\"name\":\"No pienso comprarme un MacBook - Orientaeduc\",\"isPartOf\":{\"@id\":\"https:\\\/\\\/orientaeduc.com\\\/archivo\\\/#website\"},\"primaryImageOfPage\":{\"@id\":\"https:\\\/\\\/orientaeduc.com\\\/archivo\\\/blog\\\/general\\\/no-pienso-comprarme-un-portatil#primaryimage\"},\"image\":{\"@id\":\"https:\\\/\\\/orientaeduc.com\\\/archivo\\\/blog\\\/general\\\/no-pienso-comprarme-un-portatil#primaryimage\"},\"thumbnailUrl\":\"https:\\\/\\\/storage.googleapis.com\\\/orientaeduc\\\/2008\\\/06\\\/nopienso.jpg\",\"datePublished\":\"2008-06-26T16:37:37+00:00\",\"dateModified\":\"2020-04-12T11:32:01+00:00\",\"breadcrumb\":{\"@id\":\"https:\\\/\\\/orientaeduc.com\\\/archivo\\\/blog\\\/general\\\/no-pienso-comprarme-un-portatil#breadcrumb\"},\"inLanguage\":\"es\",\"potentialAction\":[{\"@type\":\"ReadAction\",\"target\":[\"https:\\\/\\\/orientaeduc.com\\\/archivo\\\/blog\\\/general\\\/no-pienso-comprarme-un-portatil\"]}]},{\"@type\":\"ImageObject\",\"inLanguage\":\"es\",\"@id\":\"https:\\\/\\\/orientaeduc.com\\\/archivo\\\/blog\\\/general\\\/no-pienso-comprarme-un-portatil#primaryimage\",\"url\":\"https:\\\/\\\/storage.googleapis.com\\\/orientaeduc\\\/2008\\\/06\\\/nopienso.jpg\",\"contentUrl\":\"https:\\\/\\\/storage.googleapis.com\\\/orientaeduc\\\/2008\\\/06\\\/nopienso.jpg\",\"width\":640,\"height\":476},{\"@type\":\"BreadcrumbList\",\"@id\":\"https:\\\/\\\/orientaeduc.com\\\/archivo\\\/blog\\\/general\\\/no-pienso-comprarme-un-portatil#breadcrumb\",\"itemListElement\":[{\"@type\":\"ListItem\",\"position\":1,\"name\":\"Portada\",\"item\":\"https:\\\/\\\/orientaeduc.com\\\/archivo\"},{\"@type\":\"ListItem\",\"position\":2,\"name\":\"No pienso comprarme un MacBook\"}]},{\"@type\":\"WebSite\",\"@id\":\"https:\\\/\\\/orientaeduc.com\\\/archivo\\\/#website\",\"url\":\"https:\\\/\\\/orientaeduc.com\\\/archivo\\\/\",\"name\":\"Orientaeduc\",\"description\":\"Recursos para la Orientaci\u00f3n Educativa\",\"publisher\":{\"@id\":\"https:\\\/\\\/orientaeduc.com\\\/archivo\\\/#organization\"},\"potentialAction\":[{\"@type\":\"SearchAction\",\"target\":{\"@type\":\"EntryPoint\",\"urlTemplate\":\"https:\\\/\\\/orientaeduc.com\\\/archivo\\\/?s={search_term_string}\"},\"query-input\":{\"@type\":\"PropertyValueSpecification\",\"valueRequired\":true,\"valueName\":\"search_term_string\"}}],\"inLanguage\":\"es\"},{\"@type\":\"Organization\",\"@id\":\"https:\\\/\\\/orientaeduc.com\\\/archivo\\\/#organization\",\"name\":\"Orientaeduc.com\",\"url\":\"https:\\\/\\\/orientaeduc.com\\\/archivo\\\/\",\"logo\":{\"@type\":\"ImageObject\",\"inLanguage\":\"es\",\"@id\":\"https:\\\/\\\/orientaeduc.com\\\/archivo\\\/#\\\/schema\\\/logo\\\/image\\\/\",\"url\":\"https:\\\/\\\/orientaeduc.com\\\/archivo\\\/wp-content\\\/uploads\\\/sites\\\/2\\\/2020\\\/04\\\/orientaeduc_logo.png\",\"contentUrl\":\"https:\\\/\\\/orientaeduc.com\\\/archivo\\\/wp-content\\\/uploads\\\/sites\\\/2\\\/2020\\\/04\\\/orientaeduc_logo.png\",\"width\":293,\"height\":76,\"caption\":\"Orientaeduc.com\"},\"image\":{\"@id\":\"https:\\\/\\\/orientaeduc.com\\\/archivo\\\/#\\\/schema\\\/logo\\\/image\\\/\"}},{\"@type\":\"Person\",\"@id\":\"https:\\\/\\\/orientaeduc.com\\\/archivo\\\/#\\\/schema\\\/person\\\/ca93077e3b8d4a14ff357012e2e9a41d\",\"name\":\"lbarriocanal\",\"image\":{\"@type\":\"ImageObject\",\"inLanguage\":\"es\",\"@id\":\"https:\\\/\\\/secure.gravatar.com\\\/avatar\\\/1f6884c182c7dd4f0f5329225cdf4f117f103647fc99811ff87bd059d99aae38?s=96&d=mm&r=g\",\"url\":\"https:\\\/\\\/secure.gravatar.com\\\/avatar\\\/1f6884c182c7dd4f0f5329225cdf4f117f103647fc99811ff87bd059d99aae38?s=96&d=mm&r=g\",\"contentUrl\":\"https:\\\/\\\/secure.gravatar.com\\\/avatar\\\/1f6884c182c7dd4f0f5329225cdf4f117f103647fc99811ff87bd059d99aae38?s=96&d=mm&r=g\",\"caption\":\"lbarriocanal\"},\"sameAs\":[\"https:\\\/\\\/www.facebook.com\\\/lbarriocanal\",\"https:\\\/\\\/www.youtube.com\\\/user\\\/lbarriocanal\\\/\"]}]}<\/script>\n<!-- \/ Yoast SEO plugin. -->","yoast_head_json":{"title":"No pienso comprarme un MacBook - Orientaeduc","robots":{"index":"index","follow":"follow","max-snippet":"max-snippet:-1","max-image-preview":"max-image-preview:large","max-video-preview":"max-video-preview:-1"},"canonical":"https:\/\/orientaeduc.com\/archivo\/blog\/general\/no-pienso-comprarme-un-portatil","og_locale":"es_ES","og_type":"article","og_title":"No pienso comprarme un MacBook - Orientaeduc","og_description":"No. No pienso comprarme un port\u00e1til. Estoy esperando que Red.es, el MEC, la Consejer\u00eda o la madre que lo pari\u00f3 nos env\u00ede un Mac al instituto. Despu\u00e9s de todo ya nos han tra\u00eddo 8 Pc port\u00e1tiles sin hab\u00e9rselos pedido y sin que nadie los necesitara. Ya estoy harto de tenerme que llevar al insti el [&hellip;]","og_url":"https:\/\/orientaeduc.com\/archivo\/blog\/general\/no-pienso-comprarme-un-portatil","og_site_name":"Orientaeduc","article_author":"https:\/\/www.facebook.com\/lbarriocanal","article_published_time":"2008-06-26T16:37:37+00:00","article_modified_time":"2020-04-12T11:32:01+00:00","og_image":[{"width":640,"height":476,"url":"https:\/\/storage.googleapis.com\/orientaeduc\/2008\/06\/nopienso.jpg","type":"image\/jpeg"}],"author":"lbarriocanal","twitter_card":"summary_large_image","twitter_misc":{"Escrito por":"lbarriocanal"},"schema":{"@context":"https:\/\/schema.org","@graph":[{"@type":"Article","@id":"https:\/\/orientaeduc.com\/archivo\/blog\/general\/no-pienso-comprarme-un-portatil#article","isPartOf":{"@id":"https:\/\/orientaeduc.com\/archivo\/blog\/general\/no-pienso-comprarme-un-portatil"},"author":{"name":"lbarriocanal","@id":"https:\/\/orientaeduc.com\/archivo\/#\/schema\/person\/ca93077e3b8d4a14ff357012e2e9a41d"},"headline":"No pienso comprarme un MacBook","datePublished":"2008-06-26T16:37:37+00:00","dateModified":"2020-04-12T11:32:01+00:00","mainEntityOfPage":{"@id":"https:\/\/orientaeduc.com\/archivo\/blog\/general\/no-pienso-comprarme-un-portatil"},"wordCount":100,"commentCount":5,"publisher":{"@id":"https:\/\/orientaeduc.com\/archivo\/#organization"},"image":{"@id":"https:\/\/orientaeduc.com\/archivo\/blog\/general\/no-pienso-comprarme-un-portatil#primaryimage"},"thumbnailUrl":"https:\/\/storage.googleapis.com\/orientaeduc\/2008\/06\/nopienso.jpg","articleSection":["MacOS","Miscel\u00e1nea"],"inLanguage":"es","potentialAction":[{"@type":"CommentAction","name":"Comment","target":["https:\/\/orientaeduc.com\/archivo\/blog\/general\/no-pienso-comprarme-un-portatil#respond"]}]},{"@type":"WebPage","@id":"https:\/\/orientaeduc.com\/archivo\/blog\/general\/no-pienso-comprarme-un-portatil","url":"https:\/\/orientaeduc.com\/archivo\/blog\/general\/no-pienso-comprarme-un-portatil","name":"No pienso comprarme un MacBook - Orientaeduc","isPartOf":{"@id":"https:\/\/orientaeduc.com\/archivo\/#website"},"primaryImageOfPage":{"@id":"https:\/\/orientaeduc.com\/archivo\/blog\/general\/no-pienso-comprarme-un-portatil#primaryimage"},"image":{"@id":"https:\/\/orientaeduc.com\/archivo\/blog\/general\/no-pienso-comprarme-un-portatil#primaryimage"},"thumbnailUrl":"https:\/\/storage.googleapis.com\/orientaeduc\/2008\/06\/nopienso.jpg","datePublished":"2008-06-26T16:37:37+00:00","dateModified":"2020-04-12T11:32:01+00:00","breadcrumb":{"@id":"https:\/\/orientaeduc.com\/archivo\/blog\/general\/no-pienso-comprarme-un-portatil#breadcrumb"},"inLanguage":"es","potentialAction":[{"@type":"ReadAction","target":["https:\/\/orientaeduc.com\/archivo\/blog\/general\/no-pienso-comprarme-un-portatil"]}]},{"@type":"ImageObject","inLanguage":"es","@id":"https:\/\/orientaeduc.com\/archivo\/blog\/general\/no-pienso-comprarme-un-portatil#primaryimage","url":"https:\/\/storage.googleapis.com\/orientaeduc\/2008\/06\/nopienso.jpg","contentUrl":"https:\/\/storage.googleapis.com\/orientaeduc\/2008\/06\/nopienso.jpg","width":640,"height":476},{"@type":"BreadcrumbList","@id":"https:\/\/orientaeduc.com\/archivo\/blog\/general\/no-pienso-comprarme-un-portatil#breadcrumb","itemListElement":[{"@type":"ListItem","position":1,"name":"Portada","item":"https:\/\/orientaeduc.com\/archivo"},{"@type":"ListItem","position":2,"name":"No pienso comprarme un MacBook"}]},{"@type":"WebSite","@id":"https:\/\/orientaeduc.com\/archivo\/#website","url":"https:\/\/orientaeduc.com\/archivo\/","name":"Orientaeduc","description":"Recursos para la Orientaci\u00f3n Educativa","publisher":{"@id":"https:\/\/orientaeduc.com\/archivo\/#organization"},"potentialAction":[{"@type":"SearchAction","target":{"@type":"EntryPoint","urlTemplate":"https:\/\/orientaeduc.com\/archivo\/?s={search_term_string}"},"query-input":{"@type":"PropertyValueSpecification","valueRequired":true,"valueName":"search_term_string"}}],"inLanguage":"es"},{"@type":"Organization","@id":"https:\/\/orientaeduc.com\/archivo\/#organization","name":"Orientaeduc.com","url":"https:\/\/orientaeduc.com\/archivo\/","logo":{"@type":"ImageObject","inLanguage":"es","@id":"https:\/\/orientaeduc.com\/archivo\/#\/schema\/logo\/image\/","url":"https:\/\/orientaeduc.com\/archivo\/wp-content\/uploads\/sites\/2\/2020\/04\/orientaeduc_logo.png","contentUrl":"https:\/\/orientaeduc.com\/archivo\/wp-content\/uploads\/sites\/2\/2020\/04\/orientaeduc_logo.png","width":293,"height":76,"caption":"Orientaeduc.com"},"image":{"@id":"https:\/\/orientaeduc.com\/archivo\/#\/schema\/logo\/image\/"}},{"@type":"Person","@id":"https:\/\/orientaeduc.com\/archivo\/#\/schema\/person\/ca93077e3b8d4a14ff357012e2e9a41d","name":"lbarriocanal","image":{"@type":"ImageObject","inLanguage":"es","@id":"https:\/\/secure.gravatar.com\/avatar\/1f6884c182c7dd4f0f5329225cdf4f117f103647fc99811ff87bd059d99aae38?s=96&d=mm&r=g","url":"https:\/\/secure.gravatar.com\/avatar\/1f6884c182c7dd4f0f5329225cdf4f117f103647fc99811ff87bd059d99aae38?s=96&d=mm&r=g","contentUrl":"https:\/\/secure.gravatar.com\/avatar\/1f6884c182c7dd4f0f5329225cdf4f117f103647fc99811ff87bd059d99aae38?s=96&d=mm&r=g","caption":"lbarriocanal"},"sameAs":["https:\/\/www.facebook.com\/lbarriocanal","https:\/\/www.youtube.com\/user\/lbarriocanal\/"]}]}},"_links":{"self":[{"href":"https:\/\/orientaeduc.com\/archivo\/wp-json\/wp\/v2\/posts\/709","targetHints":{"allow":["GET"]}}],"collection":[{"href":"https:\/\/orientaeduc.com\/archivo\/wp-json\/wp\/v2\/posts"}],"about":[{"href":"https:\/\/orientaeduc.com\/archivo\/wp-json\/wp\/v2\/types\/post"}],"author":[{"embeddable":true,"href":"https:\/\/orientaeduc.com\/archivo\/wp-json\/wp\/v2\/users\/4"}],"replies":[{"embeddable":true,"href":"https:\/\/orientaeduc.com\/archivo\/wp-json\/wp\/v2\/comments?post=709"}],"version-history":[{"count":0,"href":"https:\/\/orientaeduc.com\/archivo\/wp-json\/wp\/v2\/posts\/709\/revisions"}],"wp:featuredmedia":[{"embeddable":true,"href":"https:\/\/orientaeduc.com\/archivo\/wp-json\/wp\/v2\/media\/2186"}],"wp:attachment":[{"href":"https:\/\/orientaeduc.com\/archivo\/wp-json\/wp\/v2\/media?parent=709"}],"wp:term":[{"taxonomy":"category","embeddable":true,"href":"https:\/\/orientaeduc.com\/archivo\/wp-json\/wp\/v2\/categories?post=709"},{"taxonomy":"post_tag","embeddable":true,"href":"https:\/\/orientaeduc.com\/archivo\/wp-json\/wp\/v2\/tags?post=709"}],"curies":[{"name":"wp","href":"https:\/\/api.w.org\/{rel}","templated":true}]}}