{"id":722,"date":"2010-10-30T19:59:56","date_gmt":"2010-10-30T19:59:56","guid":{"rendered":"https:\/\/orientaeduc.com\/archivos\/2010\/recordando-a-carlos-santos\/"},"modified":"2020-04-13T15:00:25","modified_gmt":"2020-04-13T15:00:25","slug":"recordando-a-carlos-santos","status":"publish","type":"post","link":"https:\/\/orientaeduc.com\/archivo\/blog\/edublogs\/recordando-a-carlos-santos","title":{"rendered":"Recordando a Carlos Santos"},"content":{"rendered":"<p>Una recopilaci\u00f3n de im\u00e1genes de diferentes eventos en los que tan buenos ratos compartimos con nuestro amigo Carlos Santos. Las fotos pertenecen a Aulablog, V\u00edctor Cuevas, Antonio Fumero, Isidro Vidal, Josu Garro, Loly Gago, Lourdes Domenech, Paco Mu\u00f1oz y el propio Carlos Santos. Puede que tambi\u00e9n a alguien m\u00e1s.<\/p>\n<p><!--more--><\/p>\n<p>Casi todas las fotos proceden de Flickr<\/p>\n<p><a title=\"Recordando a Carlos 3\" href=\"https:\/\/www.flickr.com\/photos\/43563429@N08\/galleries\/72157625233514298\" data-flickr-embed=\"true\" data-footer=\"true\"><img loading=\"lazy\" decoding=\"async\" src=\"https:\/\/live.staticflickr.com\/187\/410415033_8b7b9d05e9_c.jpg\" alt=\"Recordando a Carlos 3\" width=\"800\" height=\"599\" \/><\/a><script async src=\"\/\/embedr.flickr.com\/assets\/client-code.js\" charset=\"utf-8\"><\/script><\/p>\n<p>&nbsp;<\/p>\n<p>Y hay m\u00e1s fotos en:<\/p>\n<ul>\n<li><a href=\"https:\/\/www.flickr.com\/photos\/vitigudino65\/2642290377\/in\/gallery-43563429@N08-72157624985077563\/lightbox\/\">https:\/\/www.flickr.com\/photos\/vitigudino65\/2642290377\/in\/gallery-43563429@N08-72157624985077563\/lightbox\/<\/a> y en<\/li>\n<\/ul>\n<ul>\n<li><a href=\"https:\/\/www.flickr.com\/photos\/sekeirox\/244143152\/in\/gallery-43563429@N08-72157625109792570\/lightbox\/\">https:\/\/www.flickr.com\/photos\/sekeirox\/244143152\/in\/gallery-43563429@N08-72157625109792570\/lightbox\/<\/a><\/li>\n<\/ul>\n<p>Nuestro particular homenaje a Carlos: <a href=\"https:\/\/recordandoacarlos.blogspot.com\/\">https:\/\/recordandoacarlos.blogspot.com\/<\/a><\/p>\n","protected":false},"excerpt":{"rendered":"<p>Una recopilaci\u00f3n de im\u00e1genes de diferentes eventos en los que tan buenos ratos compartimos con nuestro amigo Carlos Santos. Las fotos pertenecen a Aulablog, V\u00edctor Cuevas, Antonio Fumero, Isidro Vidal, Josu Garro, Loly Gago, Lourdes Domenech, Paco Mu\u00f1oz y el propio Carlos Santos. Puede que tambi\u00e9n a alguien m\u00e1s.<\/p>\n","protected":false},"author":4,"featured_media":0,"comment_status":"open","ping_status":"open","sticky":false,"template":"","format":"standard","meta":{"_et_pb_use_builder":"","_et_pb_old_content":"","_et_gb_content_width":"","footnotes":""},"categories":[6],"tags":[97],"class_list":["post-722","post","type-post","status-publish","format-standard","hentry","category-edublogs","tag-video","et_post_format-et-post-format-video","et-has-post-format-content"],"yoast_head":"<!-- This site is optimized with the Yoast SEO plugin v27.4 - https:\/\/yoast.com\/product\/yoast-seo-wordpress\/ -->\n<title>Recordando a Carlos Santos - Orientaeduc<\/title>\n<meta name=\"robots\" content=\"index, follow, max-snippet:-1, max-image-preview:large, max-video-preview:-1\" \/>\n<link rel=\"canonical\" href=\"https:\/\/orientaeduc.com\/archivo\/blog\/edublogs\/recordando-a-carlos-santos\" \/>\n<meta property=\"og:locale\" content=\"es_ES\" \/>\n<meta property=\"og:type\" content=\"article\" \/>\n<meta property=\"og:title\" content=\"Recordando a Carlos Santos - Orientaeduc\" \/>\n<meta property=\"og:description\" content=\"Una recopilaci\u00f3n de im\u00e1genes de diferentes eventos en los que tan buenos ratos compartimos con nuestro amigo Carlos Santos. Las fotos pertenecen a Aulablog, V\u00edctor Cuevas, Antonio Fumero, Isidro Vidal, Josu Garro, Loly Gago, Lourdes Domenech, Paco Mu\u00f1oz y el propio Carlos Santos. Puede que tambi\u00e9n a alguien m\u00e1s.\" \/>\n<meta property=\"og:url\" content=\"https:\/\/orientaeduc.com\/archivo\/blog\/edublogs\/recordando-a-carlos-santos\" \/>\n<meta property=\"og:site_name\" content=\"Orientaeduc\" \/>\n<meta property=\"article:author\" content=\"https:\/\/www.facebook.com\/lbarriocanal\" \/>\n<meta property=\"article:published_time\" content=\"2010-10-30T19:59:56+00:00\" \/>\n<meta property=\"article:modified_time\" content=\"2020-04-13T15:00:25+00:00\" \/>\n<meta property=\"og:image\" content=\"https:\/\/live.staticflickr.com\/187\/410415033_8b7b9d05e9_c.jpg\" \/>\n<meta name=\"author\" content=\"lbarriocanal\" \/>\n<meta name=\"twitter:card\" content=\"summary_large_image\" \/>\n<meta name=\"twitter:label1\" content=\"Escrito por\" \/>\n\t<meta name=\"twitter:data1\" content=\"lbarriocanal\" \/>\n\t<meta name=\"twitter:label2\" content=\"Tiempo de lectura\" \/>\n\t<meta name=\"twitter:data2\" content=\"1 minuto\" \/>\n<script type=\"application\/ld+json\" class=\"yoast-schema-graph\">{\"@context\":\"https:\\\/\\\/schema.org\",\"@graph\":[{\"@type\":\"Article\",\"@id\":\"https:\\\/\\\/orientaeduc.com\\\/archivo\\\/blog\\\/edublogs\\\/recordando-a-carlos-santos#article\",\"isPartOf\":{\"@id\":\"https:\\\/\\\/orientaeduc.com\\\/archivo\\\/blog\\\/edublogs\\\/recordando-a-carlos-santos\"},\"author\":{\"name\":\"lbarriocanal\",\"@id\":\"https:\\\/\\\/orientaeduc.com\\\/archivo\\\/#\\\/schema\\\/person\\\/ca93077e3b8d4a14ff357012e2e9a41d\"},\"headline\":\"Recordando a Carlos Santos\",\"datePublished\":\"2010-10-30T19:59:56+00:00\",\"dateModified\":\"2020-04-13T15:00:25+00:00\",\"mainEntityOfPage\":{\"@id\":\"https:\\\/\\\/orientaeduc.com\\\/archivo\\\/blog\\\/edublogs\\\/recordando-a-carlos-santos\"},\"wordCount\":106,\"commentCount\":4,\"publisher\":{\"@id\":\"https:\\\/\\\/orientaeduc.com\\\/archivo\\\/#organization\"},\"image\":{\"@id\":\"https:\\\/\\\/orientaeduc.com\\\/archivo\\\/blog\\\/edublogs\\\/recordando-a-carlos-santos#primaryimage\"},\"thumbnailUrl\":\"https:\\\/\\\/live.staticflickr.com\\\/187\\\/410415033_8b7b9d05e9_c.jpg\",\"keywords\":[\"video\"],\"articleSection\":[\"Blogosfera Educativa\"],\"inLanguage\":\"es\",\"potentialAction\":[{\"@type\":\"CommentAction\",\"name\":\"Comment\",\"target\":[\"https:\\\/\\\/orientaeduc.com\\\/archivo\\\/blog\\\/edublogs\\\/recordando-a-carlos-santos#respond\"]}]},{\"@type\":\"WebPage\",\"@id\":\"https:\\\/\\\/orientaeduc.com\\\/archivo\\\/blog\\\/edublogs\\\/recordando-a-carlos-santos\",\"url\":\"https:\\\/\\\/orientaeduc.com\\\/archivo\\\/blog\\\/edublogs\\\/recordando-a-carlos-santos\",\"name\":\"Recordando a Carlos Santos - Orientaeduc\",\"isPartOf\":{\"@id\":\"https:\\\/\\\/orientaeduc.com\\\/archivo\\\/#website\"},\"primaryImageOfPage\":{\"@id\":\"https:\\\/\\\/orientaeduc.com\\\/archivo\\\/blog\\\/edublogs\\\/recordando-a-carlos-santos#primaryimage\"},\"image\":{\"@id\":\"https:\\\/\\\/orientaeduc.com\\\/archivo\\\/blog\\\/edublogs\\\/recordando-a-carlos-santos#primaryimage\"},\"thumbnailUrl\":\"https:\\\/\\\/live.staticflickr.com\\\/187\\\/410415033_8b7b9d05e9_c.jpg\",\"datePublished\":\"2010-10-30T19:59:56+00:00\",\"dateModified\":\"2020-04-13T15:00:25+00:00\",\"breadcrumb\":{\"@id\":\"https:\\\/\\\/orientaeduc.com\\\/archivo\\\/blog\\\/edublogs\\\/recordando-a-carlos-santos#breadcrumb\"},\"inLanguage\":\"es\",\"potentialAction\":[{\"@type\":\"ReadAction\",\"target\":[\"https:\\\/\\\/orientaeduc.com\\\/archivo\\\/blog\\\/edublogs\\\/recordando-a-carlos-santos\"]}]},{\"@type\":\"ImageObject\",\"inLanguage\":\"es\",\"@id\":\"https:\\\/\\\/orientaeduc.com\\\/archivo\\\/blog\\\/edublogs\\\/recordando-a-carlos-santos#primaryimage\",\"url\":\"https:\\\/\\\/live.staticflickr.com\\\/187\\\/410415033_8b7b9d05e9_c.jpg\",\"contentUrl\":\"https:\\\/\\\/live.staticflickr.com\\\/187\\\/410415033_8b7b9d05e9_c.jpg\"},{\"@type\":\"BreadcrumbList\",\"@id\":\"https:\\\/\\\/orientaeduc.com\\\/archivo\\\/blog\\\/edublogs\\\/recordando-a-carlos-santos#breadcrumb\",\"itemListElement\":[{\"@type\":\"ListItem\",\"position\":1,\"name\":\"Portada\",\"item\":\"https:\\\/\\\/orientaeduc.com\\\/archivo\"},{\"@type\":\"ListItem\",\"position\":2,\"name\":\"Recordando a Carlos Santos\"}]},{\"@type\":\"WebSite\",\"@id\":\"https:\\\/\\\/orientaeduc.com\\\/archivo\\\/#website\",\"url\":\"https:\\\/\\\/orientaeduc.com\\\/archivo\\\/\",\"name\":\"Orientaeduc\",\"description\":\"Recursos para la Orientaci\u00f3n Educativa\",\"publisher\":{\"@id\":\"https:\\\/\\\/orientaeduc.com\\\/archivo\\\/#organization\"},\"potentialAction\":[{\"@type\":\"SearchAction\",\"target\":{\"@type\":\"EntryPoint\",\"urlTemplate\":\"https:\\\/\\\/orientaeduc.com\\\/archivo\\\/?s={search_term_string}\"},\"query-input\":{\"@type\":\"PropertyValueSpecification\",\"valueRequired\":true,\"valueName\":\"search_term_string\"}}],\"inLanguage\":\"es\"},{\"@type\":\"Organization\",\"@id\":\"https:\\\/\\\/orientaeduc.com\\\/archivo\\\/#organization\",\"name\":\"Orientaeduc.com\",\"url\":\"https:\\\/\\\/orientaeduc.com\\\/archivo\\\/\",\"logo\":{\"@type\":\"ImageObject\",\"inLanguage\":\"es\",\"@id\":\"https:\\\/\\\/orientaeduc.com\\\/archivo\\\/#\\\/schema\\\/logo\\\/image\\\/\",\"url\":\"https:\\\/\\\/orientaeduc.com\\\/archivo\\\/wp-content\\\/uploads\\\/sites\\\/2\\\/2020\\\/04\\\/orientaeduc_logo.png\",\"contentUrl\":\"https:\\\/\\\/orientaeduc.com\\\/archivo\\\/wp-content\\\/uploads\\\/sites\\\/2\\\/2020\\\/04\\\/orientaeduc_logo.png\",\"width\":293,\"height\":76,\"caption\":\"Orientaeduc.com\"},\"image\":{\"@id\":\"https:\\\/\\\/orientaeduc.com\\\/archivo\\\/#\\\/schema\\\/logo\\\/image\\\/\"}},{\"@type\":\"Person\",\"@id\":\"https:\\\/\\\/orientaeduc.com\\\/archivo\\\/#\\\/schema\\\/person\\\/ca93077e3b8d4a14ff357012e2e9a41d\",\"name\":\"lbarriocanal\",\"image\":{\"@type\":\"ImageObject\",\"inLanguage\":\"es\",\"@id\":\"https:\\\/\\\/secure.gravatar.com\\\/avatar\\\/1f6884c182c7dd4f0f5329225cdf4f117f103647fc99811ff87bd059d99aae38?s=96&d=mm&r=g\",\"url\":\"https:\\\/\\\/secure.gravatar.com\\\/avatar\\\/1f6884c182c7dd4f0f5329225cdf4f117f103647fc99811ff87bd059d99aae38?s=96&d=mm&r=g\",\"contentUrl\":\"https:\\\/\\\/secure.gravatar.com\\\/avatar\\\/1f6884c182c7dd4f0f5329225cdf4f117f103647fc99811ff87bd059d99aae38?s=96&d=mm&r=g\",\"caption\":\"lbarriocanal\"},\"sameAs\":[\"https:\\\/\\\/www.facebook.com\\\/lbarriocanal\",\"https:\\\/\\\/www.youtube.com\\\/user\\\/lbarriocanal\\\/\"]}]}<\/script>\n<!-- \/ Yoast SEO plugin. -->","yoast_head_json":{"title":"Recordando a Carlos Santos - Orientaeduc","robots":{"index":"index","follow":"follow","max-snippet":"max-snippet:-1","max-image-preview":"max-image-preview:large","max-video-preview":"max-video-preview:-1"},"canonical":"https:\/\/orientaeduc.com\/archivo\/blog\/edublogs\/recordando-a-carlos-santos","og_locale":"es_ES","og_type":"article","og_title":"Recordando a Carlos Santos - Orientaeduc","og_description":"Una recopilaci\u00f3n de im\u00e1genes de diferentes eventos en los que tan buenos ratos compartimos con nuestro amigo Carlos Santos. Las fotos pertenecen a Aulablog, V\u00edctor Cuevas, Antonio Fumero, Isidro Vidal, Josu Garro, Loly Gago, Lourdes Domenech, Paco Mu\u00f1oz y el propio Carlos Santos. Puede que tambi\u00e9n a alguien m\u00e1s.","og_url":"https:\/\/orientaeduc.com\/archivo\/blog\/edublogs\/recordando-a-carlos-santos","og_site_name":"Orientaeduc","article_author":"https:\/\/www.facebook.com\/lbarriocanal","article_published_time":"2010-10-30T19:59:56+00:00","article_modified_time":"2020-04-13T15:00:25+00:00","og_image":[{"url":"https:\/\/live.staticflickr.com\/187\/410415033_8b7b9d05e9_c.jpg","type":"","width":"","height":""}],"author":"lbarriocanal","twitter_card":"summary_large_image","twitter_misc":{"Escrito por":"lbarriocanal","Tiempo de lectura":"1 minuto"},"schema":{"@context":"https:\/\/schema.org","@graph":[{"@type":"Article","@id":"https:\/\/orientaeduc.com\/archivo\/blog\/edublogs\/recordando-a-carlos-santos#article","isPartOf":{"@id":"https:\/\/orientaeduc.com\/archivo\/blog\/edublogs\/recordando-a-carlos-santos"},"author":{"name":"lbarriocanal","@id":"https:\/\/orientaeduc.com\/archivo\/#\/schema\/person\/ca93077e3b8d4a14ff357012e2e9a41d"},"headline":"Recordando a Carlos Santos","datePublished":"2010-10-30T19:59:56+00:00","dateModified":"2020-04-13T15:00:25+00:00","mainEntityOfPage":{"@id":"https:\/\/orientaeduc.com\/archivo\/blog\/edublogs\/recordando-a-carlos-santos"},"wordCount":106,"commentCount":4,"publisher":{"@id":"https:\/\/orientaeduc.com\/archivo\/#organization"},"image":{"@id":"https:\/\/orientaeduc.com\/archivo\/blog\/edublogs\/recordando-a-carlos-santos#primaryimage"},"thumbnailUrl":"https:\/\/live.staticflickr.com\/187\/410415033_8b7b9d05e9_c.jpg","keywords":["video"],"articleSection":["Blogosfera Educativa"],"inLanguage":"es","potentialAction":[{"@type":"CommentAction","name":"Comment","target":["https:\/\/orientaeduc.com\/archivo\/blog\/edublogs\/recordando-a-carlos-santos#respond"]}]},{"@type":"WebPage","@id":"https:\/\/orientaeduc.com\/archivo\/blog\/edublogs\/recordando-a-carlos-santos","url":"https:\/\/orientaeduc.com\/archivo\/blog\/edublogs\/recordando-a-carlos-santos","name":"Recordando a Carlos Santos - Orientaeduc","isPartOf":{"@id":"https:\/\/orientaeduc.com\/archivo\/#website"},"primaryImageOfPage":{"@id":"https:\/\/orientaeduc.com\/archivo\/blog\/edublogs\/recordando-a-carlos-santos#primaryimage"},"image":{"@id":"https:\/\/orientaeduc.com\/archivo\/blog\/edublogs\/recordando-a-carlos-santos#primaryimage"},"thumbnailUrl":"https:\/\/live.staticflickr.com\/187\/410415033_8b7b9d05e9_c.jpg","datePublished":"2010-10-30T19:59:56+00:00","dateModified":"2020-04-13T15:00:25+00:00","breadcrumb":{"@id":"https:\/\/orientaeduc.com\/archivo\/blog\/edublogs\/recordando-a-carlos-santos#breadcrumb"},"inLanguage":"es","potentialAction":[{"@type":"ReadAction","target":["https:\/\/orientaeduc.com\/archivo\/blog\/edublogs\/recordando-a-carlos-santos"]}]},{"@type":"ImageObject","inLanguage":"es","@id":"https:\/\/orientaeduc.com\/archivo\/blog\/edublogs\/recordando-a-carlos-santos#primaryimage","url":"https:\/\/live.staticflickr.com\/187\/410415033_8b7b9d05e9_c.jpg","contentUrl":"https:\/\/live.staticflickr.com\/187\/410415033_8b7b9d05e9_c.jpg"},{"@type":"BreadcrumbList","@id":"https:\/\/orientaeduc.com\/archivo\/blog\/edublogs\/recordando-a-carlos-santos#breadcrumb","itemListElement":[{"@type":"ListItem","position":1,"name":"Portada","item":"https:\/\/orientaeduc.com\/archivo"},{"@type":"ListItem","position":2,"name":"Recordando a Carlos Santos"}]},{"@type":"WebSite","@id":"https:\/\/orientaeduc.com\/archivo\/#website","url":"https:\/\/orientaeduc.com\/archivo\/","name":"Orientaeduc","description":"Recursos para la Orientaci\u00f3n Educativa","publisher":{"@id":"https:\/\/orientaeduc.com\/archivo\/#organization"},"potentialAction":[{"@type":"SearchAction","target":{"@type":"EntryPoint","urlTemplate":"https:\/\/orientaeduc.com\/archivo\/?s={search_term_string}"},"query-input":{"@type":"PropertyValueSpecification","valueRequired":true,"valueName":"search_term_string"}}],"inLanguage":"es"},{"@type":"Organization","@id":"https:\/\/orientaeduc.com\/archivo\/#organization","name":"Orientaeduc.com","url":"https:\/\/orientaeduc.com\/archivo\/","logo":{"@type":"ImageObject","inLanguage":"es","@id":"https:\/\/orientaeduc.com\/archivo\/#\/schema\/logo\/image\/","url":"https:\/\/orientaeduc.com\/archivo\/wp-content\/uploads\/sites\/2\/2020\/04\/orientaeduc_logo.png","contentUrl":"https:\/\/orientaeduc.com\/archivo\/wp-content\/uploads\/sites\/2\/2020\/04\/orientaeduc_logo.png","width":293,"height":76,"caption":"Orientaeduc.com"},"image":{"@id":"https:\/\/orientaeduc.com\/archivo\/#\/schema\/logo\/image\/"}},{"@type":"Person","@id":"https:\/\/orientaeduc.com\/archivo\/#\/schema\/person\/ca93077e3b8d4a14ff357012e2e9a41d","name":"lbarriocanal","image":{"@type":"ImageObject","inLanguage":"es","@id":"https:\/\/secure.gravatar.com\/avatar\/1f6884c182c7dd4f0f5329225cdf4f117f103647fc99811ff87bd059d99aae38?s=96&d=mm&r=g","url":"https:\/\/secure.gravatar.com\/avatar\/1f6884c182c7dd4f0f5329225cdf4f117f103647fc99811ff87bd059d99aae38?s=96&d=mm&r=g","contentUrl":"https:\/\/secure.gravatar.com\/avatar\/1f6884c182c7dd4f0f5329225cdf4f117f103647fc99811ff87bd059d99aae38?s=96&d=mm&r=g","caption":"lbarriocanal"},"sameAs":["https:\/\/www.facebook.com\/lbarriocanal","https:\/\/www.youtube.com\/user\/lbarriocanal\/"]}]}},"_links":{"self":[{"href":"https:\/\/orientaeduc.com\/archivo\/wp-json\/wp\/v2\/posts\/722","targetHints":{"allow":["GET"]}}],"collection":[{"href":"https:\/\/orientaeduc.com\/archivo\/wp-json\/wp\/v2\/posts"}],"about":[{"href":"https:\/\/orientaeduc.com\/archivo\/wp-json\/wp\/v2\/types\/post"}],"author":[{"embeddable":true,"href":"https:\/\/orientaeduc.com\/archivo\/wp-json\/wp\/v2\/users\/4"}],"replies":[{"embeddable":true,"href":"https:\/\/orientaeduc.com\/archivo\/wp-json\/wp\/v2\/comments?post=722"}],"version-history":[{"count":0,"href":"https:\/\/orientaeduc.com\/archivo\/wp-json\/wp\/v2\/posts\/722\/revisions"}],"wp:attachment":[{"href":"https:\/\/orientaeduc.com\/archivo\/wp-json\/wp\/v2\/media?parent=722"}],"wp:term":[{"taxonomy":"category","embeddable":true,"href":"https:\/\/orientaeduc.com\/archivo\/wp-json\/wp\/v2\/categories?post=722"},{"taxonomy":"post_tag","embeddable":true,"href":"https:\/\/orientaeduc.com\/archivo\/wp-json\/wp\/v2\/tags?post=722"}],"curies":[{"name":"wp","href":"https:\/\/api.w.org\/{rel}","templated":true}]}}